{"id":38855,"date":"2024-01-16T09:54:31","date_gmt":"2024-01-16T12:54:31","guid":{"rendered":"https:\/\/radiorevelacionfm.cl\/?p=38855"},"modified":"2024-01-16T09:54:31","modified_gmt":"2024-01-16T12:54:31","slug":"ponen-en-marcha-estabilizacion-de-carpeta-con-suelo-cemento-y-sello-asfaltico-en-la-comuna-de-chile-chico","status":"publish","type":"post","link":"https:\/\/radiorevelacionfm.cl\/?p=38855","title":{"rendered":"Ponen en marcha estabilizaci\u00f3n de carpeta con suelo-cemento y sello asf\u00e1ltico en la comuna de Chile Chico"},"content":{"rendered":"<div class=\"flex_column av_one_full  flex_column_div av-zero-column-padding first  avia-builder-el-0  el_before_av_one_full  avia-builder-el-first  \" style='border-radius:0px; '><div  class='avia-image-container  av-styling-    avia-builder-el-1  avia-builder-el-no-sibling  avia-align-center '  itemprop=\"image\" itemscope=\"itemscope\" itemtype=\"https:\/\/schema.org\/ImageObject\"  ><div class='avia-image-container-inner'><div class='avia-image-overlay-wrap'><img decoding=\"async\" class='wp-image-38856 avia-img-lazy-loading-not-38856 avia_image' src=\"https:\/\/radiorevelacionfm.cl\/wp-content\/uploads\/2024\/01\/chile-chico-1_optimized-1.jpg\" alt='' title='chile-chico-(1)_optimized (1)' height=\"600\" width=\"900\"  itemprop=\"thumbnailUrl\" srcset=\"https:\/\/radiorevelacionfm.cl\/wp-content\/uploads\/2024\/01\/chile-chico-1_optimized-1.jpg 900w, https:\/\/radiorevelacionfm.cl\/wp-content\/uploads\/2024\/01\/chile-chico-1_optimized-1-300x200.jpg 300w, https:\/\/radiorevelacionfm.cl\/wp-content\/uploads\/2024\/01\/chile-chico-1_optimized-1-768x512.jpg 768w, https:\/\/radiorevelacionfm.cl\/wp-content\/uploads\/2024\/01\/chile-chico-1_optimized-1-705x470.jpg 705w, https:\/\/radiorevelacionfm.cl\/wp-content\/uploads\/2024\/01\/chile-chico-1_optimized-1-450x300.jpg 450w, https:\/\/radiorevelacionfm.cl\/wp-content\/uploads\/2024\/01\/chile-chico-1_optimized-1-600x400.jpg 600w\" sizes=\"(max-width: 900px) 100vw, 900px\" \/><\/div><\/div><\/div><\/div><div class=\"flex_column av_one_full  flex_column_div av-zero-column-padding first  avia-builder-el-2  el_after_av_one_full  el_before_av_one_full  column-top-margin\" style='border-radius:0px; '><section class=\"av_textblock_section \"  itemscope=\"itemscope\" itemtype=\"https:\/\/schema.org\/BlogPosting\" itemprop=\"blogPost\" ><div class='avia_textblock  '   itemprop=\"text\" ><p style=\"text-align: center;\"><strong><span style=\"font-size: 18pt;\">Ponen en marcha estabilizaci\u00f3n de carpeta con suelo-cemento y sello asf\u00e1ltico en la comuna de Chile Chico<\/span><\/strong><\/p>\n<div id=\"gtx-trans\" style=\"position: absolute; left: -50px; top: 4.31534px;\">\n<div class=\"gtx-trans-icon\"><\/div>\n<\/div>\n<\/div><\/section><\/div><div class=\"flex_column av_one_full  flex_column_div av-zero-column-padding first  avia-builder-el-4  el_after_av_one_full  el_before_av_hr  column-top-margin\" style='border-radius:0px; '><section class=\"av_textblock_section \"  itemscope=\"itemscope\" itemtype=\"https:\/\/schema.org\/BlogPosting\" itemprop=\"blogPost\" ><div class='avia_textblock  '   itemprop=\"text\" ><p style=\"text-align: justify;\"><em>\u201cLas obras que se extender\u00e1n por 12 kil\u00f3metros en la Ruta 265 CH, sector r\u00edo El Ba\u00f1o-puente V\u00e1squez, consideran una inversi\u00f3n de la Direcci\u00f3n Regional de Vialidad MOP que supera los $ 2 mil millones; as\u00ed tambi\u00e9n, por primera vez se integra a empresas privadas para la ejecuci\u00f3n de trabajos con esta nueva modalidad, los que tienen como finalidad entregar una v\u00eda en \u00f3ptimas condiciones, con mayor confort y seguridad para el tr\u00e1nsito vehicular. <\/em>Con ello, materializamos lo requerido por nuestro presidente Boric que es buscar f\u00f3rmulas para mejorar la Ruta 7, as\u00ed como tambi\u00e9n, el compromiso contra\u00eddo de la ministra MOP Jessica L\u00f3pez de avanzar con este tipo de soluciones en otros caminos de la red vial regional\u201d, afirm\u00f3 el SEREMI del MOP.<\/p>\n<p style=\"text-align: justify;\">El Secretario Regional Ministerial de Obras P\u00fablicas, Patricio Sanhueza, junto al Delegado Presidencial de la Provincia General Carrera Crist\u00f3bal Barcel\u00f3, los Concejales por \u00a0la comuna de Chile Chico Mario Figueroa, Ariel Keim y Lidia Soto y el Director Regional de Vialidad Renzo Sanders Cort\u00e9s y equipo viajaron hasta la Ruta 265 CH, sector r\u00edo El Ba\u00f1o-puente V\u00e1squez, para poner en marcha las obras de estabilizaci\u00f3n de carpetas con suelo-cemento y sellos asf\u00e1lticos en 12 kil\u00f3metros de extensi\u00f3n ubicados en la comuna de Chile Chico.<\/p>\n<p style=\"text-align: justify;\">En esta ocasi\u00f3n, el SEREMI de Obras P\u00fablicas, luego de poner en marcha las obras y efectuar un recorrido por toda la extensi\u00f3n del contrato, coment\u00f3: \u201cEl presidente en su visita a la regi\u00f3n nos pidi\u00f3 que no era suficiente avanzar con 140 kil\u00f3metros de pavimento, y que se requer\u00eda buscar f\u00f3rmulas para continuar este proceso en los caminos b\u00e1sicos con soluciones alternativas como son los sellos asf\u00e1lticos y suelos cemento. Lo que el a\u00f1o pasado era un sue\u00f1o, hoy es una realidad, y hoy son 108 kil\u00f3metros en donde ya tenemos soluciones. Por un lado, mediante el trabajo de nuestro personal en la Oficina Provincial de Vialidad en Capit\u00e1n Prat v\u00eda administraci\u00f3n directa, y por otro lado, hoy con estas obras estamos dando un salto cualitativo, porque incorporamos a la empresa privada para que aborde la conservaci\u00f3n de caminos con esta soluci\u00f3n en la que se incluye sello asf\u00e1ltico que extiende la vida \u00fatil del camino en a lo menos 4 a\u00f1os, espec\u00edficamente en este contrato de 12 kil\u00f3metros -el que es equivalente al 10% de la Ruta 265-CH- y en el que se considera una inversi\u00f3n que supera los 2 mil millones de pesos. De esta forma, estamos mejorando las condiciones de confort para las personas usuarias, as\u00ed como tambi\u00e9n se disminuyen y optimizan los recursos en las mantenciones de los caminos\u201d.<\/p>\n<p style=\"text-align: justify;\">La Direcci\u00f3n de Vialidad est\u00e1 incorporando en distintas Rutas de la regi\u00f3n la estabilizaci\u00f3n de las carpetas mediante suelo\/cemento para posteriormente sellarlos mediante un tratamiento simple en base a productos asfalticos, dando una mayor durabilidad a las carpetas granulares, lo que permitir\u00e1 un mejor confort para las personas usuarias en el tr\u00e1nsito por los caminos y rutas. En esta l\u00ednea, Patricio Sanhueza detall\u00f3: \u201cDe los 108 kil\u00f3metros, ya tenemos aprobados alrededor de 34 kil\u00f3metros a trav\u00e9s de contratos espec\u00edficos y estamos adportas de adjudicar por esta misma modalidad un contrato en el sector Cerro Galera, en la comuna de Coyhaique. De esta manera, vamos a poder mejorar las condiciones de los caminos en las comunas de Lago Verde, Cisnes y muy fuertemente en la comuna de Chile Chico en la Ruta 265, pero tambi\u00e9n en 18 kil\u00f3metros m\u00e1s que esperamos poder licitar dentro del primer trimestre de este a\u00f1o 2024 y que considera abordar los callejones Falc\u00f3n, Fournier y Vel\u00e1squez, cuatro kil\u00f3metros en el camino al Aer\u00f3dromo de Chile Chico y en Bah\u00eda Jara; entonces la intervenci\u00f3n comunal es tremenda. Estamos muy contentos, porque el proyecto que tenemos de conservaci\u00f3n incluye a las tres comunas mencionadas y considera una inversi\u00f3n total de 9.200 millones de pesos, lo que forma parte de los anuncios respecto a reactivaci\u00f3n econ\u00f3mica que tenemos considerados para este a\u00f1o 2024, as\u00ed que lo que era un sue\u00f1o el 2022 y el a\u00f1o 2023, hoy es una realidad\u201d.<\/p>\n<p style=\"text-align: justify;\">Por su parte, el Delegado Presidencial de la Provincia General Carrera, Crist\u00f3bal Barcel\u00f3 expres\u00f3 que\u00a0 esperan que este tipo de soluciones se puedan tener en la Ruta completa, en un plazo no tan largo, porque beneficiar\u00e1 a todos quienes transitamos en este camino y agreg\u00f3: \u201cEste tipo de soluciones a mayor plazo es un tremendo beneficio para la comunidad. Este a\u00f1o hay que reconocer que recibimos muchas felicitaciones para Vialidad, para la empresa Flesan por parte de la comunidad, en forma transversal y de todos lados, porque se nota que este a\u00f1o hay un trabajo ordenado, ven maquinaria permanentemente y ven el camino bueno\u201d.<\/p>\n<p style=\"text-align: justify;\">Por su parte, el Director Regional de Vialidad del Ministerio de Obras P\u00fablicas, Renzo Sanders Cort\u00e9s se\u00f1al\u00f3: \u201cDestaco el trabajo de nuestra gente, de los funcionarios y funcionarias de Vialidad, y tambi\u00e9n es el primer hito importante con respecto a la empresa privada, a la empresa Flesan y sus trabajadores con quienes este es el primer contrato de este tipo que estamos haciendo. Nosotros ya hab\u00edamos avanzando con los equipos de la Oficina Provincial de Cochrane, pero este inicio de obras es un hito con la empresa privada, porque son ellos quienes van a trabajar en este camino y van a venir muchas cosas m\u00e1s. Queremos que ustedes -empresa Flesan- sientan que son parte de esto y se sientan orgullosos de lo que est\u00e1n haciendo, porque tambi\u00e9n ustedes son parte de Vialidad; nosotros no estamos solos, necesitamos a la empresa privada, y a nuestros trabajadores, porque esto lo sacamos adelante entre todos, y hay harto por hacer\u201d.<\/p>\n<\/div><\/section><\/div><div  style='height:50px' class='hr hr-invisible   avia-builder-el-6  el_after_av_one_full  el_before_av_social_share '><span class='hr-inner ' ><span class='hr-inner-style'><\/span><\/span><\/div><\/p>\n<div  class='av-social-sharing-box  avia-builder-el-7  el_after_av_hr  el_before_av_hr  '><div class='av-share-box'><h5 class='av-share-link-description av-no-toc '>Compartir esta noticia<\/h5><ul class='av-share-box-list noLightbox'><li class='av-share-link av-social-link-facebook' ><a target=\"_blank\" aria-label=\"Compartir en Facebook\" href='https:\/\/www.facebook.com\/sharer.php?u=https:\/\/radiorevelacionfm.cl\/?p=38855&#038;t=Ponen%20en%20marcha%20estabilizaci%C3%B3n%20de%20carpeta%20con%20suelo-cemento%20y%20sello%20asf%C3%A1ltico%20en%20la%20comuna%20de%20Chile%20Chico' aria-hidden='false' data-av_icon='\ue8f3' data-av_iconfont='entypo-fontello' title='' data-avia-related-tooltip='Compartir en Facebook' rel=\"noopener\"><span class='avia_hidden_link_text'>Compartir en Facebook<\/span><\/a><\/li><li class='av-share-link av-social-link-twitter' ><a target=\"_blank\" aria-label=\"Compartir en Twitter\" href='https:\/\/twitter.com\/share?text=Ponen%20en%20marcha%20estabilizaci%C3%B3n%20de%20carpeta%20con%20suelo-cemento%20y%20sello%20asf%C3%A1ltico%20en%20la%20comuna%20de%20Chile%20Chico&#038;url=https:\/\/radiorevelacionfm.cl\/?p=38855' aria-hidden='false' data-av_icon='\ue8f1' data-av_iconfont='entypo-fontello' title='' data-avia-related-tooltip='Compartir en Twitter' rel=\"noopener\"><span class='avia_hidden_link_text'>Compartir en Twitter<\/span><\/a><\/li><li class='av-share-link av-social-link-whatsapp' ><a target=\"_blank\" aria-label=\"Compartir en Whatsapp\" href='https:\/\/api.whatsapp.com\/send?text=https:\/\/radiorevelacionfm.cl\/?p=38855' aria-hidden='false' data-av_icon='\uf232' data-av_iconfont='entypo-fontello' title='' data-avia-related-tooltip='Compartir en Whatsapp' rel=\"noopener\"><span class='avia_hidden_link_text'>Compartir en Whatsapp<\/span><\/a><\/li><li class='av-share-link av-social-link-linkedin' ><a target=\"_blank\" aria-label=\"Compartir en LinkedIn\" href='https:\/\/linkedin.com\/shareArticle?mini=true&#038;title=Ponen%20en%20marcha%20estabilizaci%C3%B3n%20de%20carpeta%20con%20suelo-cemento%20y%20sello%20asf%C3%A1ltico%20en%20la%20comuna%20de%20Chile%20Chico&#038;url=https:\/\/radiorevelacionfm.cl\/?p=38855' aria-hidden='false' data-av_icon='\ue8fc' data-av_iconfont='entypo-fontello' title='' data-avia-related-tooltip='Compartir en LinkedIn' rel=\"noopener\"><span class='avia_hidden_link_text'>Compartir en LinkedIn<\/span><\/a><\/li><li class='av-share-link av-social-link-mail' ><a  aria-label=\"Compartir por correo\" href='mailto:?subject=Ponen%20en%20marcha%20estabilizaci%C3%B3n%20de%20carpeta%20con%20suelo-cemento%20y%20sello%20asf%C3%A1ltico%20en%20la%20comuna%20de%20Chile%20Chico&#038;body=https:\/\/radiorevelacionfm.cl\/?p=38855' aria-hidden='false' data-av_icon='\ue805' data-av_iconfont='entypo-fontello' title='' data-avia-related-tooltip='Compartir por correo'><span class='avia_hidden_link_text'>Compartir por correo<\/span><\/a><\/li><\/ul><\/div><\/div>\n<div  style='height:50px' class='hr hr-invisible   avia-builder-el-8  el_after_av_social_share  el_before_av_comments_list '><span class='hr-inner ' ><span class='hr-inner-style'><\/span><\/span><\/div>\n<div  class='av-buildercomment  av-blog-meta-html-info-disabled av-blog-meta-tag-disabled  '><\/div>\n","protected":false},"excerpt":{"rendered":"","protected":false},"author":1,"featured_media":38856,"comment_status":"open","ping_status":"open","sticky":false,"template":"","format":"standard","meta":{"footnotes":""},"categories":[38],"tags":[],"class_list":["post-38855","post","type-post","status-publish","format-standard","has-post-thumbnail","hentry","category-regional"],"jetpack_featured_media_url":"https:\/\/radiorevelacionfm.cl\/wp-content\/uploads\/2024\/01\/chile-chico-1_optimized-1.jpg","_links":{"self":[{"href":"https:\/\/radiorevelacionfm.cl\/index.php?rest_route=\/wp\/v2\/posts\/38855","targetHints":{"allow":["GET"]}}],"collection":[{"href":"https:\/\/radiorevelacionfm.cl\/index.php?rest_route=\/wp\/v2\/posts"}],"about":[{"href":"https:\/\/radiorevelacionfm.cl\/index.php?rest_route=\/wp\/v2\/types\/post"}],"author":[{"embeddable":true,"href":"https:\/\/radiorevelacionfm.cl\/index.php?rest_route=\/wp\/v2\/users\/1"}],"replies":[{"embeddable":true,"href":"https:\/\/radiorevelacionfm.cl\/index.php?rest_route=%2Fwp%2Fv2%2Fcomments&post=38855"}],"version-history":[{"count":1,"href":"https:\/\/radiorevelacionfm.cl\/index.php?rest_route=\/wp\/v2\/posts\/38855\/revisions"}],"predecessor-version":[{"id":38857,"href":"https:\/\/radiorevelacionfm.cl\/index.php?rest_route=\/wp\/v2\/posts\/38855\/revisions\/38857"}],"wp:featuredmedia":[{"embeddable":true,"href":"https:\/\/radiorevelacionfm.cl\/index.php?rest_route=\/wp\/v2\/media\/38856"}],"wp:attachment":[{"href":"https:\/\/radiorevelacionfm.cl\/index.php?rest_route=%2Fwp%2Fv2%2Fmedia&parent=38855"}],"wp:term":[{"taxonomy":"category","embeddable":true,"href":"https:\/\/radiorevelacionfm.cl\/index.php?rest_route=%2Fwp%2Fv2%2Fcategories&post=38855"},{"taxonomy":"post_tag","embeddable":true,"href":"https:\/\/radiorevelacionfm.cl\/index.php?rest_route=%2Fwp%2Fv2%2Ftags&post=38855"}],"curies":[{"name":"wp","href":"https:\/\/api.w.org\/{rel}","templated":true}]}}