{"id":38852,"date":"2024-01-16T09:41:35","date_gmt":"2024-01-16T12:41:35","guid":{"rendered":"https:\/\/radiorevelacionfm.cl\/?p=38852"},"modified":"2024-01-16T09:41:35","modified_gmt":"2024-01-16T12:41:35","slug":"lago-pollux-cuenta-con-una-nueva-asociacion-gremial-que-trabajara-la-piedra-laja","status":"publish","type":"post","link":"https:\/\/radiorevelacionfm.cl\/?p=38852","title":{"rendered":"Lago P\u00f3llux cuenta con una nueva Asociaci\u00f3n Gremial que trabajar\u00e1 la piedra laja"},"content":{"rendered":"<div class=\"flex_column av_one_full  flex_column_div av-zero-column-padding first  avia-builder-el-0  el_before_av_one_full  avia-builder-el-first  \" style='border-radius:0px; '><div  class='avia-image-container  av-styling-    avia-builder-el-1  avia-builder-el-no-sibling  avia-align-center '  itemprop=\"image\" itemscope=\"itemscope\" itemtype=\"https:\/\/schema.org\/ImageObject\"  ><div class='avia-image-container-inner'><div class='avia-image-overlay-wrap'><img decoding=\"async\" class='wp-image-38853 avia-img-lazy-loading-not-38853 avia_image' src=\"https:\/\/radiorevelacionfm.cl\/wp-content\/uploads\/2024\/01\/img_4647-1_optimized.jpeg\" alt='' title='img_4647-(1)_optimized' height=\"600\" width=\"800\"  itemprop=\"thumbnailUrl\" srcset=\"https:\/\/radiorevelacionfm.cl\/wp-content\/uploads\/2024\/01\/img_4647-1_optimized.jpeg 800w, https:\/\/radiorevelacionfm.cl\/wp-content\/uploads\/2024\/01\/img_4647-1_optimized-300x225.jpeg 300w, https:\/\/radiorevelacionfm.cl\/wp-content\/uploads\/2024\/01\/img_4647-1_optimized-768x576.jpeg 768w, https:\/\/radiorevelacionfm.cl\/wp-content\/uploads\/2024\/01\/img_4647-1_optimized-705x529.jpeg 705w, https:\/\/radiorevelacionfm.cl\/wp-content\/uploads\/2024\/01\/img_4647-1_optimized-450x338.jpeg 450w, https:\/\/radiorevelacionfm.cl\/wp-content\/uploads\/2024\/01\/img_4647-1_optimized-600x450.jpeg 600w\" sizes=\"(max-width: 800px) 100vw, 800px\" \/><\/div><\/div><\/div><\/div><div class=\"flex_column av_one_full  flex_column_div av-zero-column-padding first  avia-builder-el-2  el_after_av_one_full  el_before_av_one_full  column-top-margin\" style='border-radius:0px; '><section class=\"av_textblock_section \"  itemscope=\"itemscope\" itemtype=\"https:\/\/schema.org\/BlogPosting\" itemprop=\"blogPost\" ><div class='avia_textblock  '   itemprop=\"text\" ><p style=\"text-align: center;\"><span style=\"font-size: 18pt;\"><strong>Lago P\u00f3llux cuenta con una nueva Asociaci\u00f3n Gremial que trabajar\u00e1 la piedra laja<\/strong><\/span><\/p>\n<div id=\"gtx-trans\" style=\"position: absolute; left: -50px; top: 4.31534px;\">\n<div class=\"gtx-trans-icon\"><\/div>\n<\/div>\n<\/div><\/section><\/div><div class=\"flex_column av_one_full  flex_column_div av-zero-column-padding first  avia-builder-el-4  el_after_av_one_full  el_before_av_hr  column-top-margin\" style='border-radius:0px; '><section class=\"av_textblock_section \"  itemscope=\"itemscope\" itemtype=\"https:\/\/schema.org\/BlogPosting\" itemprop=\"blogPost\" ><div class='avia_textblock  '   itemprop=\"text\" ><p style=\"text-align: justify;\">En el marco del Programa FNDR \u201cTransferencia, Fortalecimiento y Fomento Productivo Minero-Artesanal de Rocas Ornamentales\u201d, ejecutado por la Seremi de Miner\u00eda y financiado por el Gobierno Regional de Ays\u00e9n, se realiz\u00f3 este hito que tiene por finalidad la formalizaci\u00f3n de esta nueva Asociaci\u00f3n Gremial de Mineros Artesanales de Roca Ornamental de Lago P\u00f3llux, que cuenta con 25 socios y socias que impulsar\u00e1n y desarrollar\u00e1n la peque\u00f1a miner\u00eda artesanal para fortalecer y propiciar un encadenamiento productivo que mejorar\u00e1 la econom\u00eda del sector.<\/p>\n<p style=\"text-align: justify;\">Desde la d\u00e9cada del 90\u2019 en el sector de Lago P\u00f3llux, comuna de Coyhaique, la familia S\u00e1nchez y otros vecinos, han extra\u00eddo la roca Arenisca Verde en forma de piedra laja, tambi\u00e9n conocida como Aysenita. \u00c9sta es una roca volcano-sedimentaria de color verde formada bajo la superficie de oc\u00e9anos durante el per\u00edodo Cret\u00e1cico, exhibiendo un distintivo color verde debido a la presencia de un mineral llamado clorita, y ha sido utilizada para el revestimiento de edificios, veredas y plazas de Coyhaique desde principios de siglo.<\/p>\n<p style=\"text-align: justify;\">Esta piedra no s\u00f3lo es valiosa desde el punto de vista econ\u00f3mico, sino que tambi\u00e9n representa un patrimonio geol\u00f3gico y cultural para la Regi\u00f3n de Ays\u00e9n. La conexi\u00f3n entre la comunidad y la roca Arenisca Verde en Lago P\u00f3llux, es un testimonio de la capacidad que tienen las comunidades locales para aprovechar sus recursos de manera sostenible y preservar sus tradiciones a lo largo del tiempo.<\/p>\n<p style=\"text-align: justify;\">\u201cEs una roca \u00fanica, solamente la he visto en la comuna de Coyhaique, que se laja naturalmente y es utilizada como revestimiento y la podemos observar en nuestras veredas, en algunos edificios p\u00fablicos gracias al trabajo de la familia de Don Jos\u00e9 S\u00e1nchez y sus hermanos. Estamos super contentos del primer hito del Programa FNDR que culmina el 2025 y la idea es que puedan tecnificar su producci\u00f3n, alimentar el mercado, tanto p\u00fablico como privado, y vamos a generar una identidad a la regi\u00f3n a trav\u00e9s de sus rocas con este material que es totalmente noble, duradero y que se ha utilizado durante cientos de a\u00f1os\u201d, sostuvo Nicol\u00e1s L\u00f3pez, Ge\u00f3logo y Coordinador T\u00e9cnico de la iniciativa.<\/p>\n<p style=\"text-align: justify;\">En contraste con las piedras naturales en su estado bruto, las rocas ornamentales han sido sometidas a una serie de pasos t\u00e9cnicos para resaltar sus propiedades visuales y facilitar su uso en la construcci\u00f3n, dise\u00f1o de interiores y otros fines decorativos. Estos pasos pueden incluir el corte en losas, pulido, y, en algunos casos, tratamientos adicionales para mejorar la resistencia y durabilidad.<\/p>\n<p style=\"text-align: justify;\">La formalizaci\u00f3n de esta Asociaci\u00f3n Gremial es parte del trabajo de la regularizaci\u00f3n que acompa\u00f1a el equipo de la Seremi de Miner\u00eda, quienes tambi\u00e9n trabaja con mineros artesanales de la cuenca del Lago General Carrera en Puerto R\u00edo Tranquilo, Puerto Guadal y Chile Chico. La iniciativa, adem\u00e1s, realizar\u00e1 caracterizaciones de los sitios de extracci\u00f3n, impulsar\u00e1 la infraestructura y dotaci\u00f3n de herramientas para la peque\u00f1a miner\u00eda de las localidades, como tambi\u00e9n, capacitar\u00e1 a las socias y socios en diversos \u00e1mbitos, como seguridad, tecnificaci\u00f3n, negocios, entre otros.<\/p>\n<p style=\"text-align: justify;\">Rodrigo Araya, Delegado Presidencial Regional, destac\u00f3 que \u201cla Seremi de Miner\u00eda, ha hecho un trabajo en los \u00faltimos a\u00f1os muy importante de congregar e invitar a las personas que trabajan en la peque\u00f1a miner\u00eda para que, mediante la asociatividad, se pueda reactivar ese rubro minero y esta A.G. se cre\u00f3 justamente en pos de ese trabajo, que viene a poner en valor este trabajo hist\u00f3rico y es tan significativo que todos los habitantes de la regi\u00f3n la tenemos visibilizada como algo nuestro. Hay una cadena de eventos positivos que se est\u00e1n realizando a trav\u00e9s de este programa, que es financiado por el Gobierno Regional de Ays\u00e9n y que est\u00e1 dentro del mandato de nuestro Presidente; para nuestro Gobierno poder desarrollar las capacidades productivas en las regiones, con una mirada descentralizada, potenciando lo local, es fundamental\u201d.<\/p>\n<p style=\"text-align: justify;\">En esta l\u00ednea de trabajo colaborativo con diferentes actores de la sociedad, se hicieron presentes diversas autoridades de la Regi\u00f3n de Ays\u00e9n, como los Diputados Miguel \u00c1ngel Calisto y Ren\u00e9 Alinco; el Alcalde de la comuna de Coyhaique, Carlos Gatica; los Consejeros Regionales, Marisol Mart\u00ednez y Felipe Klein; el Concejal, Claudio Vidal; la Jefa de la Divisi\u00f3n de Desarrollo Social y Humano del Gobierno Regional, Claudia Cantero y el Rector del CFT Estatal de Ays\u00e9n, V\u00edctor Hugo \u00c1lvarez.<\/p>\n<p style=\"text-align: justify;\">\u201cEl Gobierno Regional financi\u00f3 esta iniciativa con $350 millones que permiti\u00f3 contratar un grupo de profesionales, que son los que est\u00e1n apoyando t\u00e9cnicamente a la Asociaci\u00f3n Gremial, quienes los ayudaron a obtener esa personalidad jur\u00eddica y que desde la mirada de la Gobernadora Regional y del cuerpo del Consejo Regional, quiere apoyar iniciativas que permitan el desarrollo productivo de las comunidades, en este caso con un recurso geol\u00f3gico y natural que han venido trabajando desde hace muchos a\u00f1os y que ahora podr\u00e1n avanzar en las distintas etapas de su producci\u00f3n y dispuestos a darle una identidad a la comuna de Coyhaique y a la regi\u00f3n, haciendo uso de la piedra laja\u201d, indic\u00f3 Marisol Mart\u00ednez, Consejera Regional.<\/p>\n<p style=\"text-align: justify;\">Jos\u00e9 S\u00e1nchez es uno de los productores que ha heredado el trabajo en piedra laja, quien junto a sus hermanos, posee una cantera en el sector y fue uno de los promotores en la formalizaci\u00f3n de esta Asociaci\u00f3n Gremial que hoy ya se encuentra publicada en el Diario Oficial y que cuenta con personalidad jur\u00eddica para desarrollar su trabajo.<\/p>\n<p style=\"text-align: justify;\">\u201cNadie me dijo que no, ahora veo a m\u00e1s gente motivada, donde hay j\u00f3venes y personas con m\u00e1s de 70 a\u00f1os, tambi\u00e9n hay mujeres que se integraron y tienen ganas de participar en los cursos. Estoy muy contento con este proyecto, no s\u00f3lo por m\u00ed, sino por la gente que est\u00e1 detr\u00e1s de m\u00edo, que es mi principal apoyo como organizaci\u00f3n\u201d, a\u00f1adi\u00f3 Jos\u00e9 S\u00e1nchez, Presidente de la Asociaci\u00f3n Gremial de Mineros Artesanales en Roca Ornamental de Lago P\u00f3llux.<\/p>\n<p style=\"text-align: justify;\">El Programa FNDR de Rocas Ornamentales se encuentra en su sexto mes de ejecuci\u00f3n, quienes han establecido v\u00ednculo con las 4 Asociaciones Gremiales para impulsar y desarrollar la peque\u00f1a miner\u00eda artesanal no met\u00e1lica en la Regi\u00f3n de Ays\u00e9n a trav\u00e9s del trabajo de las piedras caracter\u00edsticas de cada localidad.<\/p>\n<p style=\"text-align: justify;\">Finalmente, el Seremi de Miner\u00eda, Juan V\u00e1squez, hizo \u00e9nfasis en el hito que se vivi\u00f3 en el sector \u201cCelebramos el trabajo colaborativo que estamos construyendo en el sector del Lago P\u00f3llux, donde la peque\u00f1a miner\u00eda de piedra laja se posiciona como motor un desarrollo\u00a0 de la econom\u00eda circular del sector. Gracias al impulso de nuestra gobernadora Regional Andrea Mac\u00edas Palma y el respaldo financiero del FNDR del Gobierno Regional Ays\u00e9n, y bajo los desaf\u00edos que nos plante\u00f3 el alcalde Carlos Gatica, estamos comprometidos en incorporar la piedra laja en los proyectos de mejoramiento urbano en Coyhaique avanzamos hacia una identidad local\u00a0 en las construcciones futuras permitiendo a los vecinos ser proveedores del Estado, aportando tanto a nivel individual como colectivo generando alianzas virtuosas para nuestra regi\u00f3n\u201d.<\/p>\n<\/div><\/section><\/div><div  style='height:50px' class='hr hr-invisible   avia-builder-el-6  el_after_av_one_full  el_before_av_social_share '><span class='hr-inner ' ><span class='hr-inner-style'><\/span><\/span><\/div><\/p>\n<div  class='av-social-sharing-box  avia-builder-el-7  el_after_av_hr  el_before_av_hr  '><div class='av-share-box'><h5 class='av-share-link-description av-no-toc '>Compartir esta noticia<\/h5><ul class='av-share-box-list noLightbox'><li class='av-share-link av-social-link-facebook' ><a target=\"_blank\" aria-label=\"Compartir en Facebook\" href='https:\/\/www.facebook.com\/sharer.php?u=https:\/\/radiorevelacionfm.cl\/?p=38852&#038;t=Lago%20P%C3%B3llux%20cuenta%20con%20una%20nueva%20Asociaci%C3%B3n%20Gremial%20que%20trabajar%C3%A1%20la%20piedra%20laja' aria-hidden='false' data-av_icon='\ue8f3' data-av_iconfont='entypo-fontello' title='' data-avia-related-tooltip='Compartir en Facebook' rel=\"noopener\"><span class='avia_hidden_link_text'>Compartir en Facebook<\/span><\/a><\/li><li class='av-share-link av-social-link-twitter' ><a target=\"_blank\" aria-label=\"Compartir en Twitter\" href='https:\/\/twitter.com\/share?text=Lago%20P%C3%B3llux%20cuenta%20con%20una%20nueva%20Asociaci%C3%B3n%20Gremial%20que%20trabajar%C3%A1%20la%20piedra%20laja&#038;url=https:\/\/radiorevelacionfm.cl\/?p=38852' aria-hidden='false' data-av_icon='\ue8f1' data-av_iconfont='entypo-fontello' title='' data-avia-related-tooltip='Compartir en Twitter' rel=\"noopener\"><span class='avia_hidden_link_text'>Compartir en Twitter<\/span><\/a><\/li><li class='av-share-link av-social-link-whatsapp' ><a target=\"_blank\" aria-label=\"Compartir en Whatsapp\" href='https:\/\/api.whatsapp.com\/send?text=https:\/\/radiorevelacionfm.cl\/?p=38852' aria-hidden='false' data-av_icon='\uf232' data-av_iconfont='entypo-fontello' title='' data-avia-related-tooltip='Compartir en Whatsapp' rel=\"noopener\"><span class='avia_hidden_link_text'>Compartir en Whatsapp<\/span><\/a><\/li><li class='av-share-link av-social-link-linkedin' ><a target=\"_blank\" aria-label=\"Compartir en LinkedIn\" href='https:\/\/linkedin.com\/shareArticle?mini=true&#038;title=Lago%20P%C3%B3llux%20cuenta%20con%20una%20nueva%20Asociaci%C3%B3n%20Gremial%20que%20trabajar%C3%A1%20la%20piedra%20laja&#038;url=https:\/\/radiorevelacionfm.cl\/?p=38852' aria-hidden='false' data-av_icon='\ue8fc' data-av_iconfont='entypo-fontello' title='' data-avia-related-tooltip='Compartir en LinkedIn' rel=\"noopener\"><span class='avia_hidden_link_text'>Compartir en LinkedIn<\/span><\/a><\/li><li class='av-share-link av-social-link-mail' ><a  aria-label=\"Compartir por correo\" href='mailto:?subject=Lago%20P%C3%B3llux%20cuenta%20con%20una%20nueva%20Asociaci%C3%B3n%20Gremial%20que%20trabajar%C3%A1%20la%20piedra%20laja&#038;body=https:\/\/radiorevelacionfm.cl\/?p=38852' aria-hidden='false' data-av_icon='\ue805' data-av_iconfont='entypo-fontello' title='' data-avia-related-tooltip='Compartir por correo'><span class='avia_hidden_link_text'>Compartir por correo<\/span><\/a><\/li><\/ul><\/div><\/div>\n<div  style='height:50px' class='hr hr-invisible   avia-builder-el-8  el_after_av_social_share  el_before_av_comments_list '><span class='hr-inner ' ><span class='hr-inner-style'><\/span><\/span><\/div>\n<div  class='av-buildercomment  av-blog-meta-html-info-disabled av-blog-meta-tag-disabled  '><\/div>\n","protected":false},"excerpt":{"rendered":"","protected":false},"author":1,"featured_media":38853,"comment_status":"open","ping_status":"open","sticky":false,"template":"","format":"standard","meta":{"footnotes":""},"categories":[38],"tags":[],"class_list":["post-38852","post","type-post","status-publish","format-standard","has-post-thumbnail","hentry","category-regional"],"jetpack_featured_media_url":"https:\/\/radiorevelacionfm.cl\/wp-content\/uploads\/2024\/01\/img_4647-1_optimized.jpeg","_links":{"self":[{"href":"https:\/\/radiorevelacionfm.cl\/index.php?rest_route=\/wp\/v2\/posts\/38852","targetHints":{"allow":["GET"]}}],"collection":[{"href":"https:\/\/radiorevelacionfm.cl\/index.php?rest_route=\/wp\/v2\/posts"}],"about":[{"href":"https:\/\/radiorevelacionfm.cl\/index.php?rest_route=\/wp\/v2\/types\/post"}],"author":[{"embeddable":true,"href":"https:\/\/radiorevelacionfm.cl\/index.php?rest_route=\/wp\/v2\/users\/1"}],"replies":[{"embeddable":true,"href":"https:\/\/radiorevelacionfm.cl\/index.php?rest_route=%2Fwp%2Fv2%2Fcomments&post=38852"}],"version-history":[{"count":1,"href":"https:\/\/radiorevelacionfm.cl\/index.php?rest_route=\/wp\/v2\/posts\/38852\/revisions"}],"predecessor-version":[{"id":38854,"href":"https:\/\/radiorevelacionfm.cl\/index.php?rest_route=\/wp\/v2\/posts\/38852\/revisions\/38854"}],"wp:featuredmedia":[{"embeddable":true,"href":"https:\/\/radiorevelacionfm.cl\/index.php?rest_route=\/wp\/v2\/media\/38853"}],"wp:attachment":[{"href":"https:\/\/radiorevelacionfm.cl\/index.php?rest_route=%2Fwp%2Fv2%2Fmedia&parent=38852"}],"wp:term":[{"taxonomy":"category","embeddable":true,"href":"https:\/\/radiorevelacionfm.cl\/index.php?rest_route=%2Fwp%2Fv2%2Fcategories&post=38852"},{"taxonomy":"post_tag","embeddable":true,"href":"https:\/\/radiorevelacionfm.cl\/index.php?rest_route=%2Fwp%2Fv2%2Ftags&post=38852"}],"curies":[{"name":"wp","href":"https:\/\/api.w.org\/{rel}","templated":true}]}}