{"id":38849,"date":"2024-01-15T23:16:59","date_gmt":"2024-01-16T02:16:59","guid":{"rendered":"https:\/\/radiorevelacionfm.cl\/?p=38849"},"modified":"2024-01-15T23:16:59","modified_gmt":"2024-01-16T02:16:59","slug":"servicio-de-salud-aysen-realizo-balance-de-gestion-2023","status":"publish","type":"post","link":"https:\/\/radiorevelacionfm.cl\/?p=38849","title":{"rendered":"Servicio de Salud Ays\u00e9n realiz\u00f3 balance de gesti\u00f3n 2023"},"content":{"rendered":"<div class=\"flex_column av_one_full  flex_column_div av-zero-column-padding first  avia-builder-el-0  el_before_av_one_full  avia-builder-el-first  \" style='border-radius:0px; '><div  class='avia-image-container  av-styling-    avia-builder-el-1  avia-builder-el-no-sibling  avia-align-center '  itemprop=\"image\" itemscope=\"itemscope\" itemtype=\"https:\/\/schema.org\/ImageObject\"  ><div class='avia-image-container-inner'><div class='avia-image-overlay-wrap'><img decoding=\"async\" class='wp-image-38850 avia-img-lazy-loading-not-38850 avia_image' src=\"https:\/\/radiorevelacionfm.cl\/wp-content\/uploads\/2024\/01\/SSA-2024-01-14-at-4.01.59-PM-1-1.jpeg\" alt='' title='SSA 2024-01-14 at 4.01.59 PM (1) (1)' height=\"600\" width=\"900\"  itemprop=\"thumbnailUrl\" srcset=\"https:\/\/radiorevelacionfm.cl\/wp-content\/uploads\/2024\/01\/SSA-2024-01-14-at-4.01.59-PM-1-1.jpeg 900w, https:\/\/radiorevelacionfm.cl\/wp-content\/uploads\/2024\/01\/SSA-2024-01-14-at-4.01.59-PM-1-1-300x200.jpeg 300w, https:\/\/radiorevelacionfm.cl\/wp-content\/uploads\/2024\/01\/SSA-2024-01-14-at-4.01.59-PM-1-1-768x512.jpeg 768w, https:\/\/radiorevelacionfm.cl\/wp-content\/uploads\/2024\/01\/SSA-2024-01-14-at-4.01.59-PM-1-1-705x470.jpeg 705w, https:\/\/radiorevelacionfm.cl\/wp-content\/uploads\/2024\/01\/SSA-2024-01-14-at-4.01.59-PM-1-1-450x300.jpeg 450w, https:\/\/radiorevelacionfm.cl\/wp-content\/uploads\/2024\/01\/SSA-2024-01-14-at-4.01.59-PM-1-1-600x400.jpeg 600w\" sizes=\"(max-width: 900px) 100vw, 900px\" \/><\/div><\/div><\/div><\/div><div class=\"flex_column av_one_full  flex_column_div av-zero-column-padding first  avia-builder-el-2  el_after_av_one_full  el_before_av_one_full  column-top-margin\" style='border-radius:0px; '><section class=\"av_textblock_section \"  itemscope=\"itemscope\" itemtype=\"https:\/\/schema.org\/BlogPosting\" itemprop=\"blogPost\" ><div class='avia_textblock  '   itemprop=\"text\" ><p style=\"text-align: center;\"><span style=\"font-size: 18pt;\"><b>Servicio de Salud Ays\u00e9n realiz\u00f3 balance de gesti\u00f3n 2023<\/b><\/span><\/p>\n<div id=\"gtx-trans\" style=\"position: absolute; left: -50px; top: 4.31534px;\">\n<div class=\"gtx-trans-icon\"><\/div>\n<\/div>\n<\/div><\/section><\/div><div class=\"flex_column av_one_full  flex_column_div av-zero-column-padding first  avia-builder-el-4  el_after_av_one_full  el_before_av_hr  column-top-margin\" style='border-radius:0px; '><section class=\"av_textblock_section \"  itemscope=\"itemscope\" itemtype=\"https:\/\/schema.org\/BlogPosting\" itemprop=\"blogPost\" ><div class='avia_textblock  '   itemprop=\"text\" ><p style=\"font-weight: 400; text-align: justify;\">A modo de balance, el Servicio de Salud Ays\u00e9n (SSA), destac\u00f3 que del presupuesto asignado para el 2023 se ejecutaron m\u00e1s de 19 mil millones de pesos en iniciativas de inversi\u00f3n, destacando la licitaci\u00f3n y pronta adjudicaci\u00f3n para la construcci\u00f3n del CESFAM Coyhaique con SAR Adosado y el avance en la Normalizaci\u00f3n del Hospital de Chile Chico, como tambi\u00e9n, las obras de conservaci\u00f3n en 10 establecimientos de la Red.<\/p>\n<p style=\"font-weight: 400; text-align: justify;\">\u201cLa obra m\u00e1s importante en cuanto a su magnitud de impacto que va a tener nuestra regi\u00f3n es la construcci\u00f3n del nuevo hospital Dr. Leopoldo Ortega Rodr\u00edguez, en donde se ejecutaron un monto de M$18.778, avanzamos en diferentes l\u00edneas de conservaciones para la infraestructura existente, entre los cuales se encuentra el HRC posta de salud rural de Balmaceda y Valle Simpson\u201d, mencion\u00f3 Mauricio Cort\u00e9s Molina, subdirector Administrativo del SSA.<\/p>\n<p style=\"font-weight: 400; text-align: justify;\">Otro proyecto destacado fue el inicio del Resonador Magn\u00e9tico para el Hospital Coyhaique, equipo que permite disminuir los traslados de las y los usuarios a otras regiones para la realizaci\u00f3n de este tipo de ex\u00e1menes.<\/p>\n<p style=\"font-weight: 400; text-align: justify;\">Adem\u00e1s, se inaugur\u00f3 la posta de Caleta Andrade, se logr\u00f3 el 100% de avance en el establecimiento de Cerro Castillo y se inici\u00f3 la construcci\u00f3n de la PSR de Puerto Guadal.<\/p>\n<p style=\"font-weight: 400; text-align: justify;\">\u201cLa inversi\u00f3n en infraestructura es clave para el desarrollo de la regi\u00f3n y para las atenciones que prestamos en salud, mencionarles que tuvimos importantes mejoras en las postas para nuestros usuarios como tambi\u00e9n para las y los funcionarios, comentarles tambi\u00e9n el avance del 80% del nuevo Hospital de Chile Chico, el Resonador Magn\u00e9tico y proyectos que se nos vienen para el 2024 como el CESFAM Coyhaique con Sar Adosado\u201d, agreg\u00f3 Juan Pablo Bravo Quintana, director del Servicio de Salud Ays\u00e9n.<\/p>\n<p style=\"font-weight: 400; text-align: justify;\">En equipamiento se logr\u00f3 una inversi\u00f3n de $2.115 mil millones que permitieron desarrollar diversas reposiciones, entre ellas, veh\u00edculos de la Red, equipamiento para el HRC y equipos para el Hospital de Puerto Ays\u00e9n.<\/p>\n<p style=\"font-weight: 400; text-align: justify;\">Tambi\u00e9n se hizo la entrega de tres ambulancias para las Provincias de General Carrera, Capit\u00e1n Prat y Ays\u00e9n para el traslado de pacientes con complicaciones para movilizarse.<\/p>\n<p style=\"font-weight: 400; text-align: justify;\"><strong><u>Llevamos salud a toda la regi\u00f3n<\/u><\/strong><\/p>\n<p style=\"font-weight: 400; text-align: justify;\">En el 2023 se iniciaron las Rondas de Especialidades, estrategia que permiti\u00f3 el traslado de especialistas del HRC a los hospitales de Cochrane, Chile Chico, Puerto Cisnes y sus alrededores.<\/p>\n<p style=\"font-weight: 400; text-align: justify;\">En temas de procedimientos quir\u00fargicos, el HRC junto a especialistas del Hospital Cl\u00ednico San Borja Arriar\u00e1n (HCSBA), realizaron la primera cirug\u00eda de estimulaci\u00f3n cerebral a paciente con Parkinson, la intervenci\u00f3n m\u00e1s austral del mundo de este tipo, destacando el recurso humano, la infraestructura y tecnolog\u00eda en la regi\u00f3n de Ays\u00e9n.<\/p>\n<p style=\"font-weight: 400; text-align: justify;\">En esa misma l\u00ednea, en el Hospital de\u00a0Puerto Ays\u00e9n se decenas de intervenciones en 17 cirug\u00edas mayores ambulatorias, de tipo extirpaci\u00f3n de quistes de ovarios, am\u00edgdalas, hernias, v\u00e1rices y colecictom\u00edas, gesti\u00f3n que permiti\u00f3 disminuir las listas de espera en esta materia.<\/p>\n<p style=\"font-weight: 400; text-align: justify;\">\u201cLogramos disminuir los tiempos de espera por consulta de nueva especialidad, odontolog\u00eda y en intervenciones quir\u00fargicas, adem\u00e1s, alcanzamos la mayor cobertura en vacunaci\u00f3n a nivel pa\u00eds. Sabemos que debemos seguir mejorando en los procesos, en las mejoras de atenci\u00f3n y tambi\u00e9n estando m\u00e1s cercano a la comunidad y a los distintos usuarios para acercar la salud\u201d, mencion\u00f3 Juan Pablo Bravo Quintana, director del Servicio de Salud Ays\u00e9n.<\/p>\n<p style=\"font-weight: 400; text-align: justify;\">En los meses de abril y junio, m\u00e1s de cuarenta especialistas llegaron a la regi\u00f3n, mediante el Per\u00edodo Asistencial Obligatorio (PAO), programa ministerial que consiste en la devoluci\u00f3n de la beca de especialidad trabajando en hospitales o consultorios, el doble del tiempo que dura sus especializaciones.<\/p>\n<p style=\"font-weight: 400; text-align: justify;\">Para el 2024 se proyecta un presupuesto de m\u00e1s de 22 mil millones de pesos para iniciativas de inversi\u00f3n como obras de conservaci\u00f3n del CESFAM Alejandro Guti\u00e9rrez, V\u00edctor Domingo Silva, Puerto Ays\u00e9n, la Unidad de Esterilizaci\u00f3n del HRC, Hospital Jorge Ibar Bruce de Puerto Cisnes, entre otras.<\/p>\n<\/div><\/section><\/div><div  style='height:50px' class='hr hr-invisible   avia-builder-el-6  el_after_av_one_full  el_before_av_social_share '><span class='hr-inner ' ><span class='hr-inner-style'><\/span><\/span><\/div><\/p>\n<div  class='av-social-sharing-box  avia-builder-el-7  el_after_av_hr  el_before_av_hr  '><div class='av-share-box'><h5 class='av-share-link-description av-no-toc '>Compartir esta noticia<\/h5><ul class='av-share-box-list noLightbox'><li class='av-share-link av-social-link-facebook' ><a target=\"_blank\" aria-label=\"Compartir en Facebook\" href='https:\/\/www.facebook.com\/sharer.php?u=https:\/\/radiorevelacionfm.cl\/?p=38849&#038;t=Servicio%20de%20Salud%20Ays%C3%A9n%20realiz%C3%B3%20balance%20de%20gesti%C3%B3n%202023' aria-hidden='false' data-av_icon='\ue8f3' data-av_iconfont='entypo-fontello' title='' data-avia-related-tooltip='Compartir en Facebook' rel=\"noopener\"><span class='avia_hidden_link_text'>Compartir en Facebook<\/span><\/a><\/li><li class='av-share-link av-social-link-twitter' ><a target=\"_blank\" aria-label=\"Compartir en Twitter\" href='https:\/\/twitter.com\/share?text=Servicio%20de%20Salud%20Ays%C3%A9n%20realiz%C3%B3%20balance%20de%20gesti%C3%B3n%202023&#038;url=https:\/\/radiorevelacionfm.cl\/?p=38849' aria-hidden='false' data-av_icon='\ue8f1' data-av_iconfont='entypo-fontello' title='' data-avia-related-tooltip='Compartir en Twitter' rel=\"noopener\"><span class='avia_hidden_link_text'>Compartir en Twitter<\/span><\/a><\/li><li class='av-share-link av-social-link-whatsapp' ><a target=\"_blank\" aria-label=\"Compartir en Whatsapp\" href='https:\/\/api.whatsapp.com\/send?text=https:\/\/radiorevelacionfm.cl\/?p=38849' aria-hidden='false' data-av_icon='\uf232' data-av_iconfont='entypo-fontello' title='' data-avia-related-tooltip='Compartir en Whatsapp' rel=\"noopener\"><span class='avia_hidden_link_text'>Compartir en Whatsapp<\/span><\/a><\/li><li class='av-share-link av-social-link-linkedin' ><a target=\"_blank\" aria-label=\"Compartir en LinkedIn\" href='https:\/\/linkedin.com\/shareArticle?mini=true&#038;title=Servicio%20de%20Salud%20Ays%C3%A9n%20realiz%C3%B3%20balance%20de%20gesti%C3%B3n%202023&#038;url=https:\/\/radiorevelacionfm.cl\/?p=38849' aria-hidden='false' data-av_icon='\ue8fc' data-av_iconfont='entypo-fontello' title='' data-avia-related-tooltip='Compartir en LinkedIn' rel=\"noopener\"><span class='avia_hidden_link_text'>Compartir en LinkedIn<\/span><\/a><\/li><li class='av-share-link av-social-link-mail' ><a  aria-label=\"Compartir por correo\" href='mailto:?subject=Servicio%20de%20Salud%20Ays%C3%A9n%20realiz%C3%B3%20balance%20de%20gesti%C3%B3n%202023&#038;body=https:\/\/radiorevelacionfm.cl\/?p=38849' aria-hidden='false' data-av_icon='\ue805' data-av_iconfont='entypo-fontello' title='' data-avia-related-tooltip='Compartir por correo'><span class='avia_hidden_link_text'>Compartir por correo<\/span><\/a><\/li><\/ul><\/div><\/div>\n<div  style='height:50px' class='hr hr-invisible   avia-builder-el-8  el_after_av_social_share  el_before_av_comments_list '><span class='hr-inner ' ><span class='hr-inner-style'><\/span><\/span><\/div>\n<div  class='av-buildercomment  av-blog-meta-html-info-disabled av-blog-meta-tag-disabled  '><\/div>\n","protected":false},"excerpt":{"rendered":"","protected":false},"author":1,"featured_media":38850,"comment_status":"open","ping_status":"open","sticky":false,"template":"","format":"standard","meta":{"footnotes":""},"categories":[46],"tags":[],"class_list":["post-38849","post","type-post","status-publish","format-standard","has-post-thumbnail","hentry","category-salud"],"jetpack_featured_media_url":"https:\/\/radiorevelacionfm.cl\/wp-content\/uploads\/2024\/01\/SSA-2024-01-14-at-4.01.59-PM-1-1.jpeg","_links":{"self":[{"href":"https:\/\/radiorevelacionfm.cl\/index.php?rest_route=\/wp\/v2\/posts\/38849","targetHints":{"allow":["GET"]}}],"collection":[{"href":"https:\/\/radiorevelacionfm.cl\/index.php?rest_route=\/wp\/v2\/posts"}],"about":[{"href":"https:\/\/radiorevelacionfm.cl\/index.php?rest_route=\/wp\/v2\/types\/post"}],"author":[{"embeddable":true,"href":"https:\/\/radiorevelacionfm.cl\/index.php?rest_route=\/wp\/v2\/users\/1"}],"replies":[{"embeddable":true,"href":"https:\/\/radiorevelacionfm.cl\/index.php?rest_route=%2Fwp%2Fv2%2Fcomments&post=38849"}],"version-history":[{"count":1,"href":"https:\/\/radiorevelacionfm.cl\/index.php?rest_route=\/wp\/v2\/posts\/38849\/revisions"}],"predecessor-version":[{"id":38851,"href":"https:\/\/radiorevelacionfm.cl\/index.php?rest_route=\/wp\/v2\/posts\/38849\/revisions\/38851"}],"wp:featuredmedia":[{"embeddable":true,"href":"https:\/\/radiorevelacionfm.cl\/index.php?rest_route=\/wp\/v2\/media\/38850"}],"wp:attachment":[{"href":"https:\/\/radiorevelacionfm.cl\/index.php?rest_route=%2Fwp%2Fv2%2Fmedia&parent=38849"}],"wp:term":[{"taxonomy":"category","embeddable":true,"href":"https:\/\/radiorevelacionfm.cl\/index.php?rest_route=%2Fwp%2Fv2%2Fcategories&post=38849"},{"taxonomy":"post_tag","embeddable":true,"href":"https:\/\/radiorevelacionfm.cl\/index.php?rest_route=%2Fwp%2Fv2%2Ftags&post=38849"}],"curies":[{"name":"wp","href":"https:\/\/api.w.org\/{rel}","templated":true}]}}