{"id":3883,"date":"2021-05-06T21:03:32","date_gmt":"2021-05-07T00:03:32","guid":{"rendered":"https:\/\/radiorevelacionfm.cl\/?p=3883"},"modified":"2021-05-06T21:03:32","modified_gmt":"2021-05-07T00:03:32","slug":"consejeros-por-sistemas-fotovoltaicos-sin-mantencion-la-deuda-existe-con-familias-rurales-de-la-provincia-capitan-prat","status":"publish","type":"post","link":"https:\/\/radiorevelacionfm.cl\/?p=3883","title":{"rendered":"Consejeros por sistemas fotovoltaicos sin mantenci\u00f3n \u00abLa deuda existe con familias rurales de la provincia Capit\u00e1n Prat\u00bb"},"content":{"rendered":"<div class=\"flex_column av_one_full  flex_column_div av-zero-column-padding first  avia-builder-el-0  el_before_av_one_full  avia-builder-el-first  \" style='border-radius:0px; '><div  class='avia-image-container  av-styling-    avia-builder-el-1  avia-builder-el-no-sibling  avia-align-center '  itemprop=\"image\" itemscope=\"itemscope\" itemtype=\"https:\/\/schema.org\/ImageObject\"  ><div class='avia-image-container-inner'><div class='avia-image-overlay-wrap'><img decoding=\"async\" class='wp-image-0 avia-img-lazy-loading-not-0 avia_image' src=\"https:\/\/radiorevelacionfm.cl\/wp-content\/uploads\/2021\/05\/solar-photovoltaic1.jpg\" alt='' title=''   itemprop=\"thumbnailUrl\"  \/><\/div><\/div><\/div><\/div><div class=\"flex_column av_one_full  flex_column_div av-zero-column-padding first  avia-builder-el-2  el_after_av_one_full  el_before_av_one_full  column-top-margin\" style='border-radius:0px; '><section class=\"av_textblock_section \"  itemscope=\"itemscope\" itemtype=\"https:\/\/schema.org\/BlogPosting\" itemprop=\"blogPost\" ><div class='avia_textblock  '   itemprop=\"text\" ><p style=\"text-align: center;\"><strong><span style=\"font-size: 18pt;\">Consejeros por sistemas fotovoltaicos sin mantenci\u00f3n \u00abLa deuda existe con familias rurales de la provincia Capit\u00e1n Prat\u00bb<\/span><\/strong><\/p>\n<div id=\"gtx-trans\" style=\"position: absolute; left: -50px; top: 4.31534px;\">\n<div class=\"gtx-trans-icon\"><\/div>\n<\/div>\n<\/div><\/section><\/div><div class=\"flex_column av_one_full  flex_column_div av-zero-column-padding first  avia-builder-el-4  el_after_av_one_full  el_before_av_hr  column-top-margin\" style='border-radius:0px; '><section class=\"av_textblock_section \"  itemscope=\"itemscope\" itemtype=\"https:\/\/schema.org\/BlogPosting\" itemprop=\"blogPost\" ><div class='avia_textblock  '   itemprop=\"text\" ><p class=\"v1MsoNormal\" style=\"text-align: justify;\"><span lang=\"ES-MX\">Responder el requerimiento energ\u00e9tico, mediante sistemas fotovoltaicos para al menos 210 familias de la provincia Capit\u00e1n Prat, solicitaron los consejeros regionales por esa provincia Jorge Abello y Carlos Campos.<\/span><\/p>\n<p class=\"v1MsoNormal\" style=\"text-align: justify;\"><span lang=\"ES-MX\">La situaci\u00f3n afecta a 90 familias que tienen instalados paneles solares en sus viviendas desde hace doce a\u00f1os, por lo que urge realizar un mantenimiento de bater\u00edas para restablecer el \u00f3ptimo funcionamiento de estos equipos, financiados con una inversi\u00f3n cercana a los 300 millones de pesos del Fondo Nacional de Desarrollo Regional (F.N.D.R.).<\/span><\/p>\n<p class=\"v1MsoNormal\" style=\"text-align: justify;\"><span lang=\"ES-MX\">Al mismo tiempo, se han registrado deficiencias de funcionamiento en parte de las 120 familias que accedieron al sistema fotovoltaico mediante un proyecto del a\u00f1o 2019 por m\u00e1s de 800 millones de pesos.<\/span><\/p>\n<p class=\"v1MsoNormal\" style=\"text-align: justify;\"><span lang=\"ES-MX\">En ambos casos, la soluci\u00f3n pasa por una coordinaci\u00f3n entre el Gobierno Regional, secretar\u00eda regional ministerial de Energ\u00eda y Gobernaci\u00f3n Provincial.<\/span><\/p>\n<p class=\"v1MsoNormal\" style=\"text-align: justify;\"><span lang=\"ES-MX\">\u00abEl reclamo es totalmente v\u00e1lido. La necesidad existe en muchas familias campesinas de nuestra provincia y el gobierno no ha logrado concretar las iniciativas comprometidas. Van m\u00e1s de tres a\u00f1os, en los que las diferentes autoridades se\u00f1alan que se realizar\u00e1 un catastro, el cual no existe a la fecha. Esa es la realidad\u00bb, indic\u00f3 Abello.<\/span><\/p>\n<p class=\"v1MsoNormal\" style=\"text-align: justify;\"><span lang=\"ES-MX\">A\u00f1adi\u00f3 que \u00abel Consejo Regional respald\u00f3 en el Plan de Zona Rezagada el proyecto \u00abReposici\u00f3n de sistemas fotovoltaicos provincia Capit\u00e1n Prat\u00bb con un presupuesto estimado de mil 497 millones de pesos, para ser ejecutados en el a\u00f1o 2021. Esto fue comprometido por el gobierno y ahora se debe dar respuesta. Ahora se debe dar respuesta, lo que falta ac\u00e1 es una adecuada coordinaci\u00f3n entre el Gore, Energ\u00eda y la Gobernaci\u00f3n Capit\u00e1n Prat, estos \u00faltimos que intentaron un liderazgo en el tema, pero solo quedaron en eso, hoy la deuda existe con las familias\u00bb.<\/span><\/p>\n<p class=\"v1MsoNormal\" style=\"text-align: justify;\"><span lang=\"ES-MX\">\u00abHoy d\u00eda nos preguntamos cu\u00e1ndo tendremos un proyecto para solucionar esta gran problem\u00e1tica, que es la energ\u00eda en los sectores rurales con estos proyectos fotovoltaicos. Tenemos que hacer un levantamiento ya que es hora de dar respuesta a esta gente que tiene mucho tiempo esperando. Hacemos un llamado al gobernador para avanzar en un proyecto que solucione esta problem\u00e1tica de energ\u00eda en el campo\u00bb, recalc\u00f3 Campos.<\/span><\/p>\n<p class=\"v1MsoNormal\" style=\"text-align: justify;\"><span lang=\"ES-MX\">Ambos consejeros pidieron al ejecutivo cumplir sus compromisos en electrificaci\u00f3n rural del Plan de Zona Rezagada de la provincia Capit\u00e1n Prat, ya que \u2013se\u00f1alaron- \u00abhaciendo un balance general del plan -transcurrido m\u00e1s de un a\u00f1o desde su aprobaci\u00f3n-, la evaluaci\u00f3n es deficiente, toda vez que las personas, las familias a\u00fan no ven o perciben\u00a0 nada concreto\u00bb, puntualizaron.<\/span><\/p>\n<\/div><\/section><\/div><div  style='height:50px' class='hr hr-invisible   avia-builder-el-6  el_after_av_one_full  el_before_av_social_share '><span class='hr-inner ' ><span class='hr-inner-style'><\/span><\/span><\/div><\/p>\n<div  class='av-social-sharing-box  avia-builder-el-7  el_after_av_hr  el_before_av_hr  '><div class='av-share-box'><h5 class='av-share-link-description av-no-toc '>Compartir esta noticia<\/h5><ul class='av-share-box-list noLightbox'><li class='av-share-link av-social-link-facebook' ><a target=\"_blank\" aria-label=\"Compartir en Facebook\" href='https:\/\/www.facebook.com\/sharer.php?u=https:\/\/radiorevelacionfm.cl\/?p=3883&#038;t=Consejeros%20por%20sistemas%20fotovoltaicos%20sin%20mantenci%C3%B3n%20%C2%ABLa%20deuda%20existe%20con%20familias%20rurales%20de%20la%20provincia%20Capit%C3%A1n%20Prat%C2%BB' aria-hidden='false' data-av_icon='\ue8f3' data-av_iconfont='entypo-fontello' title='' data-avia-related-tooltip='Compartir en Facebook' rel=\"noopener\"><span class='avia_hidden_link_text'>Compartir en Facebook<\/span><\/a><\/li><li class='av-share-link av-social-link-twitter' ><a target=\"_blank\" aria-label=\"Compartir en Twitter\" href='https:\/\/twitter.com\/share?text=Consejeros%20por%20sistemas%20fotovoltaicos%20sin%20mantenci%C3%B3n%20%C2%ABLa%20deuda%20existe%20con%20familias%20rurales%20de%20la%20provincia%20Capit%C3%A1n%20Prat%C2%BB&#038;url=https:\/\/radiorevelacionfm.cl\/?p=3883' aria-hidden='false' data-av_icon='\ue8f1' data-av_iconfont='entypo-fontello' title='' data-avia-related-tooltip='Compartir en Twitter' rel=\"noopener\"><span class='avia_hidden_link_text'>Compartir en Twitter<\/span><\/a><\/li><li class='av-share-link av-social-link-whatsapp' ><a target=\"_blank\" aria-label=\"Compartir en Whatsapp\" href='https:\/\/api.whatsapp.com\/send?text=https:\/\/radiorevelacionfm.cl\/?p=3883' aria-hidden='false' data-av_icon='\uf232' data-av_iconfont='entypo-fontello' title='' data-avia-related-tooltip='Compartir en Whatsapp' rel=\"noopener\"><span class='avia_hidden_link_text'>Compartir en Whatsapp<\/span><\/a><\/li><li class='av-share-link av-social-link-linkedin' ><a target=\"_blank\" aria-label=\"Compartir en LinkedIn\" href='https:\/\/linkedin.com\/shareArticle?mini=true&#038;title=Consejeros%20por%20sistemas%20fotovoltaicos%20sin%20mantenci%C3%B3n%20%C2%ABLa%20deuda%20existe%20con%20familias%20rurales%20de%20la%20provincia%20Capit%C3%A1n%20Prat%C2%BB&#038;url=https:\/\/radiorevelacionfm.cl\/?p=3883' aria-hidden='false' data-av_icon='\ue8fc' data-av_iconfont='entypo-fontello' title='' data-avia-related-tooltip='Compartir en LinkedIn' rel=\"noopener\"><span class='avia_hidden_link_text'>Compartir en LinkedIn<\/span><\/a><\/li><li class='av-share-link av-social-link-mail' ><a  aria-label=\"Compartir por correo\" href='mailto:?subject=Consejeros%20por%20sistemas%20fotovoltaicos%20sin%20mantenci%C3%B3n%20%C2%ABLa%20deuda%20existe%20con%20familias%20rurales%20de%20la%20provincia%20Capit%C3%A1n%20Prat%C2%BB&#038;body=https:\/\/radiorevelacionfm.cl\/?p=3883' aria-hidden='false' data-av_icon='\ue805' data-av_iconfont='entypo-fontello' title='' data-avia-related-tooltip='Compartir por correo'><span class='avia_hidden_link_text'>Compartir por correo<\/span><\/a><\/li><\/ul><\/div><\/div>\n<div  style='height:50px' class='hr hr-invisible   avia-builder-el-8  el_after_av_social_share  el_before_av_comments_list '><span class='hr-inner ' ><span class='hr-inner-style'><\/span><\/span><\/div>\n<div  class='av-buildercomment  av-blog-meta-html-info-disabled av-blog-meta-tag-disabled  '><\/div>\n","protected":false},"excerpt":{"rendered":"","protected":false},"author":1,"featured_media":0,"comment_status":"open","ping_status":"open","sticky":false,"template":"","format":"standard","meta":{"footnotes":""},"categories":[39],"tags":[],"class_list":["post-3883","post","type-post","status-publish","format-standard","hentry","category-medio-ambiente"],"jetpack_featured_media_url":"","_links":{"self":[{"href":"https:\/\/radiorevelacionfm.cl\/index.php?rest_route=\/wp\/v2\/posts\/3883","targetHints":{"allow":["GET"]}}],"collection":[{"href":"https:\/\/radiorevelacionfm.cl\/index.php?rest_route=\/wp\/v2\/posts"}],"about":[{"href":"https:\/\/radiorevelacionfm.cl\/index.php?rest_route=\/wp\/v2\/types\/post"}],"author":[{"embeddable":true,"href":"https:\/\/radiorevelacionfm.cl\/index.php?rest_route=\/wp\/v2\/users\/1"}],"replies":[{"embeddable":true,"href":"https:\/\/radiorevelacionfm.cl\/index.php?rest_route=%2Fwp%2Fv2%2Fcomments&post=3883"}],"version-history":[{"count":1,"href":"https:\/\/radiorevelacionfm.cl\/index.php?rest_route=\/wp\/v2\/posts\/3883\/revisions"}],"predecessor-version":[{"id":3885,"href":"https:\/\/radiorevelacionfm.cl\/index.php?rest_route=\/wp\/v2\/posts\/3883\/revisions\/3885"}],"wp:attachment":[{"href":"https:\/\/radiorevelacionfm.cl\/index.php?rest_route=%2Fwp%2Fv2%2Fmedia&parent=3883"}],"wp:term":[{"taxonomy":"category","embeddable":true,"href":"https:\/\/radiorevelacionfm.cl\/index.php?rest_route=%2Fwp%2Fv2%2Fcategories&post=3883"},{"taxonomy":"post_tag","embeddable":true,"href":"https:\/\/radiorevelacionfm.cl\/index.php?rest_route=%2Fwp%2Fv2%2Ftags&post=3883"}],"curies":[{"name":"wp","href":"https:\/\/api.w.org\/{rel}","templated":true}]}}