{"id":38828,"date":"2024-01-15T21:48:13","date_gmt":"2024-01-16T00:48:13","guid":{"rendered":"https:\/\/radiorevelacionfm.cl\/?p=38828"},"modified":"2024-01-15T21:48:13","modified_gmt":"2024-01-16T00:48:13","slug":"veteranos-del-78-instalaron-placa-conmemorativa-en-el-destacamento-motorizado-n14-aysen","status":"publish","type":"post","link":"https:\/\/radiorevelacionfm.cl\/?p=38828","title":{"rendered":"Veteranos del 78 instalaron placa conmemorativa en el Destacamento Motorizado N\u00b014 \u201cAys\u00e9n\u201d"},"content":{"rendered":"<div class=\"flex_column av_one_full  flex_column_div av-zero-column-padding first  avia-builder-el-0  el_before_av_one_full  avia-builder-el-first  \" style='border-radius:0px; '><div  class='avia-image-container  av-styling-    avia-builder-el-1  avia-builder-el-no-sibling  avia-align-center '  itemprop=\"image\" itemscope=\"itemscope\" itemtype=\"https:\/\/schema.org\/ImageObject\"  ><div class='avia-image-container-inner'><div class='avia-image-overlay-wrap'><img decoding=\"async\" class='wp-image-38829 avia-img-lazy-loading-not-38829 avia_image' src=\"https:\/\/radiorevelacionfm.cl\/wp-content\/uploads\/2024\/01\/WhatsApp-Image-2024-01-12-at-12.33.06-1-1-1.jpeg\" alt='' title='WhatsApp Image 2024-01-12 at 12.33.06 (1) (1) (1)' height=\"600\" width=\"1235\"  itemprop=\"thumbnailUrl\" srcset=\"https:\/\/radiorevelacionfm.cl\/wp-content\/uploads\/2024\/01\/WhatsApp-Image-2024-01-12-at-12.33.06-1-1-1.jpeg 1235w, https:\/\/radiorevelacionfm.cl\/wp-content\/uploads\/2024\/01\/WhatsApp-Image-2024-01-12-at-12.33.06-1-1-1-300x146.jpeg 300w, https:\/\/radiorevelacionfm.cl\/wp-content\/uploads\/2024\/01\/WhatsApp-Image-2024-01-12-at-12.33.06-1-1-1-1030x500.jpeg 1030w, https:\/\/radiorevelacionfm.cl\/wp-content\/uploads\/2024\/01\/WhatsApp-Image-2024-01-12-at-12.33.06-1-1-1-768x373.jpeg 768w, https:\/\/radiorevelacionfm.cl\/wp-content\/uploads\/2024\/01\/WhatsApp-Image-2024-01-12-at-12.33.06-1-1-1-705x343.jpeg 705w, https:\/\/radiorevelacionfm.cl\/wp-content\/uploads\/2024\/01\/WhatsApp-Image-2024-01-12-at-12.33.06-1-1-1-450x219.jpeg 450w, https:\/\/radiorevelacionfm.cl\/wp-content\/uploads\/2024\/01\/WhatsApp-Image-2024-01-12-at-12.33.06-1-1-1-600x291.jpeg 600w\" sizes=\"(max-width: 1235px) 100vw, 1235px\" \/><\/div><\/div><\/div><\/div><div class=\"flex_column av_one_full  flex_column_div av-zero-column-padding first  avia-builder-el-2  el_after_av_one_full  el_before_av_one_full  column-top-margin\" style='border-radius:0px; '><section class=\"av_textblock_section \"  itemscope=\"itemscope\" itemtype=\"https:\/\/schema.org\/BlogPosting\" itemprop=\"blogPost\" ><div class='avia_textblock  '   itemprop=\"text\" ><p style=\"text-align: center;\"><span style=\"font-size: 18pt;\"><strong>Veteranos del 78 instalaron placa conmemorativa en el Destacamento Motorizado N\u00b014 \u201cAys\u00e9n\u201d<\/strong><\/span><\/p>\n<div id=\"gtx-trans\" style=\"position: absolute; left: -50px; top: 4.31534px;\">\n<div class=\"gtx-trans-icon\"><\/div>\n<\/div>\n<\/div><\/section><\/div><div class=\"flex_column av_one_full  flex_column_div av-zero-column-padding first  avia-builder-el-4  el_after_av_one_full  el_before_av_hr  column-top-margin\" style='border-radius:0px; '><section class=\"av_textblock_section \"  itemscope=\"itemscope\" itemtype=\"https:\/\/schema.org\/BlogPosting\" itemprop=\"blogPost\" ><div class='avia_textblock  '   itemprop=\"text\" ><p style=\"text-align: justify;\">Han pasado m\u00e1s de 4 d\u00e9cadas de que hicieron su servicio militar y\u00a0 de la crisis ocurrida el a\u00f1o 1978 entre Chile y Argentina, conocida como el conflicto Beagle, momento hist\u00f3rico para ambos pa\u00edses y gracias\u00a0 a la mediaci\u00f3n papal no se desat\u00f3 un conflicto b\u00e9lico. Aquellos j\u00f3venes soldados, provenientes de Chill\u00e1n quienes estuvieron desplegados en la Patagonia, esta semana regresaron a Coyhaique, suboficiales y soldados conscriptos quienes ahora forman parte de los \u201cVeteranos del 78, , \u00a0hoy se vuelven a reencontrar.<\/p>\n<p style=\"text-align: justify;\">En este contexto y en el marco de esta visita, \u00a0se realiz\u00f3 una ceremonia en homenaje a aquellos hombres \u00a0quienes estuvieron apostados como l\u00edneas de defensa, soportando el fr\u00edo y la soledad alist\u00e1ndose para defender a la patria \u00a0en la \u201cEstancia Los C\u00f3ndores\u201d, aquel 22 de diciembre de 1978. En la actividad\u00a0 \u00a0los soldados conscriptos de aquella \u00e9poca, con gran emoci\u00f3n descubrieron una placa conmemorativa en el sector del Batall\u00f3n de Infanter\u00eda del Destacamento Motorizado N\u00b014 \u201cAys\u00e9n\u201d, unidad que los recibi\u00f3 \u00a0hace 45 a\u00f1os atr\u00e1s. Posteriormente, se les realiz\u00f3 una muestra de material, ocasi\u00f3n que pudieron compartir con el personal del Destacamento Motorizado N\u00b014 \u201cAys\u00e9n\u201d.<\/p>\n<p style=\"text-align: justify;\">Luis Becerra, veterano del 78 se\u00f1al\u00f3 \u201cLa patria nos necesit\u00f3 en el a\u00f1o 1978 para defender nuestra frontera nacional y hoy despu\u00e9s de 45 a\u00f1os venimos a recordar esos viejos lugares que nos cobijaron y esas trincheras que nos protegieron heroicamente y que defendimos la Patria si era necesario con la vida o la muerte\u201d.<\/p>\n<p style=\"text-align: justify;\">Adem\u00e1s, agreg\u00f3 \u201cNosotros quisimos instalar una placa de conmemoraci\u00f3n de nuestra visita y para que las nuevas generaciones nos recuerden y esto perdure en el alma del soldado conscripto, esto viene de los veteranos del 78 y del glorioso Regimiento de Infanter\u00eda N\u00b09 \u201cChill\u00e1n\u201d.<\/p>\n<p style=\"text-align: justify;\">Finalmente, fue una semana marcada de recuerdos y vivencias, valientes soldados, quienes son el reflejo viviente de la historia de Chile, j\u00f3venes, que estuvieron dispuestos a dar la vida por la Patria.<\/p>\n<\/div><\/section><\/div><div  style='height:50px' class='hr hr-invisible   avia-builder-el-6  el_after_av_one_full  el_before_av_social_share '><span class='hr-inner ' ><span class='hr-inner-style'><\/span><\/span><\/div><\/p>\n<div  class='av-social-sharing-box  avia-builder-el-7  el_after_av_hr  el_before_av_hr  '><div class='av-share-box'><h5 class='av-share-link-description av-no-toc '>Compartir esta noticia<\/h5><ul class='av-share-box-list noLightbox'><li class='av-share-link av-social-link-facebook' ><a target=\"_blank\" aria-label=\"Compartir en Facebook\" href='https:\/\/www.facebook.com\/sharer.php?u=https:\/\/radiorevelacionfm.cl\/?p=38828&#038;t=Veteranos%20del%2078%20instalaron%20placa%20conmemorativa%20en%20el%20Destacamento%20Motorizado%20N%C2%B014%20%E2%80%9CAys%C3%A9n%E2%80%9D' aria-hidden='false' data-av_icon='\ue8f3' data-av_iconfont='entypo-fontello' title='' data-avia-related-tooltip='Compartir en Facebook' rel=\"noopener\"><span class='avia_hidden_link_text'>Compartir en Facebook<\/span><\/a><\/li><li class='av-share-link av-social-link-twitter' ><a target=\"_blank\" aria-label=\"Compartir en Twitter\" href='https:\/\/twitter.com\/share?text=Veteranos%20del%2078%20instalaron%20placa%20conmemorativa%20en%20el%20Destacamento%20Motorizado%20N%C2%B014%20%E2%80%9CAys%C3%A9n%E2%80%9D&#038;url=https:\/\/radiorevelacionfm.cl\/?p=38828' aria-hidden='false' data-av_icon='\ue8f1' data-av_iconfont='entypo-fontello' title='' data-avia-related-tooltip='Compartir en Twitter' rel=\"noopener\"><span class='avia_hidden_link_text'>Compartir en Twitter<\/span><\/a><\/li><li class='av-share-link av-social-link-whatsapp' ><a target=\"_blank\" aria-label=\"Compartir en Whatsapp\" href='https:\/\/api.whatsapp.com\/send?text=https:\/\/radiorevelacionfm.cl\/?p=38828' aria-hidden='false' data-av_icon='\uf232' data-av_iconfont='entypo-fontello' title='' data-avia-related-tooltip='Compartir en Whatsapp' rel=\"noopener\"><span class='avia_hidden_link_text'>Compartir en Whatsapp<\/span><\/a><\/li><li class='av-share-link av-social-link-linkedin' ><a target=\"_blank\" aria-label=\"Compartir en LinkedIn\" href='https:\/\/linkedin.com\/shareArticle?mini=true&#038;title=Veteranos%20del%2078%20instalaron%20placa%20conmemorativa%20en%20el%20Destacamento%20Motorizado%20N%C2%B014%20%E2%80%9CAys%C3%A9n%E2%80%9D&#038;url=https:\/\/radiorevelacionfm.cl\/?p=38828' aria-hidden='false' data-av_icon='\ue8fc' data-av_iconfont='entypo-fontello' title='' data-avia-related-tooltip='Compartir en LinkedIn' rel=\"noopener\"><span class='avia_hidden_link_text'>Compartir en LinkedIn<\/span><\/a><\/li><li class='av-share-link av-social-link-mail' ><a  aria-label=\"Compartir por correo\" href='mailto:?subject=Veteranos%20del%2078%20instalaron%20placa%20conmemorativa%20en%20el%20Destacamento%20Motorizado%20N%C2%B014%20%E2%80%9CAys%C3%A9n%E2%80%9D&#038;body=https:\/\/radiorevelacionfm.cl\/?p=38828' aria-hidden='false' data-av_icon='\ue805' data-av_iconfont='entypo-fontello' title='' data-avia-related-tooltip='Compartir por correo'><span class='avia_hidden_link_text'>Compartir por correo<\/span><\/a><\/li><\/ul><\/div><\/div>\n<div  style='height:50px' class='hr hr-invisible   avia-builder-el-8  el_after_av_social_share  el_before_av_comments_list '><span class='hr-inner ' ><span class='hr-inner-style'><\/span><\/span><\/div>\n<div  class='av-buildercomment  av-blog-meta-html-info-disabled av-blog-meta-tag-disabled  '><\/div>\n","protected":false},"excerpt":{"rendered":"","protected":false},"author":1,"featured_media":38829,"comment_status":"open","ping_status":"open","sticky":false,"template":"","format":"standard","meta":{"footnotes":""},"categories":[38],"tags":[],"class_list":["post-38828","post","type-post","status-publish","format-standard","has-post-thumbnail","hentry","category-regional"],"jetpack_featured_media_url":"https:\/\/radiorevelacionfm.cl\/wp-content\/uploads\/2024\/01\/WhatsApp-Image-2024-01-12-at-12.33.06-1-1-1.jpeg","_links":{"self":[{"href":"https:\/\/radiorevelacionfm.cl\/index.php?rest_route=\/wp\/v2\/posts\/38828","targetHints":{"allow":["GET"]}}],"collection":[{"href":"https:\/\/radiorevelacionfm.cl\/index.php?rest_route=\/wp\/v2\/posts"}],"about":[{"href":"https:\/\/radiorevelacionfm.cl\/index.php?rest_route=\/wp\/v2\/types\/post"}],"author":[{"embeddable":true,"href":"https:\/\/radiorevelacionfm.cl\/index.php?rest_route=\/wp\/v2\/users\/1"}],"replies":[{"embeddable":true,"href":"https:\/\/radiorevelacionfm.cl\/index.php?rest_route=%2Fwp%2Fv2%2Fcomments&post=38828"}],"version-history":[{"count":1,"href":"https:\/\/radiorevelacionfm.cl\/index.php?rest_route=\/wp\/v2\/posts\/38828\/revisions"}],"predecessor-version":[{"id":38830,"href":"https:\/\/radiorevelacionfm.cl\/index.php?rest_route=\/wp\/v2\/posts\/38828\/revisions\/38830"}],"wp:featuredmedia":[{"embeddable":true,"href":"https:\/\/radiorevelacionfm.cl\/index.php?rest_route=\/wp\/v2\/media\/38829"}],"wp:attachment":[{"href":"https:\/\/radiorevelacionfm.cl\/index.php?rest_route=%2Fwp%2Fv2%2Fmedia&parent=38828"}],"wp:term":[{"taxonomy":"category","embeddable":true,"href":"https:\/\/radiorevelacionfm.cl\/index.php?rest_route=%2Fwp%2Fv2%2Fcategories&post=38828"},{"taxonomy":"post_tag","embeddable":true,"href":"https:\/\/radiorevelacionfm.cl\/index.php?rest_route=%2Fwp%2Fv2%2Ftags&post=38828"}],"curies":[{"name":"wp","href":"https:\/\/api.w.org\/{rel}","templated":true}]}}