{"id":38825,"date":"2024-01-15T21:30:55","date_gmt":"2024-01-16T00:30:55","guid":{"rendered":"https:\/\/radiorevelacionfm.cl\/?p=38825"},"modified":"2024-01-15T21:30:55","modified_gmt":"2024-01-16T00:30:55","slug":"realizan-emotivo-reconocimiento-a-un-historico-dirigente-deportivo-de-aysen-cien-pesos","status":"publish","type":"post","link":"https:\/\/radiorevelacionfm.cl\/?p=38825","title":{"rendered":"Realizan emotivo reconocimiento a un hist\u00f3rico dirigente deportivo de Ays\u00e9n \u201cCien Pesos\u201d"},"content":{"rendered":"<div class=\"flex_column av_one_full  flex_column_div av-zero-column-padding first  avia-builder-el-0  el_before_av_one_full  avia-builder-el-first  \" style='border-radius:0px; '><div  class='avia-image-container  av-styling-    avia-builder-el-1  avia-builder-el-no-sibling  avia-align-center '  itemprop=\"image\" itemscope=\"itemscope\" itemtype=\"https:\/\/schema.org\/ImageObject\"  ><div class='avia-image-container-inner'><div class='avia-image-overlay-wrap'><img decoding=\"async\" class='wp-image-38826 avia-img-lazy-loading-not-38826 avia_image' src=\"https:\/\/radiorevelacionfm.cl\/wp-content\/uploads\/2024\/01\/jose-cayun3-1_optimized-1.jpg\" alt='' title='jose-cayun3-(1)_optimized (1)' height=\"600\" width=\"1283\"  itemprop=\"thumbnailUrl\" srcset=\"https:\/\/radiorevelacionfm.cl\/wp-content\/uploads\/2024\/01\/jose-cayun3-1_optimized-1.jpg 1283w, https:\/\/radiorevelacionfm.cl\/wp-content\/uploads\/2024\/01\/jose-cayun3-1_optimized-1-300x140.jpg 300w, https:\/\/radiorevelacionfm.cl\/wp-content\/uploads\/2024\/01\/jose-cayun3-1_optimized-1-1030x482.jpg 1030w, https:\/\/radiorevelacionfm.cl\/wp-content\/uploads\/2024\/01\/jose-cayun3-1_optimized-1-768x359.jpg 768w, https:\/\/radiorevelacionfm.cl\/wp-content\/uploads\/2024\/01\/jose-cayun3-1_optimized-1-705x330.jpg 705w, https:\/\/radiorevelacionfm.cl\/wp-content\/uploads\/2024\/01\/jose-cayun3-1_optimized-1-450x210.jpg 450w, https:\/\/radiorevelacionfm.cl\/wp-content\/uploads\/2024\/01\/jose-cayun3-1_optimized-1-600x281.jpg 600w\" sizes=\"(max-width: 1283px) 100vw, 1283px\" \/><\/div><\/div><\/div><\/div><div class=\"flex_column av_one_full  flex_column_div av-zero-column-padding first  avia-builder-el-2  el_after_av_one_full  el_before_av_one_full  column-top-margin\" style='border-radius:0px; '><section class=\"av_textblock_section \"  itemscope=\"itemscope\" itemtype=\"https:\/\/schema.org\/BlogPosting\" itemprop=\"blogPost\" ><div class='avia_textblock  '   itemprop=\"text\" ><p style=\"text-align: center;\"><strong><span style=\"font-size: 18pt;\">Realizan emotivo reconocimiento a un hist\u00f3rico dirigente deportivo de Ays\u00e9n \u201cCien Pesos\u201d<\/span><\/strong><\/p>\n<div id=\"gtx-trans\" style=\"position: absolute; left: -50px; top: 4.31534px;\">\n<div class=\"gtx-trans-icon\"><\/div>\n<\/div>\n<\/div><\/section><\/div><div class=\"flex_column av_one_full  flex_column_div av-zero-column-padding first  avia-builder-el-4  el_after_av_one_full  el_before_av_hr  column-top-margin\" style='border-radius:0px; '><section class=\"av_textblock_section \"  itemscope=\"itemscope\" itemtype=\"https:\/\/schema.org\/BlogPosting\" itemprop=\"blogPost\" ><div class='avia_textblock  '   itemprop=\"text\" ><p style=\"text-align: justify;\">En la actualidad Jos\u00e9 Cay\u00fan Paillacar, se encuentra aquejado por una delicada enfermedad. Sus familiares, amigos, su querido club Deportivo \u201cAys\u00e9n\u201d, el Deportivo Municipal, sus colegas de la Municipalidad de Ays\u00e9n y ANFA local le rindieron homenaje en el estadio de Puerto Ays\u00e9n.<\/p>\n<p style=\"text-align: justify;\">Una hermosa ceremonia para rendir homenaje al vecino, dirigente deportivo y funcionario municipal, Jos\u00e9 Ernesto Cay\u00fan Paillacar, se vivi\u00f3 este s\u00e1bado en el estadio ANFA en Puerto Ays\u00e9n, donde cont\u00f3 con la presencia de familiares y amigos que han conocido su historia.<\/p>\n<p style=\"text-align: justify;\">La iniciativa, organizada por la Asociaci\u00f3n Nacional de F\u00fatbol Amateur local y el Club Deportivo Ays\u00e9n, con apoyo de la Ilustre Municipalidad de Ays\u00e9n, busc\u00f3 relevar la entrega, compromiso y trayectoria del conocido \u00abCien pesos\u00bb, dirigente hist\u00f3rico de los Clubes \u00abAys\u00e9n\u00bb y \u00abDeportivo Municipal\u00bb. Quien fuese presidente del C.D. Ays\u00e9n durante 25 a\u00f1os de forma ininterrumpida, y que desde hace 48 a\u00f1os ha dedicado su vida como funcionario p\u00fablico en el municipio aysenino.<\/p>\n<p style=\"text-align: justify;\">Cada discurso de los dirigentes deportivos evidenci\u00f3 la calidad de persona y dirigente que es Jos\u00e9 Cay\u00fan, lo que tambi\u00e9n puso en valor el alcalde de la comuna de Ays\u00e9n, Julio Uribe, quien lleg\u00f3 a saludar a esta persona que es parte de la historia de la comuna, alguien que ha encaminado a muchos dirigentes a seguir por la senda del trabajo en equipo y buscando que la ciudad siempre destaque en las distintas disciplinas.<\/p>\n<p style=\"text-align: justify;\">\u201cCien Pesos\u201d, claramente emocionando, tambi\u00e9n quiso referirse a este reconocimiento y se\u00f1al\u00f3, \u201cquiero agradecer este homenaje, que de repente uno dice, ser\u00e1 necesario tanto. Y luego uno analiza y di harto por el deporte, desde el a\u00f1o 78 que estoy en el deportivo Ays\u00e9n. La verdad es que, agradecer a las dos instituciones, a la Municipalidad de Ays\u00e9n, por haberme dado el trabajo, porque primero est\u00e1 ello y eso hay que reconocerlo, despu\u00e9s est\u00e1 el amor hacia el deporte. Agradecerle a toda la gente, al deportivo Ays\u00e9n, la directiva, por estos momentos bonitos\u201d.<\/p>\n<p style=\"text-align: justify;\">Jos\u00e9 Cay\u00fan, continu\u00f3 sus palabras agradeciendo a cada una de las personas, instituciones y familiares que se sumaron a este homenaje, manifestando que la delicada enfermedad que lo afecta, es una prueba m\u00e1s que pone Dios en su camino. Remarc\u00f3 su agradecimiento a la ANFA, al deportivo Ays\u00e9n, al deportivo Municipal, a la Municipalidad de Ays\u00e9n, a toda su familia, amigos y quienes llegaron al estadio la tarde de este s\u00e1bado para destacar y reconocer a \u201cCien Pesos\u201d.<\/p>\n<\/div><\/section><\/div><div  style='height:50px' class='hr hr-invisible   avia-builder-el-6  el_after_av_one_full  el_before_av_social_share '><span class='hr-inner ' ><span class='hr-inner-style'><\/span><\/span><\/div><\/p>\n<div  class='av-social-sharing-box  avia-builder-el-7  el_after_av_hr  el_before_av_hr  '><div class='av-share-box'><h5 class='av-share-link-description av-no-toc '>Compartir esta noticia<\/h5><ul class='av-share-box-list noLightbox'><li class='av-share-link av-social-link-facebook' ><a target=\"_blank\" aria-label=\"Compartir en Facebook\" href='https:\/\/www.facebook.com\/sharer.php?u=https:\/\/radiorevelacionfm.cl\/?p=38825&#038;t=Realizan%20emotivo%20reconocimiento%20a%20un%20hist%C3%B3rico%20dirigente%20deportivo%20de%20Ays%C3%A9n%20%E2%80%9CCien%20Pesos%E2%80%9D' aria-hidden='false' data-av_icon='\ue8f3' data-av_iconfont='entypo-fontello' title='' data-avia-related-tooltip='Compartir en Facebook' rel=\"noopener\"><span class='avia_hidden_link_text'>Compartir en Facebook<\/span><\/a><\/li><li class='av-share-link av-social-link-twitter' ><a target=\"_blank\" aria-label=\"Compartir en Twitter\" href='https:\/\/twitter.com\/share?text=Realizan%20emotivo%20reconocimiento%20a%20un%20hist%C3%B3rico%20dirigente%20deportivo%20de%20Ays%C3%A9n%20%E2%80%9CCien%20Pesos%E2%80%9D&#038;url=https:\/\/radiorevelacionfm.cl\/?p=38825' aria-hidden='false' data-av_icon='\ue8f1' data-av_iconfont='entypo-fontello' title='' data-avia-related-tooltip='Compartir en Twitter' rel=\"noopener\"><span class='avia_hidden_link_text'>Compartir en Twitter<\/span><\/a><\/li><li class='av-share-link av-social-link-whatsapp' ><a target=\"_blank\" aria-label=\"Compartir en Whatsapp\" href='https:\/\/api.whatsapp.com\/send?text=https:\/\/radiorevelacionfm.cl\/?p=38825' aria-hidden='false' data-av_icon='\uf232' data-av_iconfont='entypo-fontello' title='' data-avia-related-tooltip='Compartir en Whatsapp' rel=\"noopener\"><span class='avia_hidden_link_text'>Compartir en Whatsapp<\/span><\/a><\/li><li class='av-share-link av-social-link-linkedin' ><a target=\"_blank\" aria-label=\"Compartir en LinkedIn\" href='https:\/\/linkedin.com\/shareArticle?mini=true&#038;title=Realizan%20emotivo%20reconocimiento%20a%20un%20hist%C3%B3rico%20dirigente%20deportivo%20de%20Ays%C3%A9n%20%E2%80%9CCien%20Pesos%E2%80%9D&#038;url=https:\/\/radiorevelacionfm.cl\/?p=38825' aria-hidden='false' data-av_icon='\ue8fc' data-av_iconfont='entypo-fontello' title='' data-avia-related-tooltip='Compartir en LinkedIn' rel=\"noopener\"><span class='avia_hidden_link_text'>Compartir en LinkedIn<\/span><\/a><\/li><li class='av-share-link av-social-link-mail' ><a  aria-label=\"Compartir por correo\" href='mailto:?subject=Realizan%20emotivo%20reconocimiento%20a%20un%20hist%C3%B3rico%20dirigente%20deportivo%20de%20Ays%C3%A9n%20%E2%80%9CCien%20Pesos%E2%80%9D&#038;body=https:\/\/radiorevelacionfm.cl\/?p=38825' aria-hidden='false' data-av_icon='\ue805' data-av_iconfont='entypo-fontello' title='' data-avia-related-tooltip='Compartir por correo'><span class='avia_hidden_link_text'>Compartir por correo<\/span><\/a><\/li><\/ul><\/div><\/div>\n<div  style='height:50px' class='hr hr-invisible   avia-builder-el-8  el_after_av_social_share  el_before_av_comments_list '><span class='hr-inner ' ><span class='hr-inner-style'><\/span><\/span><\/div>\n<div  class='av-buildercomment  av-blog-meta-html-info-disabled av-blog-meta-tag-disabled  '><\/div>\n","protected":false},"excerpt":{"rendered":"","protected":false},"author":1,"featured_media":38826,"comment_status":"open","ping_status":"open","sticky":false,"template":"","format":"standard","meta":{"footnotes":""},"categories":[38],"tags":[],"class_list":["post-38825","post","type-post","status-publish","format-standard","has-post-thumbnail","hentry","category-regional"],"jetpack_featured_media_url":"https:\/\/radiorevelacionfm.cl\/wp-content\/uploads\/2024\/01\/jose-cayun3-1_optimized-1.jpg","_links":{"self":[{"href":"https:\/\/radiorevelacionfm.cl\/index.php?rest_route=\/wp\/v2\/posts\/38825","targetHints":{"allow":["GET"]}}],"collection":[{"href":"https:\/\/radiorevelacionfm.cl\/index.php?rest_route=\/wp\/v2\/posts"}],"about":[{"href":"https:\/\/radiorevelacionfm.cl\/index.php?rest_route=\/wp\/v2\/types\/post"}],"author":[{"embeddable":true,"href":"https:\/\/radiorevelacionfm.cl\/index.php?rest_route=\/wp\/v2\/users\/1"}],"replies":[{"embeddable":true,"href":"https:\/\/radiorevelacionfm.cl\/index.php?rest_route=%2Fwp%2Fv2%2Fcomments&post=38825"}],"version-history":[{"count":1,"href":"https:\/\/radiorevelacionfm.cl\/index.php?rest_route=\/wp\/v2\/posts\/38825\/revisions"}],"predecessor-version":[{"id":38827,"href":"https:\/\/radiorevelacionfm.cl\/index.php?rest_route=\/wp\/v2\/posts\/38825\/revisions\/38827"}],"wp:featuredmedia":[{"embeddable":true,"href":"https:\/\/radiorevelacionfm.cl\/index.php?rest_route=\/wp\/v2\/media\/38826"}],"wp:attachment":[{"href":"https:\/\/radiorevelacionfm.cl\/index.php?rest_route=%2Fwp%2Fv2%2Fmedia&parent=38825"}],"wp:term":[{"taxonomy":"category","embeddable":true,"href":"https:\/\/radiorevelacionfm.cl\/index.php?rest_route=%2Fwp%2Fv2%2Fcategories&post=38825"},{"taxonomy":"post_tag","embeddable":true,"href":"https:\/\/radiorevelacionfm.cl\/index.php?rest_route=%2Fwp%2Fv2%2Ftags&post=38825"}],"curies":[{"name":"wp","href":"https:\/\/api.w.org\/{rel}","templated":true}]}}