{"id":38818,"date":"2024-01-13T10:55:27","date_gmt":"2024-01-13T13:55:27","guid":{"rendered":"https:\/\/radiorevelacionfm.cl\/?p=38818"},"modified":"2024-01-13T10:55:27","modified_gmt":"2024-01-13T13:55:27","slug":"emilia-estudiante-de-villa-ohiggins-se-prepara-para-viajar-a-la-nasa","status":"publish","type":"post","link":"https:\/\/radiorevelacionfm.cl\/?p=38818","title":{"rendered":"Emilia, estudiante de Villa O&#8217;Higgins se prepara para viajar a la Nasa"},"content":{"rendered":"<div class=\"flex_column av_one_full  flex_column_div av-zero-column-padding first  avia-builder-el-0  el_before_av_one_full  avia-builder-el-first  \" style='border-radius:0px; '><div  class='avia-image-container  av-styling-    avia-builder-el-1  avia-builder-el-no-sibling  avia-align-center '  itemprop=\"image\" itemscope=\"itemscope\" itemtype=\"https:\/\/schema.org\/ImageObject\"  ><div class='avia-image-container-inner'><div class='avia-image-overlay-wrap'><img decoding=\"async\" class='wp-image-35181 avia-img-lazy-loading-not-35181 avia_image' src=\"https:\/\/radiorevelacionfm.cl\/wp-content\/uploads\/2023\/09\/ganadora-Aysen-3-1-1.jpg\" alt='' title='ganadora Aysen 3 (1) (1)' height=\"600\" width=\"825\"  itemprop=\"thumbnailUrl\" srcset=\"https:\/\/radiorevelacionfm.cl\/wp-content\/uploads\/2023\/09\/ganadora-Aysen-3-1-1.jpg 825w, https:\/\/radiorevelacionfm.cl\/wp-content\/uploads\/2023\/09\/ganadora-Aysen-3-1-1-300x218.jpg 300w, https:\/\/radiorevelacionfm.cl\/wp-content\/uploads\/2023\/09\/ganadora-Aysen-3-1-1-768x559.jpg 768w, https:\/\/radiorevelacionfm.cl\/wp-content\/uploads\/2023\/09\/ganadora-Aysen-3-1-1-705x513.jpg 705w, https:\/\/radiorevelacionfm.cl\/wp-content\/uploads\/2023\/09\/ganadora-Aysen-3-1-1-450x327.jpg 450w, https:\/\/radiorevelacionfm.cl\/wp-content\/uploads\/2023\/09\/ganadora-Aysen-3-1-1-600x436.jpg 600w\" sizes=\"(max-width: 825px) 100vw, 825px\" \/><\/div><\/div><\/div><\/div><div class=\"flex_column av_one_full  flex_column_div av-zero-column-padding first  avia-builder-el-2  el_after_av_one_full  el_before_av_one_full  column-top-margin\" style='border-radius:0px; '><section class=\"av_textblock_section \"  itemscope=\"itemscope\" itemtype=\"https:\/\/schema.org\/BlogPosting\" itemprop=\"blogPost\" ><div class='avia_textblock  '   itemprop=\"text\" ><p style=\"text-align: center;\"><strong><span style=\"font-size: 18pt;\">Emilia, estudiante de Villa O&#8217;Higgins se prepara para viajar a la Nasa<\/span><\/strong><\/p>\n<div id=\"gtx-trans\" style=\"position: absolute; left: -50px; top: 4.31534px;\">\n<div class=\"gtx-trans-icon\"><\/div>\n<\/div>\n<\/div><\/section><\/div><div class=\"flex_column av_one_full  flex_column_div av-zero-column-padding first  avia-builder-el-4  el_after_av_one_full  el_before_av_hr  column-top-margin\" style='border-radius:0px; '><section class=\"av_textblock_section \"  itemscope=\"itemscope\" itemtype=\"https:\/\/schema.org\/BlogPosting\" itemprop=\"blogPost\" ><div class='avia_textblock  '   itemprop=\"text\" ><p style=\"text-align: justify;\">Cada vez falta menos. Los 16 ni\u00f1os y ni\u00f1as ganadores del concurso Haz que Despeguen, organizado por Fundaci\u00f3n Educacional Oportunidad, despegar\u00e1n el 22 de enero rumbo a Estados Unidos para visitar el Centro Espacial Kennedy de la Nasa y vivir una experiencia inolvidable.<\/p>\n<p style=\"text-align: justify;\">La representante de la regi\u00f3n de Ays\u00e9n es Emilia Mart\u00ednez Gatica del Liceo Pioneros del Sur de Villa O&#8217;Higgins, quien en el primer semestre de 2023 tuvo un 96% de asistencia. Seg\u00fan su padre, Celso Mart\u00ednez, su hija est\u00e1 muy emocionada por el viaje que pronto realizar\u00e1 al Centro Espacial Kennedy. \u201cElla est\u00e1 feliz con todo lo que viene. Sus expectativas son conocer los cohetes que van al espacio, conversar con astronautas y si se puede, tocar la luna\u201d, dijo.<\/p>\n<p style=\"text-align: justify;\">Los 16 ganadores del concurso son estudiantes que en 2023 destacaron por tener sobre un 90% de asistencia en educaci\u00f3n parvularia y que participaron en este concurso que trat\u00f3 de responder a la problem\u00e1tica que se arrastra hace a\u00f1os y que en 2022 mostr\u00f3 que un 61% de las ni\u00f1as y ni\u00f1os de prek\u00ednder y k\u00ednder faltaron 6 semanas o m\u00e1s.<\/p>\n<p style=\"text-align: justify;\">Su viaje a Estados Unidos comienza el 22 de enero. Las ni\u00f1as y ni\u00f1os llegar\u00e1n primero a Miami, para luego trasladarse a Orlando y el mi\u00e9rcoles 24 visitar\u00e1n el Centro Espacial Kennedy.<\/p>\n<p style=\"text-align: justify;\">All\u00ed realizar\u00e1n un tour junto a sus apoderados con asistencia de un gu\u00eda,\u00a0 y tendr\u00e1n la oportunidad de conocer el Sal\u00f3n de la Fama de los astronautas de Estados Unidos, disfrutar de presentaciones con astronautas de la Nasa, subirse al transbordador espacial Atlantis, visitar el Jard\u00edn de Cohetes y ver pel\u00edculas espaciales 3D sobre el espacio, entre otras actividades. Al d\u00eda siguiente, 25 de enero, los ganadores ir\u00e1n al parque acu\u00e1tico Sea World como un complemento al premio base y con el objetivo que disfruten de sus vacaciones, para finalmente el viernes en la noche regresar a Chile.<\/p>\n<p style=\"text-align: justify;\">Marcela Marzolo, directora ejecutiva de Fundaci\u00f3n Educacional Oportunidad, indic\u00f3 que \u201cestamos felices que los ganadores del concurso Haz que Despeguen realicen este viaje que es fruto de su esfuerzo y el compromiso de las familias por asistir a clases. Esperamos que sea un impulso para seguir estimulando su asistencia y aprendizajes en 2024\u201d.<\/p>\n<p style=\"text-align: justify;\">Adem\u00e1s, agreg\u00f3 que \u201ca trav\u00e9s de esta iniciativa queremos inspirar a muchas otras ni\u00f1as, ni\u00f1os y sus familias para que este sea un a\u00f1o donde se le otorgue relevancia a la asistencia escolar, ya que puede marcar la diferencia en su trayectoria acad\u00e9mica en el futuro\u201d.<\/p>\n<\/div><\/section><\/div><div  style='height:50px' class='hr hr-invisible   avia-builder-el-6  el_after_av_one_full  el_before_av_social_share '><span class='hr-inner ' ><span class='hr-inner-style'><\/span><\/span><\/div><\/p>\n<div  class='av-social-sharing-box  avia-builder-el-7  el_after_av_hr  el_before_av_hr  '><div class='av-share-box'><h5 class='av-share-link-description av-no-toc '>Compartir esta noticia<\/h5><ul class='av-share-box-list noLightbox'><li class='av-share-link av-social-link-facebook' ><a target=\"_blank\" aria-label=\"Compartir en Facebook\" href='https:\/\/www.facebook.com\/sharer.php?u=https:\/\/radiorevelacionfm.cl\/?p=38818&#038;t=Emilia%2C%20estudiante%20de%20Villa%20O%E2%80%99Higgins%20se%20prepara%20para%20viajar%20a%20la%20Nasa' aria-hidden='false' data-av_icon='\ue8f3' data-av_iconfont='entypo-fontello' title='' data-avia-related-tooltip='Compartir en Facebook' rel=\"noopener\"><span class='avia_hidden_link_text'>Compartir en Facebook<\/span><\/a><\/li><li class='av-share-link av-social-link-twitter' ><a target=\"_blank\" aria-label=\"Compartir en Twitter\" href='https:\/\/twitter.com\/share?text=Emilia%2C%20estudiante%20de%20Villa%20O%E2%80%99Higgins%20se%20prepara%20para%20viajar%20a%20la%20Nasa&#038;url=https:\/\/radiorevelacionfm.cl\/?p=38818' aria-hidden='false' data-av_icon='\ue8f1' data-av_iconfont='entypo-fontello' title='' data-avia-related-tooltip='Compartir en Twitter' rel=\"noopener\"><span class='avia_hidden_link_text'>Compartir en Twitter<\/span><\/a><\/li><li class='av-share-link av-social-link-whatsapp' ><a target=\"_blank\" aria-label=\"Compartir en Whatsapp\" href='https:\/\/api.whatsapp.com\/send?text=https:\/\/radiorevelacionfm.cl\/?p=38818' aria-hidden='false' data-av_icon='\uf232' data-av_iconfont='entypo-fontello' title='' data-avia-related-tooltip='Compartir en Whatsapp' rel=\"noopener\"><span class='avia_hidden_link_text'>Compartir en Whatsapp<\/span><\/a><\/li><li class='av-share-link av-social-link-linkedin' ><a target=\"_blank\" aria-label=\"Compartir en LinkedIn\" href='https:\/\/linkedin.com\/shareArticle?mini=true&#038;title=Emilia%2C%20estudiante%20de%20Villa%20O%E2%80%99Higgins%20se%20prepara%20para%20viajar%20a%20la%20Nasa&#038;url=https:\/\/radiorevelacionfm.cl\/?p=38818' aria-hidden='false' data-av_icon='\ue8fc' data-av_iconfont='entypo-fontello' title='' data-avia-related-tooltip='Compartir en LinkedIn' rel=\"noopener\"><span class='avia_hidden_link_text'>Compartir en LinkedIn<\/span><\/a><\/li><li class='av-share-link av-social-link-mail' ><a  aria-label=\"Compartir por correo\" href='mailto:?subject=Emilia%2C%20estudiante%20de%20Villa%20O%E2%80%99Higgins%20se%20prepara%20para%20viajar%20a%20la%20Nasa&#038;body=https:\/\/radiorevelacionfm.cl\/?p=38818' aria-hidden='false' data-av_icon='\ue805' data-av_iconfont='entypo-fontello' title='' data-avia-related-tooltip='Compartir por correo'><span class='avia_hidden_link_text'>Compartir por correo<\/span><\/a><\/li><\/ul><\/div><\/div>\n<div  style='height:50px' class='hr hr-invisible   avia-builder-el-8  el_after_av_social_share  el_before_av_comments_list '><span class='hr-inner ' ><span class='hr-inner-style'><\/span><\/span><\/div>\n<div  class='av-buildercomment  av-blog-meta-html-info-disabled av-blog-meta-tag-disabled  '><\/div>\n","protected":false},"excerpt":{"rendered":"","protected":false},"author":1,"featured_media":35181,"comment_status":"open","ping_status":"open","sticky":false,"template":"","format":"standard","meta":{"footnotes":""},"categories":[38],"tags":[],"class_list":["post-38818","post","type-post","status-publish","format-standard","has-post-thumbnail","hentry","category-regional"],"jetpack_featured_media_url":"https:\/\/radiorevelacionfm.cl\/wp-content\/uploads\/2023\/09\/ganadora-Aysen-3-1-1.jpg","_links":{"self":[{"href":"https:\/\/radiorevelacionfm.cl\/index.php?rest_route=\/wp\/v2\/posts\/38818","targetHints":{"allow":["GET"]}}],"collection":[{"href":"https:\/\/radiorevelacionfm.cl\/index.php?rest_route=\/wp\/v2\/posts"}],"about":[{"href":"https:\/\/radiorevelacionfm.cl\/index.php?rest_route=\/wp\/v2\/types\/post"}],"author":[{"embeddable":true,"href":"https:\/\/radiorevelacionfm.cl\/index.php?rest_route=\/wp\/v2\/users\/1"}],"replies":[{"embeddable":true,"href":"https:\/\/radiorevelacionfm.cl\/index.php?rest_route=%2Fwp%2Fv2%2Fcomments&post=38818"}],"version-history":[{"count":1,"href":"https:\/\/radiorevelacionfm.cl\/index.php?rest_route=\/wp\/v2\/posts\/38818\/revisions"}],"predecessor-version":[{"id":38819,"href":"https:\/\/radiorevelacionfm.cl\/index.php?rest_route=\/wp\/v2\/posts\/38818\/revisions\/38819"}],"wp:featuredmedia":[{"embeddable":true,"href":"https:\/\/radiorevelacionfm.cl\/index.php?rest_route=\/wp\/v2\/media\/35181"}],"wp:attachment":[{"href":"https:\/\/radiorevelacionfm.cl\/index.php?rest_route=%2Fwp%2Fv2%2Fmedia&parent=38818"}],"wp:term":[{"taxonomy":"category","embeddable":true,"href":"https:\/\/radiorevelacionfm.cl\/index.php?rest_route=%2Fwp%2Fv2%2Fcategories&post=38818"},{"taxonomy":"post_tag","embeddable":true,"href":"https:\/\/radiorevelacionfm.cl\/index.php?rest_route=%2Fwp%2Fv2%2Ftags&post=38818"}],"curies":[{"name":"wp","href":"https:\/\/api.w.org\/{rel}","templated":true}]}}