{"id":38815,"date":"2024-01-12T20:33:09","date_gmt":"2024-01-12T23:33:09","guid":{"rendered":"https:\/\/radiorevelacionfm.cl\/?p=38815"},"modified":"2024-01-12T20:33:09","modified_gmt":"2024-01-12T23:33:09","slug":"emporcha-y-cft-estatal-de-aysen-firman-convenio-de-cooperacion","status":"publish","type":"post","link":"https:\/\/radiorevelacionfm.cl\/?p=38815","title":{"rendered":"Emporcha y CFT Estatal de Ays\u00e9n firman convenio de cooperaci\u00f3n"},"content":{"rendered":"<div class=\"flex_column av_one_full  flex_column_div av-zero-column-padding first  avia-builder-el-0  el_before_av_one_full  avia-builder-el-first  \" style='border-radius:0px; '><div  class='avia-image-container  av-styling-    avia-builder-el-1  avia-builder-el-no-sibling  avia-align-center '  itemprop=\"image\" itemscope=\"itemscope\" itemtype=\"https:\/\/schema.org\/ImageObject\"  ><div class='avia-image-container-inner'><div class='avia-image-overlay-wrap'><img decoding=\"async\" class='wp-image-38816 avia-img-lazy-loading-not-38816 avia_image' src=\"https:\/\/radiorevelacionfm.cl\/wp-content\/uploads\/2024\/01\/CFT-Estatal-convenio-1-2-2.jpeg\" alt='' title='CFT Estatal convenio 1-2-2' height=\"600\" width=\"800\"  itemprop=\"thumbnailUrl\" srcset=\"https:\/\/radiorevelacionfm.cl\/wp-content\/uploads\/2024\/01\/CFT-Estatal-convenio-1-2-2.jpeg 800w, https:\/\/radiorevelacionfm.cl\/wp-content\/uploads\/2024\/01\/CFT-Estatal-convenio-1-2-2-300x225.jpeg 300w, https:\/\/radiorevelacionfm.cl\/wp-content\/uploads\/2024\/01\/CFT-Estatal-convenio-1-2-2-768x576.jpeg 768w, https:\/\/radiorevelacionfm.cl\/wp-content\/uploads\/2024\/01\/CFT-Estatal-convenio-1-2-2-705x529.jpeg 705w, https:\/\/radiorevelacionfm.cl\/wp-content\/uploads\/2024\/01\/CFT-Estatal-convenio-1-2-2-450x338.jpeg 450w, https:\/\/radiorevelacionfm.cl\/wp-content\/uploads\/2024\/01\/CFT-Estatal-convenio-1-2-2-600x450.jpeg 600w\" sizes=\"(max-width: 800px) 100vw, 800px\" \/><\/div><\/div><\/div><\/div><div class=\"flex_column av_one_full  flex_column_div av-zero-column-padding first  avia-builder-el-2  el_after_av_one_full  el_before_av_one_full  column-top-margin\" style='border-radius:0px; '><section class=\"av_textblock_section \"  itemscope=\"itemscope\" itemtype=\"https:\/\/schema.org\/BlogPosting\" itemprop=\"blogPost\" ><div class='avia_textblock  '   itemprop=\"text\" ><p style=\"text-align: center;\"><span style=\"font-size: 18pt;\"><b>Emporcha y CFT Estatal de Ays\u00e9n firman convenio de cooperaci\u00f3n<\/b><\/span><\/p>\n<div id=\"gtx-trans\" style=\"position: absolute; left: -50px; top: 4.31534px;\">\n<div class=\"gtx-trans-icon\"><\/div>\n<\/div>\n<\/div><\/section><\/div><div class=\"flex_column av_one_full  flex_column_div av-zero-column-padding first  avia-builder-el-4  el_after_av_one_full  el_before_av_hr  column-top-margin\" style='border-radius:0px; '><section class=\"av_textblock_section \"  itemscope=\"itemscope\" itemtype=\"https:\/\/schema.org\/BlogPosting\" itemprop=\"blogPost\" ><div class='avia_textblock  '   itemprop=\"text\" ><p class=\"v1Marcelo\" style=\"text-align: justify;\">La Empresa Portuaria Chacabuco (Emporcha), a trav\u00e9s del presidente de su directorio, Enrique Runin, y el rector del Centro de Formaci\u00f3n T\u00e9cnica (CFT) Estatal de Ays\u00e9n, <span class=\"v1x193iq5w\">V\u00edctor Hugo \u00c1lvarez, firmaron un importante convenio de cooperaci\u00f3n.<\/span><\/p>\n<p class=\"v1Marcelo\" style=\"text-align: justify;\"><span class=\"v1x193iq5w\">La firma de este convenio se enmarca dentro de la Estrategia de Sostenibilidad de la Empresa Portuaria, que comienza su implementaci\u00f3n definitiva este 2024. El documento permitir\u00e1 formalizar y concretar el trabajo conjunto entre ambas instituciones, que ven\u00eda d\u00e1ndose durante gran parte de 2023, poniendo foco en distintos \u00e1mbitos de colaboraci\u00f3n.<\/span><\/p>\n<p class=\"v1Marcelo\" style=\"text-align: justify;\">\u201cEl objetivo de este convenio es promover la colaboraci\u00f3n de ambas instituciones en beneficio mutuo. Como Emporcha generando la posibilidad de que alumnos de estas carreras realicen pr\u00e1cticas t\u00e9cnicas profesionales en la empresa, de acuerdo a los estudios y la pertinencia; tambi\u00e9n dispondremos que nuestros equipos t\u00e9cnicos, especialistas en la actividad log\u00edstica, puedan realizar charlas a los estudiantes\u201d, describi\u00f3 Runin.<\/p>\n<p class=\"v1Marcelo\" style=\"text-align: justify;\">El directivo tambi\u00e9n mencion\u00f3 que el acuerdo permitir\u00e1 que delegaciones de estudiantes que est\u00e9n cursando carreras relacionadas con el \u00e1mbito portuario y la administraci\u00f3n puedan visitar la infraestructura portuaria; y adem\u00e1s, realizar seminarios y actividades de difusi\u00f3n en forma colaborativa.<\/p>\n<p class=\"v1Marcelo\" style=\"text-align: justify;\">\u201cSin duda es un hito de gran importancia la firma de este convenio entre Emporcha y el CFT Estatal de Ays\u00e9n, y se formaliza lo que ya hemos venido trabajando desde hace tiempo con el rector\u201d, a\u00f1adi\u00f3 el presidente del directorio.<\/p>\n<p class=\"v1Marcelo\" style=\"text-align: justify;\">El Centro de Formaci\u00f3n T\u00e9cnica Estatal de la Regi\u00f3n de Ays\u00e9n es una instituci\u00f3n de educaci\u00f3n superior p\u00fablica con acceso a gratuidad y a becas del estado, creado -junto a otras 15 entidades similares en todo Chile- por la Ley 20.910, dependiendo del Mineduc. En la regi\u00f3n est\u00e1n instalados desde hace m\u00e1s de un a\u00f1o, ubicados en Puerto Ays\u00e9n.<\/p>\n<p class=\"v1Marcelo\" style=\"text-align: justify;\">Durante 2024, la instituci\u00f3n mantendr\u00e1 una oferta de formaci\u00f3n en \u00e1mbitos como Mantenimiento Industrial, Procesos Acu\u00edcolas, Electromec\u00e1nica y Administraci\u00f3n de Sistemas Log\u00edsticos, siendo un polo relevante en la formaci\u00f3n de los futuros profesionales en los \u00e1mbitos productivos m\u00e1s emblem\u00e1ticos de la regi\u00f3n.<\/p>\n<p class=\"v1Marcelo\" style=\"text-align: justify;\">A la firma del convenio asistieron el delegado presidencial regional, Jorge D\u00edaz; el directorio de Emporcha y las m\u00e1ximas autoridades del CFT Estatal, entre otros.<\/p>\n<\/div><\/section><\/div><div  style='height:50px' class='hr hr-invisible   avia-builder-el-6  el_after_av_one_full  el_before_av_social_share '><span class='hr-inner ' ><span class='hr-inner-style'><\/span><\/span><\/div><\/p>\n<div  class='av-social-sharing-box  avia-builder-el-7  el_after_av_hr  el_before_av_hr  '><div class='av-share-box'><h5 class='av-share-link-description av-no-toc '>Compartir esta noticia<\/h5><ul class='av-share-box-list noLightbox'><li class='av-share-link av-social-link-facebook' ><a target=\"_blank\" aria-label=\"Compartir en Facebook\" href='https:\/\/www.facebook.com\/sharer.php?u=https:\/\/radiorevelacionfm.cl\/?p=38815&#038;t=Emporcha%20y%20CFT%20Estatal%20de%20Ays%C3%A9n%20firman%20convenio%20de%20cooperaci%C3%B3n' aria-hidden='false' data-av_icon='\ue8f3' data-av_iconfont='entypo-fontello' title='' data-avia-related-tooltip='Compartir en Facebook' rel=\"noopener\"><span class='avia_hidden_link_text'>Compartir en Facebook<\/span><\/a><\/li><li class='av-share-link av-social-link-twitter' ><a target=\"_blank\" aria-label=\"Compartir en Twitter\" href='https:\/\/twitter.com\/share?text=Emporcha%20y%20CFT%20Estatal%20de%20Ays%C3%A9n%20firman%20convenio%20de%20cooperaci%C3%B3n&#038;url=https:\/\/radiorevelacionfm.cl\/?p=38815' aria-hidden='false' data-av_icon='\ue8f1' data-av_iconfont='entypo-fontello' title='' data-avia-related-tooltip='Compartir en Twitter' rel=\"noopener\"><span class='avia_hidden_link_text'>Compartir en Twitter<\/span><\/a><\/li><li class='av-share-link av-social-link-whatsapp' ><a target=\"_blank\" aria-label=\"Compartir en Whatsapp\" href='https:\/\/api.whatsapp.com\/send?text=https:\/\/radiorevelacionfm.cl\/?p=38815' aria-hidden='false' data-av_icon='\uf232' data-av_iconfont='entypo-fontello' title='' data-avia-related-tooltip='Compartir en Whatsapp' rel=\"noopener\"><span class='avia_hidden_link_text'>Compartir en Whatsapp<\/span><\/a><\/li><li class='av-share-link av-social-link-linkedin' ><a target=\"_blank\" aria-label=\"Compartir en LinkedIn\" href='https:\/\/linkedin.com\/shareArticle?mini=true&#038;title=Emporcha%20y%20CFT%20Estatal%20de%20Ays%C3%A9n%20firman%20convenio%20de%20cooperaci%C3%B3n&#038;url=https:\/\/radiorevelacionfm.cl\/?p=38815' aria-hidden='false' data-av_icon='\ue8fc' data-av_iconfont='entypo-fontello' title='' data-avia-related-tooltip='Compartir en LinkedIn' rel=\"noopener\"><span class='avia_hidden_link_text'>Compartir en LinkedIn<\/span><\/a><\/li><li class='av-share-link av-social-link-mail' ><a  aria-label=\"Compartir por correo\" href='mailto:?subject=Emporcha%20y%20CFT%20Estatal%20de%20Ays%C3%A9n%20firman%20convenio%20de%20cooperaci%C3%B3n&#038;body=https:\/\/radiorevelacionfm.cl\/?p=38815' aria-hidden='false' data-av_icon='\ue805' data-av_iconfont='entypo-fontello' title='' data-avia-related-tooltip='Compartir por correo'><span class='avia_hidden_link_text'>Compartir por correo<\/span><\/a><\/li><\/ul><\/div><\/div>\n<div  style='height:50px' class='hr hr-invisible   avia-builder-el-8  el_after_av_social_share  el_before_av_comments_list '><span class='hr-inner ' ><span class='hr-inner-style'><\/span><\/span><\/div>\n<div  class='av-buildercomment  av-blog-meta-html-info-disabled av-blog-meta-tag-disabled  '><\/div>\n","protected":false},"excerpt":{"rendered":"","protected":false},"author":1,"featured_media":38816,"comment_status":"open","ping_status":"open","sticky":false,"template":"","format":"standard","meta":{"footnotes":""},"categories":[38],"tags":[],"class_list":["post-38815","post","type-post","status-publish","format-standard","has-post-thumbnail","hentry","category-regional"],"jetpack_featured_media_url":"https:\/\/radiorevelacionfm.cl\/wp-content\/uploads\/2024\/01\/CFT-Estatal-convenio-1-2-2.jpeg","_links":{"self":[{"href":"https:\/\/radiorevelacionfm.cl\/index.php?rest_route=\/wp\/v2\/posts\/38815","targetHints":{"allow":["GET"]}}],"collection":[{"href":"https:\/\/radiorevelacionfm.cl\/index.php?rest_route=\/wp\/v2\/posts"}],"about":[{"href":"https:\/\/radiorevelacionfm.cl\/index.php?rest_route=\/wp\/v2\/types\/post"}],"author":[{"embeddable":true,"href":"https:\/\/radiorevelacionfm.cl\/index.php?rest_route=\/wp\/v2\/users\/1"}],"replies":[{"embeddable":true,"href":"https:\/\/radiorevelacionfm.cl\/index.php?rest_route=%2Fwp%2Fv2%2Fcomments&post=38815"}],"version-history":[{"count":1,"href":"https:\/\/radiorevelacionfm.cl\/index.php?rest_route=\/wp\/v2\/posts\/38815\/revisions"}],"predecessor-version":[{"id":38817,"href":"https:\/\/radiorevelacionfm.cl\/index.php?rest_route=\/wp\/v2\/posts\/38815\/revisions\/38817"}],"wp:featuredmedia":[{"embeddable":true,"href":"https:\/\/radiorevelacionfm.cl\/index.php?rest_route=\/wp\/v2\/media\/38816"}],"wp:attachment":[{"href":"https:\/\/radiorevelacionfm.cl\/index.php?rest_route=%2Fwp%2Fv2%2Fmedia&parent=38815"}],"wp:term":[{"taxonomy":"category","embeddable":true,"href":"https:\/\/radiorevelacionfm.cl\/index.php?rest_route=%2Fwp%2Fv2%2Fcategories&post=38815"},{"taxonomy":"post_tag","embeddable":true,"href":"https:\/\/radiorevelacionfm.cl\/index.php?rest_route=%2Fwp%2Fv2%2Ftags&post=38815"}],"curies":[{"name":"wp","href":"https:\/\/api.w.org\/{rel}","templated":true}]}}