{"id":38812,"date":"2024-01-12T20:19:31","date_gmt":"2024-01-12T23:19:31","guid":{"rendered":"https:\/\/radiorevelacionfm.cl\/?p=38812"},"modified":"2024-01-12T20:19:31","modified_gmt":"2024-01-12T23:19:31","slug":"expulsan-a-cuatro-ciudadanos-colombianos-condenados-por-secuestro-en-coyhaique","status":"publish","type":"post","link":"https:\/\/radiorevelacionfm.cl\/?p=38812","title":{"rendered":"Expulsan a cuatro ciudadanos colombianos condenados por secuestro en Coyhaique"},"content":{"rendered":"<div class=\"flex_column av_one_full  flex_column_div av-zero-column-padding first  avia-builder-el-0  el_before_av_one_full  avia-builder-el-first  \" style='border-radius:0px; '><div  class='avia-image-container  av-styling-    avia-builder-el-1  avia-builder-el-no-sibling  avia-align-center '  itemprop=\"image\" itemscope=\"itemscope\" itemtype=\"https:\/\/schema.org\/ImageObject\"  ><div class='avia-image-container-inner'><div class='avia-image-overlay-wrap'><img decoding=\"async\" class='wp-image-38813 avia-img-lazy-loading-not-38813 avia_image' src=\"https:\/\/radiorevelacionfm.cl\/wp-content\/uploads\/2024\/01\/dsc_0066-2_optimized-2.jpg\" alt='' title='dsc_0066-2_optimized-2' height=\"600\" width=\"900\"  itemprop=\"thumbnailUrl\" srcset=\"https:\/\/radiorevelacionfm.cl\/wp-content\/uploads\/2024\/01\/dsc_0066-2_optimized-2.jpg 900w, https:\/\/radiorevelacionfm.cl\/wp-content\/uploads\/2024\/01\/dsc_0066-2_optimized-2-300x200.jpg 300w, https:\/\/radiorevelacionfm.cl\/wp-content\/uploads\/2024\/01\/dsc_0066-2_optimized-2-768x512.jpg 768w, https:\/\/radiorevelacionfm.cl\/wp-content\/uploads\/2024\/01\/dsc_0066-2_optimized-2-705x470.jpg 705w, https:\/\/radiorevelacionfm.cl\/wp-content\/uploads\/2024\/01\/dsc_0066-2_optimized-2-450x300.jpg 450w, https:\/\/radiorevelacionfm.cl\/wp-content\/uploads\/2024\/01\/dsc_0066-2_optimized-2-600x400.jpg 600w\" sizes=\"(max-width: 900px) 100vw, 900px\" \/><\/div><\/div><\/div><\/div><div class=\"flex_column av_one_full  flex_column_div av-zero-column-padding first  avia-builder-el-2  el_after_av_one_full  el_before_av_one_full  column-top-margin\" style='border-radius:0px; '><section class=\"av_textblock_section \"  itemscope=\"itemscope\" itemtype=\"https:\/\/schema.org\/BlogPosting\" itemprop=\"blogPost\" ><div class='avia_textblock  '   itemprop=\"text\" ><p style=\"text-align: center;\"><span style=\"font-size: 18pt;\"><strong>Expulsan a cuatro ciudadanos colombianos condenados por secuestro en Coyhaique<\/strong><\/span><\/p>\n<div id=\"gtx-trans\" style=\"position: absolute; left: -50px; top: 4.31534px;\">\n<div class=\"gtx-trans-icon\"><\/div>\n<\/div>\n<\/div><\/section><\/div><div class=\"flex_column av_one_full  flex_column_div av-zero-column-padding first  avia-builder-el-4  el_after_av_one_full  el_before_av_hr  column-top-margin\" style='border-radius:0px; '><section class=\"av_textblock_section \"  itemscope=\"itemscope\" itemtype=\"https:\/\/schema.org\/BlogPosting\" itemprop=\"blogPost\" ><div class='avia_textblock  '   itemprop=\"text\" ><p style=\"text-align: justify;\">La Polic\u00eda de Investigaciones de Chile (PDI) en la Regi\u00f3n de Ays\u00e9n, llev\u00f3 a cabo con \u00e9xito la expulsi\u00f3n judicial de cuatro extranjeros condenados por un delito ocurrido en enero del a\u00f1o pasado. Seg\u00fan la jefa de la Regi\u00f3n Policial de Ays\u00e9n, prefecta Carolina Namor, \u201cse efectu\u00f3 la expulsi\u00f3n judicial, dispuesta por el Juzgado de Garant\u00eda de Coyhaique, de cuatro ciudadanos colombianos que cometieron el delito de secuestro, por el cual fueron condenados en octubre de 2023\u201d.<\/p>\n<p style=\"text-align: justify;\">Los individuos identificados como E.R, L.M, R.R y B.C fueron declarados culpables en octubre de 2023, en relaci\u00f3n con un incidente ocurrido en enero del mismo a\u00f1o en Coyhaique.<\/p>\n<p style=\"text-align: justify;\">La prefecta agreg\u00f3 que, \u201cel viaje de los expulsados fue desde el aeropuerto de Balmaceda hasta Santiago y luego en un vuelo FACh, desde la capital Santiago hasta la capital Bogot\u00e1 en Colombia\u201d.<\/p>\n<p style=\"text-align: justify;\">Cabe se\u00f1alar que, dos de los condenados ten\u00edan antecedentes policiales por infracci\u00f3n a la Ley N\u00b020.000, lo que acent\u00faa la gravedad de sus actividades delictivas.<\/p>\n<p style=\"text-align: justify;\">Es importante precisar que, los cuatro colombianos est\u00e1n dentro de la n\u00f3mina de los 22 extranjeros que este 12 de enero fueron expulsados a sus pa\u00edses de origen por haber cometido alg\u00fan crimen en nuestro pa\u00eds.<\/p>\n<p style=\"text-align: justify;\"><strong>El Secuestro<\/strong><\/p>\n<p style=\"text-align: justify;\">El crimen que condujo a estas condenas tuvo lugar cuando los cuatro hombres ingresaron a una residencia en Coyhaique, utilizando armas de fuego para amenazar a la v\u00edctima. Bajo violencia, la v\u00edctima fue obligada a subir a un veh\u00edculo y trasladada a un lugar deshabitado. Durante el secuestro, los responsables recurrieron a amenazas e incluso apu\u00f1alamiento en una pierna para mantener a la v\u00edctima retenida.<\/p>\n<p style=\"text-align: justify;\">La intervenci\u00f3n oportuna de un control policial de Carabineros fue crucial para descubrir el rapto y llevar a cabo la detenci\u00f3n de los perpetradores.<\/p>\n<p style=\"text-align: justify;\">La PDI reafirma su compromiso con la seguridad y la justicia, trabajando incansablemente para garantizar la protecci\u00f3n de la ciudadan\u00eda y la investigaci\u00f3n efectiva de los delitos.<\/p>\n<p style=\"text-align: justify;\"><strong>\u00a0<\/strong><\/p>\n<\/div><\/section><\/div><div  style='height:50px' class='hr hr-invisible   avia-builder-el-6  el_after_av_one_full  el_before_av_social_share '><span class='hr-inner ' ><span class='hr-inner-style'><\/span><\/span><\/div><\/p>\n<div  class='av-social-sharing-box  avia-builder-el-7  el_after_av_hr  el_before_av_hr  '><div class='av-share-box'><h5 class='av-share-link-description av-no-toc '>Compartir esta noticia<\/h5><ul class='av-share-box-list noLightbox'><li class='av-share-link av-social-link-facebook' ><a target=\"_blank\" aria-label=\"Compartir en Facebook\" href='https:\/\/www.facebook.com\/sharer.php?u=https:\/\/radiorevelacionfm.cl\/?p=38812&#038;t=Expulsan%20a%20cuatro%20ciudadanos%20colombianos%20condenados%20por%20secuestro%20en%20Coyhaique' aria-hidden='false' data-av_icon='\ue8f3' data-av_iconfont='entypo-fontello' title='' data-avia-related-tooltip='Compartir en Facebook' rel=\"noopener\"><span class='avia_hidden_link_text'>Compartir en Facebook<\/span><\/a><\/li><li class='av-share-link av-social-link-twitter' ><a target=\"_blank\" aria-label=\"Compartir en Twitter\" href='https:\/\/twitter.com\/share?text=Expulsan%20a%20cuatro%20ciudadanos%20colombianos%20condenados%20por%20secuestro%20en%20Coyhaique&#038;url=https:\/\/radiorevelacionfm.cl\/?p=38812' aria-hidden='false' data-av_icon='\ue8f1' data-av_iconfont='entypo-fontello' title='' data-avia-related-tooltip='Compartir en Twitter' rel=\"noopener\"><span class='avia_hidden_link_text'>Compartir en Twitter<\/span><\/a><\/li><li class='av-share-link av-social-link-whatsapp' ><a target=\"_blank\" aria-label=\"Compartir en Whatsapp\" href='https:\/\/api.whatsapp.com\/send?text=https:\/\/radiorevelacionfm.cl\/?p=38812' aria-hidden='false' data-av_icon='\uf232' data-av_iconfont='entypo-fontello' title='' data-avia-related-tooltip='Compartir en Whatsapp' rel=\"noopener\"><span class='avia_hidden_link_text'>Compartir en Whatsapp<\/span><\/a><\/li><li class='av-share-link av-social-link-linkedin' ><a target=\"_blank\" aria-label=\"Compartir en LinkedIn\" href='https:\/\/linkedin.com\/shareArticle?mini=true&#038;title=Expulsan%20a%20cuatro%20ciudadanos%20colombianos%20condenados%20por%20secuestro%20en%20Coyhaique&#038;url=https:\/\/radiorevelacionfm.cl\/?p=38812' aria-hidden='false' data-av_icon='\ue8fc' data-av_iconfont='entypo-fontello' title='' data-avia-related-tooltip='Compartir en LinkedIn' rel=\"noopener\"><span class='avia_hidden_link_text'>Compartir en LinkedIn<\/span><\/a><\/li><li class='av-share-link av-social-link-mail' ><a  aria-label=\"Compartir por correo\" href='mailto:?subject=Expulsan%20a%20cuatro%20ciudadanos%20colombianos%20condenados%20por%20secuestro%20en%20Coyhaique&#038;body=https:\/\/radiorevelacionfm.cl\/?p=38812' aria-hidden='false' data-av_icon='\ue805' data-av_iconfont='entypo-fontello' title='' data-avia-related-tooltip='Compartir por correo'><span class='avia_hidden_link_text'>Compartir por correo<\/span><\/a><\/li><\/ul><\/div><\/div>\n<div  style='height:50px' class='hr hr-invisible   avia-builder-el-8  el_after_av_social_share  el_before_av_comments_list '><span class='hr-inner ' ><span class='hr-inner-style'><\/span><\/span><\/div>\n<div  class='av-buildercomment  av-blog-meta-html-info-disabled av-blog-meta-tag-disabled  '><\/div>\n","protected":false},"excerpt":{"rendered":"","protected":false},"author":1,"featured_media":38813,"comment_status":"open","ping_status":"open","sticky":false,"template":"","format":"standard","meta":{"footnotes":""},"categories":[36],"tags":[],"class_list":["post-38812","post","type-post","status-publish","format-standard","has-post-thumbnail","hentry","category-policial"],"jetpack_featured_media_url":"https:\/\/radiorevelacionfm.cl\/wp-content\/uploads\/2024\/01\/dsc_0066-2_optimized-2.jpg","_links":{"self":[{"href":"https:\/\/radiorevelacionfm.cl\/index.php?rest_route=\/wp\/v2\/posts\/38812","targetHints":{"allow":["GET"]}}],"collection":[{"href":"https:\/\/radiorevelacionfm.cl\/index.php?rest_route=\/wp\/v2\/posts"}],"about":[{"href":"https:\/\/radiorevelacionfm.cl\/index.php?rest_route=\/wp\/v2\/types\/post"}],"author":[{"embeddable":true,"href":"https:\/\/radiorevelacionfm.cl\/index.php?rest_route=\/wp\/v2\/users\/1"}],"replies":[{"embeddable":true,"href":"https:\/\/radiorevelacionfm.cl\/index.php?rest_route=%2Fwp%2Fv2%2Fcomments&post=38812"}],"version-history":[{"count":1,"href":"https:\/\/radiorevelacionfm.cl\/index.php?rest_route=\/wp\/v2\/posts\/38812\/revisions"}],"predecessor-version":[{"id":38814,"href":"https:\/\/radiorevelacionfm.cl\/index.php?rest_route=\/wp\/v2\/posts\/38812\/revisions\/38814"}],"wp:featuredmedia":[{"embeddable":true,"href":"https:\/\/radiorevelacionfm.cl\/index.php?rest_route=\/wp\/v2\/media\/38813"}],"wp:attachment":[{"href":"https:\/\/radiorevelacionfm.cl\/index.php?rest_route=%2Fwp%2Fv2%2Fmedia&parent=38812"}],"wp:term":[{"taxonomy":"category","embeddable":true,"href":"https:\/\/radiorevelacionfm.cl\/index.php?rest_route=%2Fwp%2Fv2%2Fcategories&post=38812"},{"taxonomy":"post_tag","embeddable":true,"href":"https:\/\/radiorevelacionfm.cl\/index.php?rest_route=%2Fwp%2Fv2%2Ftags&post=38812"}],"curies":[{"name":"wp","href":"https:\/\/api.w.org\/{rel}","templated":true}]}}