{"id":38809,"date":"2024-01-12T15:43:03","date_gmt":"2024-01-12T18:43:03","guid":{"rendered":"https:\/\/radiorevelacionfm.cl\/?p=38809"},"modified":"2024-01-12T15:43:03","modified_gmt":"2024-01-12T18:43:03","slug":"instalan-internet-satelital-en-20-postas-de-la-region-de-aysen","status":"publish","type":"post","link":"https:\/\/radiorevelacionfm.cl\/?p=38809","title":{"rendered":"Instalan internet satelital en 20 postas de la regi\u00f3n de Ays\u00e9n"},"content":{"rendered":"<div class=\"flex_column av_one_full  flex_column_div av-zero-column-padding first  avia-builder-el-0  el_before_av_one_full  avia-builder-el-first  \" style='border-radius:0px; '><div  class='avia-image-container  av-styling-    avia-builder-el-1  avia-builder-el-no-sibling  avia-align-center '  itemprop=\"image\" itemscope=\"itemscope\" itemtype=\"https:\/\/schema.org\/ImageObject\"  ><div class='avia-image-container-inner'><div class='avia-image-overlay-wrap'><img decoding=\"async\" class='wp-image-38810 avia-img-lazy-loading-not-38810 avia_image' src=\"https:\/\/radiorevelacionfm.cl\/wp-content\/uploads\/2024\/01\/BALMACEDA-5-2-2.jpeg\" alt='' title='BALMACEDA 5-2-2' height=\"600\" width=\"800\"  itemprop=\"thumbnailUrl\" srcset=\"https:\/\/radiorevelacionfm.cl\/wp-content\/uploads\/2024\/01\/BALMACEDA-5-2-2.jpeg 800w, https:\/\/radiorevelacionfm.cl\/wp-content\/uploads\/2024\/01\/BALMACEDA-5-2-2-300x225.jpeg 300w, https:\/\/radiorevelacionfm.cl\/wp-content\/uploads\/2024\/01\/BALMACEDA-5-2-2-768x576.jpeg 768w, https:\/\/radiorevelacionfm.cl\/wp-content\/uploads\/2024\/01\/BALMACEDA-5-2-2-705x529.jpeg 705w, https:\/\/radiorevelacionfm.cl\/wp-content\/uploads\/2024\/01\/BALMACEDA-5-2-2-450x338.jpeg 450w, https:\/\/radiorevelacionfm.cl\/wp-content\/uploads\/2024\/01\/BALMACEDA-5-2-2-600x450.jpeg 600w\" sizes=\"(max-width: 800px) 100vw, 800px\" \/><\/div><\/div><\/div><\/div><div class=\"flex_column av_one_full  flex_column_div av-zero-column-padding first  avia-builder-el-2  el_after_av_one_full  el_before_av_one_full  column-top-margin\" style='border-radius:0px; '><section class=\"av_textblock_section \"  itemscope=\"itemscope\" itemtype=\"https:\/\/schema.org\/BlogPosting\" itemprop=\"blogPost\" ><div class='avia_textblock  '   itemprop=\"text\" ><p style=\"text-align: center;\"><strong><span style=\"font-size: 18pt;\">Instalan internet satelital en 20 postas de la regi\u00f3n de Ays\u00e9n<\/span><\/strong><\/p>\n<div id=\"gtx-trans\" style=\"position: absolute; left: -50px; top: 4.31534px;\">\n<div class=\"gtx-trans-icon\"><\/div>\n<\/div>\n<\/div><\/section><\/div><div class=\"flex_column av_one_full  flex_column_div av-zero-column-padding first  avia-builder-el-4  el_after_av_one_full  el_before_av_hr  column-top-margin\" style='border-radius:0px; '><section class=\"av_textblock_section \"  itemscope=\"itemscope\" itemtype=\"https:\/\/schema.org\/BlogPosting\" itemprop=\"blogPost\" ><div class='avia_textblock  '   itemprop=\"text\" ><p class=\"v1MsoNormal\" style=\"text-align: justify;\"><span lang=\"ES-MX\">Con una conexi\u00f3n en tiempo real entre la posta Balmaceda y m\u00e9dicos del Departamento de Salud Digital, Santiago, se oficializ\u00f3 el \u00b4Lanzamiento Habilitaci\u00f3n Servicio Satelital Starlink en Postas de Salud Rural\u00b4, iniciativa que por ahora funciona en 20 dispositivos de la regi\u00f3n y que tiene como objetivo acercar la salud a las zonas rurales del territorio a trav\u00e9s de las tecnolog\u00edas.<\/span><\/p>\n<p class=\"v1MsoNormal\" style=\"text-align: justify;\"><span lang=\"ES-MX\">Olga Barros Medina, primera paciente en ser atendida por funcionarios de la posta y profesionales de Salud Digital, cont\u00f3 su experiencia con la Telemedicina.<\/span><\/p>\n<p class=\"v1MsoNormal\" style=\"text-align: justify;\"><span lang=\"ES-MX\">\u00abSiempre he tenido buena atenci\u00f3n en la posta, los param\u00e9dicos son excelentes conmigo y con el resto de las personas, vine a urgencias y me atendieron s\u00faper bien y ahora muy feliz porque todos estaban preocupados por m\u00ed. Fui la primera usuaria de este proyecto, me sent\u00ed muy contenta y le doy las gracias a todas las personas que estuvieron en la consulta apoy\u00e1ndome y acompa\u00f1\u00e1ndome\u00bb, expres\u00f3 Barros.<\/span><\/p>\n<p class=\"v1MsoNormal\" style=\"text-align: justify;\"><span lang=\"ES-MX\">En esa misma l\u00ednea, la comunidad destac\u00f3 el compromiso del Servicio de Salud Ays\u00e9n de seguir avanzando en entregar atenciones m\u00e1s oportunas a las personas a trav\u00e9s de las tecnolog\u00edas, sin importar el lugar en donde viven. <\/span><\/p>\n<p class=\"v1MsoNormal\" style=\"text-align: justify;\"><span lang=\"ES-MX\">\u00abMuy contentos porque es la forma de prestar mejores atenciones y servicios a las usuarias y usuarios de la posta, la atenci\u00f3n m\u00e9dica va a ser m\u00e1s cercana con los profesionales, claramente a trav\u00e9s de una pantalla, pero la consulta va a ser la misma y mucho mejor\u00bb, manifest\u00f3 Angelica Cifuentes, presidenta de la Junta de Vecinos de Balmaceda. <\/span><\/p>\n<p class=\"v1MsoNormal\" style=\"text-align: justify;\"><span lang=\"ES-MX\">Actualmente, el Sistema Satelital Starlink permite fortalecer las estrategias de Telemedicina en colaboraci\u00f3n con el Departamento de Salud Digital y el SSA a trav\u00e9s de su Direcci\u00f3n de Salud Rural.<\/span><\/p>\n<p class=\"v1MsoNormal\" style=\"text-align: justify;\"><span lang=\"ES-MX\">\u00abVamos a tener una mejor salud a trav\u00e9s del sistema de internet satelital y seguimos acercando las atenciones a la comunidad, potenciar Telesalud, Telemedicina y otros tipos de estrategias que nos va a permitir a futuro conectar a toda la regi\u00f3n a trav\u00e9s de Salud Digital\u00bb, mencion\u00f3 Juan Pablo Bravo Quintana, director del Servicio de Salud Ays\u00e9n. <\/span><\/p>\n<p class=\"v1MsoNormal\" style=\"text-align: justify;\"><span lang=\"ES-MX\">La inversi\u00f3n en conectividad digital para las postas supera los 85 millones de pesos y permite resolver una brecha hist\u00f3rica en la ruralidad aysenina.<\/span><\/p>\n<p class=\"v1MsoNormal\" style=\"text-align: justify;\"><span lang=\"ES-MX\">Adem\u00e1s, se contempla la adjudicaci\u00f3n por arriendo de 81 computadores con huelleros para licencias m\u00e9dicas electr\u00f3nicas m\u00e1s un enlace para radiocomunicaciones por cerca de 200 millones de pesos.\u00a0<\/span><\/p>\n<p class=\"v1MsoNormal\" style=\"text-align: justify;\"><span lang=\"ES-MX\">\u00a0<\/span>\u00abContenta porque la posta tuvo cambios en infraestructura, equipamiento y ahora en conectividad, entonces finalmente ha sido un a\u00f1o muy fruct\u00edfero en donde ha sido dif\u00edcil ir concretando proyectos, pero finalmente las iniciativas han dado resultado y estamos empezando este 2024 para los habitantes de las localidades rurales\u00bb, a\u00f1adi\u00f3 Lorena Guerrera, directora de Salud Rural.<\/p>\n<p class=\"v1MsoNormal\" style=\"text-align: justify;\"><span lang=\"ES-MX\">Este 2023, la localidad de Balmaceda lider\u00f3 a nivel pa\u00eds las atenciones de medicina general v\u00eda Teleconsulta.<\/span><\/p>\n<p class=\"v1MsoNormal\" style=\"text-align: justify;\"><span lang=\"ES-MX\">\u00abLa tecnolog\u00eda est\u00e1 al servicio de las personas y, como gobierno del presidente Gabriel Boric, estamos haciendo un esfuerzo importante de acercar la conectividad y de esta forma atender y potenciar este requerimiento en salud y hacer un uso eficiente de los recursos que permite que m\u00e1s profesionales puedan estar en el territorio o a trav\u00e9s del internet\u00bb, dijo Samuel Navarro, Seremi de Justicia y Derechos Humanos en representaci\u00f3n del delegado presidencial regional.<\/span><\/p>\n<p class=\"v1MsoNormal\" style=\"text-align: justify;\">Postas como la de Lago Atravesado, El Blanco, Balmaceda, Cerro Castillo, R\u00edo Ib\u00e1\u00f1ez, \u00d1irehuao, Villa Amengual, Puerto S\u00e1nchez, entre otras, est\u00e1n dentro del grupo de establecimientos que brindan atenciones por Teleconsulta, a su vez se proyecta,\u00a0<span lang=\"ES-MX\">a corto plazo, la instalaci\u00f3n del mismo sistema en otras siete postas de la regi\u00f3n m\u00e1s en el CECOSF de Villa Ma\u00f1ihuales con una inversi\u00f3n de\u00a019 millones de pesos.\u00a0<\/span><\/p>\n<p class=\"v1MsoNormal\" style=\"text-align: justify;\"><span lang=\"ES-MX\">\u00a0<\/span><\/p>\n<\/div><\/section><\/div><div  style='height:50px' class='hr hr-invisible   avia-builder-el-6  el_after_av_one_full  el_before_av_social_share '><span class='hr-inner ' ><span class='hr-inner-style'><\/span><\/span><\/div><\/p>\n<div  class='av-social-sharing-box  avia-builder-el-7  el_after_av_hr  el_before_av_hr  '><div class='av-share-box'><h5 class='av-share-link-description av-no-toc '>Compartir esta noticia<\/h5><ul class='av-share-box-list noLightbox'><li class='av-share-link av-social-link-facebook' ><a target=\"_blank\" aria-label=\"Compartir en Facebook\" href='https:\/\/www.facebook.com\/sharer.php?u=https:\/\/radiorevelacionfm.cl\/?p=38809&#038;t=Instalan%20internet%20satelital%20en%2020%20postas%20de%20la%20regi%C3%B3n%20de%20Ays%C3%A9n' aria-hidden='false' data-av_icon='\ue8f3' data-av_iconfont='entypo-fontello' title='' data-avia-related-tooltip='Compartir en Facebook' rel=\"noopener\"><span class='avia_hidden_link_text'>Compartir en Facebook<\/span><\/a><\/li><li class='av-share-link av-social-link-twitter' ><a target=\"_blank\" aria-label=\"Compartir en Twitter\" href='https:\/\/twitter.com\/share?text=Instalan%20internet%20satelital%20en%2020%20postas%20de%20la%20regi%C3%B3n%20de%20Ays%C3%A9n&#038;url=https:\/\/radiorevelacionfm.cl\/?p=38809' aria-hidden='false' data-av_icon='\ue8f1' data-av_iconfont='entypo-fontello' title='' data-avia-related-tooltip='Compartir en Twitter' rel=\"noopener\"><span class='avia_hidden_link_text'>Compartir en Twitter<\/span><\/a><\/li><li class='av-share-link av-social-link-whatsapp' ><a target=\"_blank\" aria-label=\"Compartir en Whatsapp\" href='https:\/\/api.whatsapp.com\/send?text=https:\/\/radiorevelacionfm.cl\/?p=38809' aria-hidden='false' data-av_icon='\uf232' data-av_iconfont='entypo-fontello' title='' data-avia-related-tooltip='Compartir en Whatsapp' rel=\"noopener\"><span class='avia_hidden_link_text'>Compartir en Whatsapp<\/span><\/a><\/li><li class='av-share-link av-social-link-linkedin' ><a target=\"_blank\" aria-label=\"Compartir en LinkedIn\" href='https:\/\/linkedin.com\/shareArticle?mini=true&#038;title=Instalan%20internet%20satelital%20en%2020%20postas%20de%20la%20regi%C3%B3n%20de%20Ays%C3%A9n&#038;url=https:\/\/radiorevelacionfm.cl\/?p=38809' aria-hidden='false' data-av_icon='\ue8fc' data-av_iconfont='entypo-fontello' title='' data-avia-related-tooltip='Compartir en LinkedIn' rel=\"noopener\"><span class='avia_hidden_link_text'>Compartir en LinkedIn<\/span><\/a><\/li><li class='av-share-link av-social-link-mail' ><a  aria-label=\"Compartir por correo\" href='mailto:?subject=Instalan%20internet%20satelital%20en%2020%20postas%20de%20la%20regi%C3%B3n%20de%20Ays%C3%A9n&#038;body=https:\/\/radiorevelacionfm.cl\/?p=38809' aria-hidden='false' data-av_icon='\ue805' data-av_iconfont='entypo-fontello' title='' data-avia-related-tooltip='Compartir por correo'><span class='avia_hidden_link_text'>Compartir por correo<\/span><\/a><\/li><\/ul><\/div><\/div>\n<div  style='height:50px' class='hr hr-invisible   avia-builder-el-8  el_after_av_social_share  el_before_av_comments_list '><span class='hr-inner ' ><span class='hr-inner-style'><\/span><\/span><\/div>\n<div  class='av-buildercomment  av-blog-meta-html-info-disabled av-blog-meta-tag-disabled  '><\/div>\n","protected":false},"excerpt":{"rendered":"","protected":false},"author":1,"featured_media":38810,"comment_status":"open","ping_status":"open","sticky":false,"template":"","format":"standard","meta":{"footnotes":""},"categories":[46],"tags":[],"class_list":["post-38809","post","type-post","status-publish","format-standard","has-post-thumbnail","hentry","category-salud"],"jetpack_featured_media_url":"https:\/\/radiorevelacionfm.cl\/wp-content\/uploads\/2024\/01\/BALMACEDA-5-2-2.jpeg","_links":{"self":[{"href":"https:\/\/radiorevelacionfm.cl\/index.php?rest_route=\/wp\/v2\/posts\/38809","targetHints":{"allow":["GET"]}}],"collection":[{"href":"https:\/\/radiorevelacionfm.cl\/index.php?rest_route=\/wp\/v2\/posts"}],"about":[{"href":"https:\/\/radiorevelacionfm.cl\/index.php?rest_route=\/wp\/v2\/types\/post"}],"author":[{"embeddable":true,"href":"https:\/\/radiorevelacionfm.cl\/index.php?rest_route=\/wp\/v2\/users\/1"}],"replies":[{"embeddable":true,"href":"https:\/\/radiorevelacionfm.cl\/index.php?rest_route=%2Fwp%2Fv2%2Fcomments&post=38809"}],"version-history":[{"count":1,"href":"https:\/\/radiorevelacionfm.cl\/index.php?rest_route=\/wp\/v2\/posts\/38809\/revisions"}],"predecessor-version":[{"id":38811,"href":"https:\/\/radiorevelacionfm.cl\/index.php?rest_route=\/wp\/v2\/posts\/38809\/revisions\/38811"}],"wp:featuredmedia":[{"embeddable":true,"href":"https:\/\/radiorevelacionfm.cl\/index.php?rest_route=\/wp\/v2\/media\/38810"}],"wp:attachment":[{"href":"https:\/\/radiorevelacionfm.cl\/index.php?rest_route=%2Fwp%2Fv2%2Fmedia&parent=38809"}],"wp:term":[{"taxonomy":"category","embeddable":true,"href":"https:\/\/radiorevelacionfm.cl\/index.php?rest_route=%2Fwp%2Fv2%2Fcategories&post=38809"},{"taxonomy":"post_tag","embeddable":true,"href":"https:\/\/radiorevelacionfm.cl\/index.php?rest_route=%2Fwp%2Fv2%2Ftags&post=38809"}],"curies":[{"name":"wp","href":"https:\/\/api.w.org\/{rel}","templated":true}]}}