{"id":38806,"date":"2024-01-11T21:34:27","date_gmt":"2024-01-12T00:34:27","guid":{"rendered":"https:\/\/radiorevelacionfm.cl\/?p=38806"},"modified":"2024-01-19T21:34:46","modified_gmt":"2024-01-20T00:34:46","slug":"anuncian-reforma-integral-a-la-tramitacion-de-permisos-sectoriales","status":"publish","type":"post","link":"https:\/\/radiorevelacionfm.cl\/?p=38806","title":{"rendered":"Anuncian Reforma Integral a la tramitaci\u00f3n de permisos sectoriales"},"content":{"rendered":"<div class=\"flex_column av_one_full  flex_column_div av-zero-column-padding first  avia-builder-el-0  el_before_av_one_full  avia-builder-el-first  \" style='border-radius:0px; '><div  class='avia-image-container  av-styling-    avia-builder-el-1  avia-builder-el-no-sibling  avia-align-center '  itemprop=\"image\" itemscope=\"itemscope\" itemtype=\"https:\/\/schema.org\/ImageObject\"  ><div class='avia-image-container-inner'><div class='avia-image-overlay-wrap'><img decoding=\"async\" class='wp-image-38807 avia-img-lazy-loading-not-38807 avia_image' src=\"https:\/\/radiorevelacionfm.cl\/wp-content\/uploads\/2024\/01\/FIRMA2-2-2.jpeg\" alt='' title='FIRMA2-2-2' height=\"600\" width=\"901\"  itemprop=\"thumbnailUrl\" srcset=\"https:\/\/radiorevelacionfm.cl\/wp-content\/uploads\/2024\/01\/FIRMA2-2-2.jpeg 901w, https:\/\/radiorevelacionfm.cl\/wp-content\/uploads\/2024\/01\/FIRMA2-2-2-300x200.jpeg 300w, https:\/\/radiorevelacionfm.cl\/wp-content\/uploads\/2024\/01\/FIRMA2-2-2-768x511.jpeg 768w, https:\/\/radiorevelacionfm.cl\/wp-content\/uploads\/2024\/01\/FIRMA2-2-2-705x469.jpeg 705w, https:\/\/radiorevelacionfm.cl\/wp-content\/uploads\/2024\/01\/FIRMA2-2-2-450x300.jpeg 450w, https:\/\/radiorevelacionfm.cl\/wp-content\/uploads\/2024\/01\/FIRMA2-2-2-600x400.jpeg 600w\" sizes=\"(max-width: 901px) 100vw, 901px\" \/><\/div><\/div><\/div><\/div><div class=\"flex_column av_one_full  flex_column_div av-zero-column-padding first  avia-builder-el-2  el_after_av_one_full  el_before_av_one_full  column-top-margin\" style='border-radius:0px; '><section class=\"av_textblock_section \"  itemscope=\"itemscope\" itemtype=\"https:\/\/schema.org\/BlogPosting\" itemprop=\"blogPost\" ><div class='avia_textblock  '   itemprop=\"text\" ><p style=\"text-align: center;\"><strong><span style=\"font-size: 18pt;\">Anuncian Reforma Integral a la tramitaci\u00f3n de permisos sectoriales<\/span><\/strong><\/p>\n<div id=\"gtx-trans\" style=\"position: absolute; left: -50px; top: 4.31534px;\">\n<div class=\"gtx-trans-icon\"><\/div>\n<\/div>\n<\/div><\/section><\/div><div class=\"flex_column av_one_full  flex_column_div av-zero-column-padding first  avia-builder-el-4  el_after_av_one_full  el_before_av_hr  column-top-margin\" style='border-radius:0px; '><section class=\"av_textblock_section \"  itemscope=\"itemscope\" itemtype=\"https:\/\/schema.org\/BlogPosting\" itemprop=\"blogPost\" ><div class='avia_textblock  '   itemprop=\"text\" ><p style=\"text-align: justify;\">El proyecto de Ley Marco de Autorizaciones Sectoriales, que crea el Sistema de Permisos Inteligentes (Sistema para la Regulaci\u00f3n y Evaluaci\u00f3n Sectorial) es una reforma profunda a c\u00f3mo se entregan hoy los permisos no ambientales necesarios para el desarrollo de proyectos y actividades en \u00e1reas reguladas. El impacto de este proyecto implicara\u0301 una agilizaci\u00f3n en la materializaci\u00f3n de proyectos p\u00fablicos y privados, tanto para grandes como peque\u00f1os y medianos proyectos mediante una reducci\u00f3n de la complejidad regulatoriay mayor claridad jur\u00eddica para quienes solicitan permisos, mejorando el clima de inversi\u00f3n en el pa\u00eds.<\/p>\n<p style=\"text-align: justify;\">El Seremi de Econom\u00eda de la Regi\u00f3n de Ays\u00e9n; Felipe Rojas Pizarro, relev\u00f3 la importancia de acciones como \u00e9sta para la dinamizaci\u00f3n de la econom\u00eda: \u201cLa creaci\u00f3n de este nuevo Sistema de Permisos Inteligentes es una de las prioridades del Gobierno del Presidente Gabriel Boric, que esta\u0301 profundamente comprometido con fortalecer y aumentar la inversi\u00f3n, para avanzar en crecimiento econ\u00f3mico y empleo. Esta reforma posibilitar\u00e1, hacer m\u00e1s simples los procesos de autorizaci\u00f3n en la m\u00e1s amplia gama de proyectos de inversi\u00f3n, desde los m\u00e1s grandes, que por lo general son los permisos requeridos por la miner\u00eda, hasta los m\u00e1s peque\u00f1os, como por ejemplo; un almac\u00e9n. Para nuestra regi\u00f3n, la inversi\u00f3n p\u00fablica es sumamente importante, pero tambi\u00e9n es trascendental la atracci\u00f3n de inversi\u00f3n privada, por tanto este tipo de iniciativas contribuyen de buena manera a este objetivo. Esta reforma impactar\u00e1 r\u00e1pida, efectiva y positivamente en la econom\u00eda nacional y por ende en todos quienes habitan el territorio nacional y en nuestra regi\u00f3n.\u201d<\/p>\n<p style=\"text-align: justify;\">El proyecto de Ley implicara\u0301 una reducci\u00f3n de tiempo en la tramitaci\u00f3n de los permisos, ya que la mayor\u00eda de ellos, realizar\u00e1 la tramitaci\u00f3n por canales m\u00e1s livianos. Eso permitir\u00e1\u0301 que, con la misma cantidad de personas y capacidad que hay en los servicios, se responda a las solicitudes de permiso con mayor celeridad. La reforma, que ha sido trabajada con 37 servicios y 16 ministerios, es un avance sustantivo en la modernizaci\u00f3n del Estado, que ayudara\u0301 a que el desarrollo productivo se extienda por el pa\u00eds.<\/p>\n<p style=\"text-align: justify;\">El Seremi del Medio Ambiente de la Regi\u00f3n de Ays\u00e9n; Yoal D\u00edaz Reyes, subray\u00f3 la importancia de este proyecto; \u201cComo Gobierno, y tambi\u00e9n como Ministerio del Medio Ambiente, podemos decir que hoy pudimos presentar la reforma a la Ley 19.300 de Bases Generales del Medio Ambiente, que busca avanzar en un gran acuerdo pol\u00edtico en pos del crecimiento y desarrollo de nuestro pa\u00eds con perspectiva medioambiental. Estamos muy orgullosos que este hito nos permita avanzar en una modernizaci\u00f3n del Sistema de Evaluaci\u00f3n de Impacto Ambiental, generando las condiciones necesarias para que las tramitaciones cumplan con los plazos y estos plazos tambi\u00e9n se vayan reduciendo a medida que la legislaci\u00f3n vigente vaya acompa\u00f1ada con la responsabilidad de los titulares, con respecto al cuidado y preservaci\u00f3n de nuestros ecosistemas.\u201d<\/p>\n<p style=\"text-align: justify;\">Los diversos an\u00e1lisis previos, concluyeron que existen cuatro grandes problemas en torno a la tramitaci\u00f3n de permisos sectoriales: Procesos de evaluaci\u00f3n excesivamente largos, falta de certeza jur\u00eddica, falta de proporcionalidad en la regulaci\u00f3n de permisos sectoriales y falta de informaci\u00f3n centralizada. Haci\u00e9ndose cargo de lo anterior, la reforma propone medidas que en su conjunto entregar\u00e1n mayor fluidez y elevar\u00e1n la responsabilidad de los privados; normas m\u00ednimas de tramitaci\u00f3n para permisos sectoriales, inclusio\u0301n de criterios de proporcionalidad en la tramitaci\u00f3n, ventanilla \u00fanica digital y una Gobernanza que coordine la tramitaci\u00f3n sectorial.<\/p>\n<p style=\"text-align: justify;\">El empresario regional H\u00e9ctor Canales Cabezas, valor\u00f3 la iniciativa que emana desde el Gobierno y coment\u00f3; \u201cSin duda que es una gran noticia para la Regi\u00f3n de Ays\u00e9n el anuncio de que prontamente entrar\u00e1 a discusi\u00f3n legislativa la reforma integral de tramitaci\u00f3n de permisos sectoriales. Nuestra regi\u00f3n necesita con urgencia contar con certezas y tener mayor inversi\u00f3n, lo que es fundamental para su crecimiento, m\u00e1s all\u00e1 de la inversi\u00f3n p\u00fablica.Los permisos sectoriales son fundamentales y en muchos casos, la tramitaci\u00f3n presenta demoras excesivas. Por ejemplo, para quienes queremos construir, donde ya tenemos la dificultad clim\u00e1tica, ser\u00e1 muy positivo agilizar el tr\u00e1mite de estos permisos. Por tanto, desde nuestra visi\u00f3n esta reforma integral, es muy bien recibida y esperamos que el tr\u00e1mite sea breve.\u201d<\/p>\n<p style=\"text-align: justify;\">Esta Reforma integral a la tramitaci\u00f3n de permisos sectoriales es esencial para abordar el problema de la desmedida burocracia que existe en nuestro pa\u00eds y que sin duda, se ha convertido en un obst\u00e1culo para acelerar la inversi\u00f3n y por ende el desarrollo de nuestro territorio. El proyecto que fue firmado en las \u00faltimas horas por el Presidente Boric, iniciar\u00e1 prontamente su tramitaci\u00f3n en el Congreso Nacional.<\/p>\n<\/div><\/section><\/div><div  style='height:50px' class='hr hr-invisible   avia-builder-el-6  el_after_av_one_full  el_before_av_social_share '><span class='hr-inner ' ><span class='hr-inner-style'><\/span><\/span><\/div><\/p>\n<div  class='av-social-sharing-box  avia-builder-el-7  el_after_av_hr  el_before_av_hr  '><div class='av-share-box'><h5 class='av-share-link-description av-no-toc '>Compartir esta noticia<\/h5><ul class='av-share-box-list noLightbox'><li class='av-share-link av-social-link-facebook' ><a target=\"_blank\" aria-label=\"Compartir en Facebook\" href='https:\/\/www.facebook.com\/sharer.php?u=https:\/\/radiorevelacionfm.cl\/?p=38806&#038;t=Anuncian%20Reforma%20Integral%20a%20la%20tramitaci%C3%B3n%20de%20permisos%20sectoriales' aria-hidden='false' data-av_icon='\ue8f3' data-av_iconfont='entypo-fontello' title='' data-avia-related-tooltip='Compartir en Facebook' rel=\"noopener\"><span class='avia_hidden_link_text'>Compartir en Facebook<\/span><\/a><\/li><li class='av-share-link av-social-link-twitter' ><a target=\"_blank\" aria-label=\"Compartir en Twitter\" href='https:\/\/twitter.com\/share?text=Anuncian%20Reforma%20Integral%20a%20la%20tramitaci%C3%B3n%20de%20permisos%20sectoriales&#038;url=https:\/\/radiorevelacionfm.cl\/?p=38806' aria-hidden='false' data-av_icon='\ue8f1' data-av_iconfont='entypo-fontello' title='' data-avia-related-tooltip='Compartir en Twitter' rel=\"noopener\"><span class='avia_hidden_link_text'>Compartir en Twitter<\/span><\/a><\/li><li class='av-share-link av-social-link-whatsapp' ><a target=\"_blank\" aria-label=\"Compartir en Whatsapp\" href='https:\/\/api.whatsapp.com\/send?text=https:\/\/radiorevelacionfm.cl\/?p=38806' aria-hidden='false' data-av_icon='\uf232' data-av_iconfont='entypo-fontello' title='' data-avia-related-tooltip='Compartir en Whatsapp' rel=\"noopener\"><span class='avia_hidden_link_text'>Compartir en Whatsapp<\/span><\/a><\/li><li class='av-share-link av-social-link-linkedin' ><a target=\"_blank\" aria-label=\"Compartir en LinkedIn\" href='https:\/\/linkedin.com\/shareArticle?mini=true&#038;title=Anuncian%20Reforma%20Integral%20a%20la%20tramitaci%C3%B3n%20de%20permisos%20sectoriales&#038;url=https:\/\/radiorevelacionfm.cl\/?p=38806' aria-hidden='false' data-av_icon='\ue8fc' data-av_iconfont='entypo-fontello' title='' data-avia-related-tooltip='Compartir en LinkedIn' rel=\"noopener\"><span class='avia_hidden_link_text'>Compartir en LinkedIn<\/span><\/a><\/li><li class='av-share-link av-social-link-mail' ><a  aria-label=\"Compartir por correo\" href='mailto:?subject=Anuncian%20Reforma%20Integral%20a%20la%20tramitaci%C3%B3n%20de%20permisos%20sectoriales&#038;body=https:\/\/radiorevelacionfm.cl\/?p=38806' aria-hidden='false' data-av_icon='\ue805' data-av_iconfont='entypo-fontello' title='' data-avia-related-tooltip='Compartir por correo'><span class='avia_hidden_link_text'>Compartir por correo<\/span><\/a><\/li><\/ul><\/div><\/div>\n<div  style='height:50px' class='hr hr-invisible   avia-builder-el-8  el_after_av_social_share  el_before_av_comments_list '><span class='hr-inner ' ><span class='hr-inner-style'><\/span><\/span><\/div>\n<div  class='av-buildercomment  av-blog-meta-html-info-disabled av-blog-meta-tag-disabled  '><\/div>\n","protected":false},"excerpt":{"rendered":"","protected":false},"author":1,"featured_media":38807,"comment_status":"open","ping_status":"open","sticky":false,"template":"","format":"standard","meta":{"footnotes":""},"categories":[61],"tags":[],"class_list":["post-38806","post","type-post","status-publish","format-standard","has-post-thumbnail","hentry","category-nacional"],"jetpack_featured_media_url":"https:\/\/radiorevelacionfm.cl\/wp-content\/uploads\/2024\/01\/FIRMA2-2-2.jpeg","_links":{"self":[{"href":"https:\/\/radiorevelacionfm.cl\/index.php?rest_route=\/wp\/v2\/posts\/38806","targetHints":{"allow":["GET"]}}],"collection":[{"href":"https:\/\/radiorevelacionfm.cl\/index.php?rest_route=\/wp\/v2\/posts"}],"about":[{"href":"https:\/\/radiorevelacionfm.cl\/index.php?rest_route=\/wp\/v2\/types\/post"}],"author":[{"embeddable":true,"href":"https:\/\/radiorevelacionfm.cl\/index.php?rest_route=\/wp\/v2\/users\/1"}],"replies":[{"embeddable":true,"href":"https:\/\/radiorevelacionfm.cl\/index.php?rest_route=%2Fwp%2Fv2%2Fcomments&post=38806"}],"version-history":[{"count":1,"href":"https:\/\/radiorevelacionfm.cl\/index.php?rest_route=\/wp\/v2\/posts\/38806\/revisions"}],"predecessor-version":[{"id":38808,"href":"https:\/\/radiorevelacionfm.cl\/index.php?rest_route=\/wp\/v2\/posts\/38806\/revisions\/38808"}],"wp:featuredmedia":[{"embeddable":true,"href":"https:\/\/radiorevelacionfm.cl\/index.php?rest_route=\/wp\/v2\/media\/38807"}],"wp:attachment":[{"href":"https:\/\/radiorevelacionfm.cl\/index.php?rest_route=%2Fwp%2Fv2%2Fmedia&parent=38806"}],"wp:term":[{"taxonomy":"category","embeddable":true,"href":"https:\/\/radiorevelacionfm.cl\/index.php?rest_route=%2Fwp%2Fv2%2Fcategories&post=38806"},{"taxonomy":"post_tag","embeddable":true,"href":"https:\/\/radiorevelacionfm.cl\/index.php?rest_route=%2Fwp%2Fv2%2Ftags&post=38806"}],"curies":[{"name":"wp","href":"https:\/\/api.w.org\/{rel}","templated":true}]}}