{"id":38804,"date":"2024-01-12T10:49:11","date_gmt":"2024-01-12T13:49:11","guid":{"rendered":"https:\/\/radiorevelacionfm.cl\/?p=38804"},"modified":"2024-01-12T10:49:11","modified_gmt":"2024-01-12T13:49:11","slug":"calisto-presenta-proyecto-que-establece-compensaciones-por-cancelacion-de-vuelos","status":"publish","type":"post","link":"https:\/\/radiorevelacionfm.cl\/?p=38804","title":{"rendered":"Calisto presenta proyecto que establece compensaciones por cancelaci\u00f3n de vuelos"},"content":{"rendered":"<div class=\"flex_column av_one_full  flex_column_div av-zero-column-padding first  avia-builder-el-0  el_before_av_one_full  avia-builder-el-first  \" style='border-radius:0px; '><div  class='avia-image-container  av-styling-    avia-builder-el-1  avia-builder-el-no-sibling  avia-align-center '  itemprop=\"image\" itemscope=\"itemscope\" itemtype=\"https:\/\/schema.org\/ImageObject\"  ><div class='avia-image-container-inner'><div class='avia-image-overlay-wrap'><img decoding=\"async\" class='wp-image-6083 avia-img-lazy-loading-not-6083 avia_image' src=\"https:\/\/radiorevelacionfm.cl\/wp-content\/uploads\/2021\/07\/Aeropuerto-Balmaceda01-1.jpg\" alt='' title='Aeropuerto Balmaceda01 (1)' height=\"624\" width=\"1024\"  itemprop=\"thumbnailUrl\" srcset=\"https:\/\/radiorevelacionfm.cl\/wp-content\/uploads\/2021\/07\/Aeropuerto-Balmaceda01-1.jpg 1024w, https:\/\/radiorevelacionfm.cl\/wp-content\/uploads\/2021\/07\/Aeropuerto-Balmaceda01-1-300x183.jpg 300w, https:\/\/radiorevelacionfm.cl\/wp-content\/uploads\/2021\/07\/Aeropuerto-Balmaceda01-1-768x468.jpg 768w, https:\/\/radiorevelacionfm.cl\/wp-content\/uploads\/2021\/07\/Aeropuerto-Balmaceda01-1-705x430.jpg 705w, https:\/\/radiorevelacionfm.cl\/wp-content\/uploads\/2021\/07\/Aeropuerto-Balmaceda01-1-600x366.jpg 600w\" sizes=\"(max-width: 1024px) 100vw, 1024px\" \/><\/div><\/div><\/div><\/div><div class=\"flex_column av_one_full  flex_column_div av-zero-column-padding first  avia-builder-el-2  el_after_av_one_full  el_before_av_one_full  column-top-margin\" style='border-radius:0px; '><section class=\"av_textblock_section \"  itemscope=\"itemscope\" itemtype=\"https:\/\/schema.org\/BlogPosting\" itemprop=\"blogPost\" ><div class='avia_textblock  '   itemprop=\"text\" ><p style=\"text-align: center;\"><span style=\"font-size: 18pt;\"><b><span lang=\"ES-CL\">Calisto presenta proyecto que establece compensaciones por cancelaci\u00f3n de vuelos\u00a0<\/span><\/b><\/span><\/p>\n<div id=\"gtx-trans\" style=\"position: absolute; left: -50px; top: 4.31534px;\">\n<div class=\"gtx-trans-icon\"><\/div>\n<\/div>\n<\/div><\/section><\/div><div class=\"flex_column av_one_full  flex_column_div av-zero-column-padding first  avia-builder-el-4  el_after_av_one_full  el_before_av_hr  column-top-margin\" style='border-radius:0px; '><section class=\"av_textblock_section \"  itemscope=\"itemscope\" itemtype=\"https:\/\/schema.org\/BlogPosting\" itemprop=\"blogPost\" ><div class='avia_textblock  '   itemprop=\"text\" ><p style=\"text-align: justify;\">El diputado Miguel \u00c1ngel Calisto present\u00f3 dos proyectos de ley que pretenden combatir los abusos que cometen las aerol\u00edneas, uno enfocado en establecer compensaciones en el caso de suspensi\u00f3n y retraso de vuelos y \u00a0otro que tiene la finalidad \u00a0de prohibir los cobros por el equipaje de mano.<\/p>\n<p style=\"text-align: justify;\">El primero modifica el c\u00f3digo aeron\u00e1utico y establece que el transportador deber\u00e1 ofrecer una compensaci\u00f3n al pasajero afectado con la denegaci\u00f3n de embarque, equivalente al precio del pasaje aumentado en 0,5 veces su valor.\u00a0 Adem\u00e1s, se\u00f1ala que existir\u00e1 una indemnizaci\u00f3n del doble del precio del pasaje si el retraso o la cancelaci\u00f3n se debe a causa imputable al transportador.<\/p>\n<p style=\"text-align: justify;\">Seg\u00fan el diputado Calisto, \u201cvemos constantemente el abuso de las aerol\u00edneas, empresas que muchas veces cancelan sus vuelos de forma unilateral sin existir ning\u00fan motivo que lo amerite, generando serios inconvenientes al pasajero, como perder conexiones, alojamientos o retrasar su llegada a su lugar de destino\u201d.<\/p>\n<p style=\"text-align: justify;\">\u201cEn el a\u00f1o 2022, el Sernac recibi\u00f3 m\u00e1s de 30 mil reclamos contra las aerol\u00edneas, los que son m\u00e1s abundantes en verano. La mayor\u00eda de estos correspond\u00edan a situaciones de cancelaci\u00f3n de vuelo o de retraso. Por estos motivos, creemos que es necesario legislar y aumentar las compensaciones cuando existe cancelaci\u00f3n del pasaje\u201d, indic\u00f3.<\/p>\n<p style=\"text-align: justify;\">El diputado asegur\u00f3 que \u201cen nuestra regi\u00f3n, es mucha la gente que ha pasado por esto, las aerol\u00edneas pierden sus vuelos y se quedan varados en Santiago, Puerto Montt y otras ciudades, generando un gasto extra que va en directo perjuicio del pasajero. Esto se tiene que terminar\u201d, indic\u00f3.<\/p>\n<p style=\"text-align: justify;\">Con respecto al proyecto que proh\u00edbe el cobro extra por equipaje de cabina, el texto se\u00f1ala El equipaje de mano, bolso o mochila de cabina, cuyo volumen no exceda los cuarenta litros o su peso no supere los diez kilogramos, no podr\u00e1 ser objeto de cobro adicional dentro del precio final del pasaje a\u00e9reo.<\/p>\n<p style=\"text-align: justify;\">El legislador se\u00f1al\u00f3 que \u201cmuchas aerol\u00edneas ofrecen un pasaje econ\u00f3mico, pero con el cual el pasajero no tiene derecho a llevar equipaje de cabina. Entendemos que la pol\u00edtica de low cost ha sido beneficiosa para muchos viajeros, pero no me parece que se cobre por el equipaje que es esencial, y que muchas veces no cabe en un bolso de mano o mochila\u201d.<\/p>\n<p style=\"text-align: justify;\">Finalmente, el diputado afirm\u00f3 que \u201ccreemos que es necesario garantizar como derecho del consumidor el uso de equipaje de mano o de cabina sin cobros adicionales al pasaje a\u00e9reo\u201d.<\/p>\n<\/div><\/section><\/div><div  style='height:50px' class='hr hr-invisible   avia-builder-el-6  el_after_av_one_full  el_before_av_social_share '><span class='hr-inner ' ><span class='hr-inner-style'><\/span><\/span><\/div><\/p>\n<div  class='av-social-sharing-box  avia-builder-el-7  el_after_av_hr  el_before_av_hr  '><div class='av-share-box'><h5 class='av-share-link-description av-no-toc '>Compartir esta noticia<\/h5><ul class='av-share-box-list noLightbox'><li class='av-share-link av-social-link-facebook' ><a target=\"_blank\" aria-label=\"Compartir en Facebook\" href='https:\/\/www.facebook.com\/sharer.php?u=https:\/\/radiorevelacionfm.cl\/?p=38804&#038;t=Calisto%20presenta%20proyecto%20que%20establece%20compensaciones%20por%20cancelaci%C3%B3n%20de%20vuelos' aria-hidden='false' data-av_icon='\ue8f3' data-av_iconfont='entypo-fontello' title='' data-avia-related-tooltip='Compartir en Facebook' rel=\"noopener\"><span class='avia_hidden_link_text'>Compartir en Facebook<\/span><\/a><\/li><li class='av-share-link av-social-link-twitter' ><a target=\"_blank\" aria-label=\"Compartir en Twitter\" href='https:\/\/twitter.com\/share?text=Calisto%20presenta%20proyecto%20que%20establece%20compensaciones%20por%20cancelaci%C3%B3n%20de%20vuelos&#038;url=https:\/\/radiorevelacionfm.cl\/?p=38804' aria-hidden='false' data-av_icon='\ue8f1' data-av_iconfont='entypo-fontello' title='' data-avia-related-tooltip='Compartir en Twitter' rel=\"noopener\"><span class='avia_hidden_link_text'>Compartir en Twitter<\/span><\/a><\/li><li class='av-share-link av-social-link-whatsapp' ><a target=\"_blank\" aria-label=\"Compartir en Whatsapp\" href='https:\/\/api.whatsapp.com\/send?text=https:\/\/radiorevelacionfm.cl\/?p=38804' aria-hidden='false' data-av_icon='\uf232' data-av_iconfont='entypo-fontello' title='' data-avia-related-tooltip='Compartir en Whatsapp' rel=\"noopener\"><span class='avia_hidden_link_text'>Compartir en Whatsapp<\/span><\/a><\/li><li class='av-share-link av-social-link-linkedin' ><a target=\"_blank\" aria-label=\"Compartir en LinkedIn\" href='https:\/\/linkedin.com\/shareArticle?mini=true&#038;title=Calisto%20presenta%20proyecto%20que%20establece%20compensaciones%20por%20cancelaci%C3%B3n%20de%20vuelos&#038;url=https:\/\/radiorevelacionfm.cl\/?p=38804' aria-hidden='false' data-av_icon='\ue8fc' data-av_iconfont='entypo-fontello' title='' data-avia-related-tooltip='Compartir en LinkedIn' rel=\"noopener\"><span class='avia_hidden_link_text'>Compartir en LinkedIn<\/span><\/a><\/li><li class='av-share-link av-social-link-mail' ><a  aria-label=\"Compartir por correo\" href='mailto:?subject=Calisto%20presenta%20proyecto%20que%20establece%20compensaciones%20por%20cancelaci%C3%B3n%20de%20vuelos&#038;body=https:\/\/radiorevelacionfm.cl\/?p=38804' aria-hidden='false' data-av_icon='\ue805' data-av_iconfont='entypo-fontello' title='' data-avia-related-tooltip='Compartir por correo'><span class='avia_hidden_link_text'>Compartir por correo<\/span><\/a><\/li><\/ul><\/div><\/div>\n<div  style='height:50px' class='hr hr-invisible   avia-builder-el-8  el_after_av_social_share  el_before_av_comments_list '><span class='hr-inner ' ><span class='hr-inner-style'><\/span><\/span><\/div>\n<div  class='av-buildercomment  av-blog-meta-html-info-disabled av-blog-meta-tag-disabled  '><\/div>\n","protected":false},"excerpt":{"rendered":"","protected":false},"author":1,"featured_media":6083,"comment_status":"open","ping_status":"open","sticky":false,"template":"","format":"standard","meta":{"footnotes":""},"categories":[35],"tags":[],"class_list":["post-38804","post","type-post","status-publish","format-standard","has-post-thumbnail","hentry","category-politica"],"jetpack_featured_media_url":"https:\/\/radiorevelacionfm.cl\/wp-content\/uploads\/2021\/07\/Aeropuerto-Balmaceda01-1.jpg","_links":{"self":[{"href":"https:\/\/radiorevelacionfm.cl\/index.php?rest_route=\/wp\/v2\/posts\/38804","targetHints":{"allow":["GET"]}}],"collection":[{"href":"https:\/\/radiorevelacionfm.cl\/index.php?rest_route=\/wp\/v2\/posts"}],"about":[{"href":"https:\/\/radiorevelacionfm.cl\/index.php?rest_route=\/wp\/v2\/types\/post"}],"author":[{"embeddable":true,"href":"https:\/\/radiorevelacionfm.cl\/index.php?rest_route=\/wp\/v2\/users\/1"}],"replies":[{"embeddable":true,"href":"https:\/\/radiorevelacionfm.cl\/index.php?rest_route=%2Fwp%2Fv2%2Fcomments&post=38804"}],"version-history":[{"count":1,"href":"https:\/\/radiorevelacionfm.cl\/index.php?rest_route=\/wp\/v2\/posts\/38804\/revisions"}],"predecessor-version":[{"id":38805,"href":"https:\/\/radiorevelacionfm.cl\/index.php?rest_route=\/wp\/v2\/posts\/38804\/revisions\/38805"}],"wp:featuredmedia":[{"embeddable":true,"href":"https:\/\/radiorevelacionfm.cl\/index.php?rest_route=\/wp\/v2\/media\/6083"}],"wp:attachment":[{"href":"https:\/\/radiorevelacionfm.cl\/index.php?rest_route=%2Fwp%2Fv2%2Fmedia&parent=38804"}],"wp:term":[{"taxonomy":"category","embeddable":true,"href":"https:\/\/radiorevelacionfm.cl\/index.php?rest_route=%2Fwp%2Fv2%2Fcategories&post=38804"},{"taxonomy":"post_tag","embeddable":true,"href":"https:\/\/radiorevelacionfm.cl\/index.php?rest_route=%2Fwp%2Fv2%2Ftags&post=38804"}],"curies":[{"name":"wp","href":"https:\/\/api.w.org\/{rel}","templated":true}]}}