{"id":38798,"date":"2024-01-12T10:30:47","date_gmt":"2024-01-12T13:30:47","guid":{"rendered":"https:\/\/radiorevelacionfm.cl\/?p=38798"},"modified":"2024-01-12T10:30:47","modified_gmt":"2024-01-12T13:30:47","slug":"invitan-a-la-comunidad-a-participar-de-cursos-gratuitos-y-certificados-en-formacion-de-voluntariado-de-emergencia","status":"publish","type":"post","link":"https:\/\/radiorevelacionfm.cl\/?p=38798","title":{"rendered":"Invitan a la comunidad a participar de cursos gratuitos y certificados en Formaci\u00f3n de Voluntariado de Emergencia"},"content":{"rendered":"<div class=\"flex_column av_one_full  flex_column_div av-zero-column-padding first  avia-builder-el-0  el_before_av_one_full  avia-builder-el-first  \" style='border-radius:0px; '><div  class='avia-image-container  av-styling-    avia-builder-el-1  avia-builder-el-no-sibling  avia-align-center '  itemprop=\"image\" itemscope=\"itemscope\" itemtype=\"https:\/\/schema.org\/ImageObject\"  ><div class='avia-image-container-inner'><div class='avia-image-overlay-wrap'><img decoding=\"async\" class='wp-image-38799 avia-img-lazy-loading-not-38799 avia_image' src=\"https:\/\/radiorevelacionfm.cl\/wp-content\/uploads\/2024\/01\/image-155-2_optimized-2.jpg\" alt='' title='image-155-2_optimized-2' height=\"645\" width=\"801\"  itemprop=\"thumbnailUrl\" srcset=\"https:\/\/radiorevelacionfm.cl\/wp-content\/uploads\/2024\/01\/image-155-2_optimized-2.jpg 801w, https:\/\/radiorevelacionfm.cl\/wp-content\/uploads\/2024\/01\/image-155-2_optimized-2-300x242.jpg 300w, https:\/\/radiorevelacionfm.cl\/wp-content\/uploads\/2024\/01\/image-155-2_optimized-2-768x618.jpg 768w, https:\/\/radiorevelacionfm.cl\/wp-content\/uploads\/2024\/01\/image-155-2_optimized-2-495x400.jpg 495w, https:\/\/radiorevelacionfm.cl\/wp-content\/uploads\/2024\/01\/image-155-2_optimized-2-705x568.jpg 705w, https:\/\/radiorevelacionfm.cl\/wp-content\/uploads\/2024\/01\/image-155-2_optimized-2-450x362.jpg 450w, https:\/\/radiorevelacionfm.cl\/wp-content\/uploads\/2024\/01\/image-155-2_optimized-2-600x483.jpg 600w\" sizes=\"(max-width: 801px) 100vw, 801px\" \/><\/div><\/div><\/div><\/div><div class=\"flex_column av_one_full  flex_column_div av-zero-column-padding first  avia-builder-el-2  el_after_av_one_full  el_before_av_one_full  column-top-margin\" style='border-radius:0px; '><section class=\"av_textblock_section \"  itemscope=\"itemscope\" itemtype=\"https:\/\/schema.org\/BlogPosting\" itemprop=\"blogPost\" ><div class='avia_textblock  '   itemprop=\"text\" ><p style=\"text-align: center;\"><span style=\"font-size: 18pt;\"><strong>Invitan a la comunidad a participar de cursos gratuitos y certificados en Formaci\u00f3n de Voluntariado de Emergencia<\/strong><\/span><\/p>\n<div id=\"gtx-trans\" style=\"position: absolute; left: -50px; top: 4.31534px;\">\n<div class=\"gtx-trans-icon\"><\/div>\n<\/div>\n<\/div><\/section><\/div><div class=\"flex_column av_one_full  flex_column_div av-zero-column-padding first  avia-builder-el-4  el_after_av_one_full  el_before_av_hr  column-top-margin\" style='border-radius:0px; '><section class=\"av_textblock_section \"  itemscope=\"itemscope\" itemtype=\"https:\/\/schema.org\/BlogPosting\" itemprop=\"blogPost\" ><div class='avia_textblock  '   itemprop=\"text\" ><p style=\"text-align: justify;\">Con el objetivo de entregar una respuesta articulada entre el mundo p\u00fablico, privado y la sociedad civil ante la ocurrencia de emergencias medioambientales, el Ministerio de Desarrollo Social y Familia, a trav\u00e9s del Instituto Nacional de la Juventud (INJUV), junto al Servicio Nacional de Prevenci\u00f3n y Respuesta ante Desastres (SENAPRED), firmaron una alianza para ejecutar el Plan de Formaci\u00f3n de Voluntariado de Emergencia en el marco de la estrategia #ChileSePrepara.<\/p>\n<p style=\"text-align: justify;\">Este programa busca desarrollar y fortalecer las capacidades de la ciudadan\u00eda en tem\u00e1ticas de gesti\u00f3n del riesgo de desastres en todas las comunas de Chile, e identificar a personas interesadas en realizar acciones de voluntariado frente a eventuales emergencias medioambientales.<\/p>\n<p style=\"text-align: justify;\">A los cursos formativos pueden postular personas que\u00a0 hayan cumplido los 15 a\u00f1os y sin tope de edad y las postulaciones se realizan en voluntariadopreparado.injuv.gob.cl.<\/p>\n<p style=\"text-align: justify;\">La iniciativa cuenta con 3 categor\u00edas: cursos de formaci\u00f3n general para persona voluntaria, cursos de formaci\u00f3n para especialista de emergencia y cursos de formaci\u00f3n para ACADEMIA SENAPRED.<\/p>\n<p style=\"text-align: justify;\">\u201cQue la ciudadan\u00eda, a partir de los j\u00f3venes est\u00e9n preparados es fundamental\u201d,\u00a0 enfatiz\u00f3 la Seremi de Desarrollo Social y Familia, Karina Acevedo Auad, destacando que \u201cesta es una interesante iniciativa, distinta y que nos invita a hacer una alianza estrat\u00e9gica entre el sector p\u00fablico y privado, que nos lleva a reforzar todo el plan de preparaci\u00f3n de emergencias que ha impulsado el Presidente Boric, #ChilesePrepara. En esta ocasi\u00f3n para atender las emergencias de los incendios y estos cursos apuntan justamente a preparar a la ciudadan\u00eda desde los j\u00f3venes, que sean part\u00edcipes, que aumenten su conocimiento. En nuestra regi\u00f3n, con las condiciones geogr\u00e1ficas, la escasez h\u00eddrica y las condiciones de aislamiento nos dice que debemos estar coordinados y fundamentalmente preparados para enfrentar este verano\u201d.<\/p>\n<p style=\"text-align: justify;\">El director regional (s) de SENAPRED Ays\u00e9n, Carlos Ureta Gonz\u00e1lez,\u00a0 indic\u00f3\u00a0 que \u201ces de suma importancia para el Sistema Nacional de Prevenci\u00f3n y Respuesta ante Desastres, poder contar con personas capacitadas en materia de reducci\u00f3n del riesgo de desastres, el contar con los conocimientos en todas las fases del ciclo de manejo del riesgo (preparaci\u00f3n, respuesta, recuperaci\u00f3n y mitigaci\u00f3n), les permitir\u00e1 actuar de mejor manera para enfrentar una emergencias, desastres o cat\u00e1strofes. Como SENAPRED queremos hacer un llamado a que se inscriban en la p\u00e1gina de INJUV, las inscripciones ya se encuentran abiertas\u201d.<\/p>\n<p style=\"text-align: justify;\">En tanto, el director regional\u00a0 de INJUV Ays\u00e9n, Camilo Trivi\u00f1o Urtubia, se\u00f1al\u00f3 que \u201ces de vital importancia trabajar por la reducci\u00f3n y la preparaci\u00f3n del riesgo de desastres en todas las fases de la gesti\u00f3n del riesgo y no solo en la respuesta, por eso, de manera mancomunada hemos desarrollado este programa que permitir\u00e1 que las comunidades est\u00e9n debidamente preparadas y sepan c\u00f3mo reaccionar ante emergencias. La invitaci\u00f3n es que puedan conocer los cursos online que est\u00e1n disponibles en la web voluntariadopreparado.injuv.gob.cl, las postulaciones ya est\u00e1n abiertas\u201d.<\/p>\n<p style=\"text-align: justify;\"><strong>Categor\u00edas formativas<\/strong><\/p>\n<p style=\"text-align: justify;\">El Plan de Formaci\u00f3n de Voluntariado de Emergencia contempla 3 categor\u00edas de capacitaci\u00f3n:<\/p>\n<p style=\"text-align: justify;\"><strong>Cursos de formaci\u00f3n general para persona voluntaria:<\/strong> formaci\u00f3n virtual con clases en vivo que pretende aportar un conocimiento base en distintas tem\u00e1ticas relacionadas con la emergencia. Las personas interesadas podr\u00e1n tomar uno o varios cursos seg\u00fan las \u00e1reas que sean de inter\u00e9s.<\/p>\n<p style=\"text-align: justify;\"><strong>Cursos de formaci\u00f3n para especialista de emergencia:<\/strong> la formaci\u00f3n para especialista es realizada por MovidosxChile que buscar profundizar en distintos contenidos relacionados con la Gesti\u00f3n de Riesgos de Desastres y se enmarca en su estrategia #TodoChilePreparado.<\/p>\n<p style=\"text-align: justify;\"><strong>Cursos de formaci\u00f3n para ACADEMIA SENAPRED:<\/strong> plataforma e-learning que busca fomentar y fortalecer la transmisi\u00f3n del conocimiento en Reducci\u00f3n del Riesgo de Desastres al Sistema Nacional de Prevenci\u00f3n y Respuesta ante Desastres. Encuentra los cursos que sean de tu inter\u00e9s y avanza a tu ritmo.<\/p>\n<\/div><\/section><\/div><div  style='height:50px' class='hr hr-invisible   avia-builder-el-6  el_after_av_one_full  el_before_av_social_share '><span class='hr-inner ' ><span class='hr-inner-style'><\/span><\/span><\/div><\/p>\n<div  class='av-social-sharing-box  avia-builder-el-7  el_after_av_hr  el_before_av_hr  '><div class='av-share-box'><h5 class='av-share-link-description av-no-toc '>Compartir esta noticia<\/h5><ul class='av-share-box-list noLightbox'><li class='av-share-link av-social-link-facebook' ><a target=\"_blank\" aria-label=\"Compartir en Facebook\" href='https:\/\/www.facebook.com\/sharer.php?u=https:\/\/radiorevelacionfm.cl\/?p=38798&#038;t=Invitan%20a%20la%20comunidad%20a%20participar%20de%20cursos%20gratuitos%20y%20certificados%20en%20Formaci%C3%B3n%20de%20Voluntariado%20de%20Emergencia' aria-hidden='false' data-av_icon='\ue8f3' data-av_iconfont='entypo-fontello' title='' data-avia-related-tooltip='Compartir en Facebook' rel=\"noopener\"><span class='avia_hidden_link_text'>Compartir en Facebook<\/span><\/a><\/li><li class='av-share-link av-social-link-twitter' ><a target=\"_blank\" aria-label=\"Compartir en Twitter\" href='https:\/\/twitter.com\/share?text=Invitan%20a%20la%20comunidad%20a%20participar%20de%20cursos%20gratuitos%20y%20certificados%20en%20Formaci%C3%B3n%20de%20Voluntariado%20de%20Emergencia&#038;url=https:\/\/radiorevelacionfm.cl\/?p=38798' aria-hidden='false' data-av_icon='\ue8f1' data-av_iconfont='entypo-fontello' title='' data-avia-related-tooltip='Compartir en Twitter' rel=\"noopener\"><span class='avia_hidden_link_text'>Compartir en Twitter<\/span><\/a><\/li><li class='av-share-link av-social-link-whatsapp' ><a target=\"_blank\" aria-label=\"Compartir en Whatsapp\" href='https:\/\/api.whatsapp.com\/send?text=https:\/\/radiorevelacionfm.cl\/?p=38798' aria-hidden='false' data-av_icon='\uf232' data-av_iconfont='entypo-fontello' title='' data-avia-related-tooltip='Compartir en Whatsapp' rel=\"noopener\"><span class='avia_hidden_link_text'>Compartir en Whatsapp<\/span><\/a><\/li><li class='av-share-link av-social-link-linkedin' ><a target=\"_blank\" aria-label=\"Compartir en LinkedIn\" href='https:\/\/linkedin.com\/shareArticle?mini=true&#038;title=Invitan%20a%20la%20comunidad%20a%20participar%20de%20cursos%20gratuitos%20y%20certificados%20en%20Formaci%C3%B3n%20de%20Voluntariado%20de%20Emergencia&#038;url=https:\/\/radiorevelacionfm.cl\/?p=38798' aria-hidden='false' data-av_icon='\ue8fc' data-av_iconfont='entypo-fontello' title='' data-avia-related-tooltip='Compartir en LinkedIn' rel=\"noopener\"><span class='avia_hidden_link_text'>Compartir en LinkedIn<\/span><\/a><\/li><li class='av-share-link av-social-link-mail' ><a  aria-label=\"Compartir por correo\" href='mailto:?subject=Invitan%20a%20la%20comunidad%20a%20participar%20de%20cursos%20gratuitos%20y%20certificados%20en%20Formaci%C3%B3n%20de%20Voluntariado%20de%20Emergencia&#038;body=https:\/\/radiorevelacionfm.cl\/?p=38798' aria-hidden='false' data-av_icon='\ue805' data-av_iconfont='entypo-fontello' title='' data-avia-related-tooltip='Compartir por correo'><span class='avia_hidden_link_text'>Compartir por correo<\/span><\/a><\/li><\/ul><\/div><\/div>\n<div  style='height:50px' class='hr hr-invisible   avia-builder-el-8  el_after_av_social_share  el_before_av_comments_list '><span class='hr-inner ' ><span class='hr-inner-style'><\/span><\/span><\/div>\n<div  class='av-buildercomment  av-blog-meta-html-info-disabled av-blog-meta-tag-disabled  '><\/div>\n","protected":false},"excerpt":{"rendered":"","protected":false},"author":1,"featured_media":38799,"comment_status":"open","ping_status":"open","sticky":false,"template":"","format":"standard","meta":{"footnotes":""},"categories":[38],"tags":[],"class_list":["post-38798","post","type-post","status-publish","format-standard","has-post-thumbnail","hentry","category-regional"],"jetpack_featured_media_url":"https:\/\/radiorevelacionfm.cl\/wp-content\/uploads\/2024\/01\/image-155-2_optimized-2.jpg","_links":{"self":[{"href":"https:\/\/radiorevelacionfm.cl\/index.php?rest_route=\/wp\/v2\/posts\/38798","targetHints":{"allow":["GET"]}}],"collection":[{"href":"https:\/\/radiorevelacionfm.cl\/index.php?rest_route=\/wp\/v2\/posts"}],"about":[{"href":"https:\/\/radiorevelacionfm.cl\/index.php?rest_route=\/wp\/v2\/types\/post"}],"author":[{"embeddable":true,"href":"https:\/\/radiorevelacionfm.cl\/index.php?rest_route=\/wp\/v2\/users\/1"}],"replies":[{"embeddable":true,"href":"https:\/\/radiorevelacionfm.cl\/index.php?rest_route=%2Fwp%2Fv2%2Fcomments&post=38798"}],"version-history":[{"count":1,"href":"https:\/\/radiorevelacionfm.cl\/index.php?rest_route=\/wp\/v2\/posts\/38798\/revisions"}],"predecessor-version":[{"id":38800,"href":"https:\/\/radiorevelacionfm.cl\/index.php?rest_route=\/wp\/v2\/posts\/38798\/revisions\/38800"}],"wp:featuredmedia":[{"embeddable":true,"href":"https:\/\/radiorevelacionfm.cl\/index.php?rest_route=\/wp\/v2\/media\/38799"}],"wp:attachment":[{"href":"https:\/\/radiorevelacionfm.cl\/index.php?rest_route=%2Fwp%2Fv2%2Fmedia&parent=38798"}],"wp:term":[{"taxonomy":"category","embeddable":true,"href":"https:\/\/radiorevelacionfm.cl\/index.php?rest_route=%2Fwp%2Fv2%2Fcategories&post=38798"},{"taxonomy":"post_tag","embeddable":true,"href":"https:\/\/radiorevelacionfm.cl\/index.php?rest_route=%2Fwp%2Fv2%2Ftags&post=38798"}],"curies":[{"name":"wp","href":"https:\/\/api.w.org\/{rel}","templated":true}]}}