{"id":38792,"date":"2024-01-11T22:28:38","date_gmt":"2024-01-12T01:28:38","guid":{"rendered":"https:\/\/radiorevelacionfm.cl\/?p=38792"},"modified":"2024-01-11T22:28:38","modified_gmt":"2024-01-12T01:28:38","slug":"saludo-protocolar-a-nuevo-gobernador-maritimo-alcalde-uribe-reafirmo-trabajo-colaborativo","status":"publish","type":"post","link":"https:\/\/radiorevelacionfm.cl\/?p=38792","title":{"rendered":"Saludo protocolar a nuevo Gobernador Mar\u00edtimo: Alcalde Uribe reafirm\u00f3 trabajo colaborativo"},"content":{"rendered":"<div class=\"flex_column av_one_full  flex_column_div av-zero-column-padding first  avia-builder-el-0  el_before_av_one_full  avia-builder-el-first  \" style='border-radius:0px; '><div  class='avia-image-container  av-styling-    avia-builder-el-1  avia-builder-el-no-sibling  avia-align-center '  itemprop=\"image\" itemscope=\"itemscope\" itemtype=\"https:\/\/schema.org\/ImageObject\"  ><div class='avia-image-container-inner'><div class='avia-image-overlay-wrap'><img decoding=\"async\" class='wp-image-38793 avia-img-lazy-loading-not-38793 avia_image' src=\"https:\/\/radiorevelacionfm.cl\/wp-content\/uploads\/2024\/01\/GOBERNADOR-MARITIMO-2-2-2.jpg\" alt='' title='GOBERNADOR MARITIMO 2-2-2' height=\"600\" width=\"800\"  itemprop=\"thumbnailUrl\" srcset=\"https:\/\/radiorevelacionfm.cl\/wp-content\/uploads\/2024\/01\/GOBERNADOR-MARITIMO-2-2-2.jpg 800w, https:\/\/radiorevelacionfm.cl\/wp-content\/uploads\/2024\/01\/GOBERNADOR-MARITIMO-2-2-2-300x225.jpg 300w, https:\/\/radiorevelacionfm.cl\/wp-content\/uploads\/2024\/01\/GOBERNADOR-MARITIMO-2-2-2-768x576.jpg 768w, https:\/\/radiorevelacionfm.cl\/wp-content\/uploads\/2024\/01\/GOBERNADOR-MARITIMO-2-2-2-705x529.jpg 705w, https:\/\/radiorevelacionfm.cl\/wp-content\/uploads\/2024\/01\/GOBERNADOR-MARITIMO-2-2-2-450x338.jpg 450w, https:\/\/radiorevelacionfm.cl\/wp-content\/uploads\/2024\/01\/GOBERNADOR-MARITIMO-2-2-2-600x450.jpg 600w\" sizes=\"(max-width: 800px) 100vw, 800px\" \/><\/div><\/div><\/div><\/div><div class=\"flex_column av_one_full  flex_column_div av-zero-column-padding first  avia-builder-el-2  el_after_av_one_full  el_before_av_one_full  column-top-margin\" style='border-radius:0px; '><section class=\"av_textblock_section \"  itemscope=\"itemscope\" itemtype=\"https:\/\/schema.org\/BlogPosting\" itemprop=\"blogPost\" ><div class='avia_textblock  '   itemprop=\"text\" ><p style=\"text-align: center;\"><strong><span style=\"font-size: 18pt;\">Saludo protocolar a nuevo Gobernador Mar\u00edtimo: Alcalde Uribe reafirm\u00f3 trabajo colaborativo<\/span><\/strong><\/p>\n<div id=\"gtx-trans\" style=\"position: absolute; left: -50px; top: 4.31534px;\">\n<div class=\"gtx-trans-icon\"><\/div>\n<\/div>\n<\/div><\/section><\/div><div class=\"flex_column av_one_full  flex_column_div av-zero-column-padding first  avia-builder-el-4  el_after_av_one_full  el_before_av_hr  column-top-margin\" style='border-radius:0px; '><section class=\"av_textblock_section \"  itemscope=\"itemscope\" itemtype=\"https:\/\/schema.org\/BlogPosting\" itemprop=\"blogPost\" ><div class='avia_textblock  '   itemprop=\"text\" ><p style=\"text-align: justify;\">Esta semana asumi\u00f3 sus funciones el nuevo Gobernador Mar\u00edtimo de la regi\u00f3n de Ays\u00e9n, Capit\u00e1n de Nav\u00edo Litoral, Mario Besoain Fuentes, quien recibe el cargo a manos del oficial suplente, Capit\u00e1n H\u00e9ctor Rojas Mart\u00edn, ceremonia que estuvo encabezada por el Jefe de la V Zona Naval de la Armada, Contralmirante Alejandro Torres Horton.<\/p>\n<p style=\"text-align: justify;\">En esta instancia junto con felicitar a la nueva autoridad, el Alcalde de la comuna de Ays\u00e9n, Julio Uribe Alvarado, dese\u00f3 todo el \u00e9xito al reci\u00e9n asumido Jefe de la Armada en la regi\u00f3n y se\u00f1al\u00f3 que continuar\u00e1 el estrecho v\u00ednculo entre la Municipalidad y este organismo de las Fuerzas Armadas, lo que permite una serie de actividades con la comunidad y en beneficio de ella.<\/p>\n<p style=\"text-align: justify;\">\u201cNosotros hemos estado trabajando en nuestra administraci\u00f3n mucho con la Armada, con esta vinculaci\u00f3n que tenemos con el litoral, con Islas Huichas, pero tambi\u00e9n, con el trabajo que realizamos en Bah\u00eda Acantilada. Ellos est\u00e1n insertos en nuestras actividades acu\u00e1ticas deportivas que realizamos, tambi\u00e9n van a ser parte de nuestro Carnaval del Agua. As\u00ed es que, en esta labor permanente con la Armada, damos la bienvenida al Gobernador Mar\u00edtimo y yo estoy seguro que vamos a seguir trabajando de la misma forma como trabajamos con las autoridades anteriores y as\u00ed vincular a la Armada a nuestro quehacer municipal\u201d, se\u00f1al\u00f3 el edil.<\/p>\n<p style=\"text-align: justify;\">Por su parte, el nuevo Gobernador Mar\u00edtimo de Ays\u00e9n, Capit\u00e1n de Nav\u00edo Litoral, Mario Besoain Fuentes, dijo que llegar al territorio es un importante desaf\u00edo para su carrera profesional. \u201cEstoy muy contento de poder llegar a esta regi\u00f3n, una importante regi\u00f3n para el pa\u00eds, no solamente por su extensi\u00f3n territorial, sino que, por la calidad de su gente, por su geograf\u00eda, por esta importancia en la conectividad del pa\u00eds. As\u00ed es que, para m\u00ed es un tremendo honor, un agrado y una alegr\u00eda poder llegar a esta regi\u00f3n y tener la posibilidad de contribuir al desarrollo de nuestro pa\u00eds desde Ays\u00e9n\u201d.<\/p>\n<p style=\"text-align: justify;\">La m\u00e1xima autoridad de la Armada en la regi\u00f3n de Ays\u00e9n, dijo conocer el territorio, ya que, en ocasiones anteriores estuvo presente colaborando frente a la ocurrencia de algunas emergencias y esta oportunidad mediante el cargo de Gobernador Mar\u00edtimo, pretende continuar acercando la instituci\u00f3n a la comunidad y contribuyendo en lo que este a su alcance para el desarrollo de Ays\u00e9n.<\/p>\n<\/div><\/section><\/div><div  style='height:50px' class='hr hr-invisible   avia-builder-el-6  el_after_av_one_full  el_before_av_social_share '><span class='hr-inner ' ><span class='hr-inner-style'><\/span><\/span><\/div><\/p>\n<div  class='av-social-sharing-box  avia-builder-el-7  el_after_av_hr  el_before_av_hr  '><div class='av-share-box'><h5 class='av-share-link-description av-no-toc '>Compartir esta noticia<\/h5><ul class='av-share-box-list noLightbox'><li class='av-share-link av-social-link-facebook' ><a target=\"_blank\" aria-label=\"Compartir en Facebook\" href='https:\/\/www.facebook.com\/sharer.php?u=https:\/\/radiorevelacionfm.cl\/?p=38792&#038;t=Saludo%20protocolar%20a%20nuevo%20Gobernador%20Mar%C3%ADtimo%3A%20Alcalde%20Uribe%20reafirm%C3%B3%20trabajo%20colaborativo' aria-hidden='false' data-av_icon='\ue8f3' data-av_iconfont='entypo-fontello' title='' data-avia-related-tooltip='Compartir en Facebook' rel=\"noopener\"><span class='avia_hidden_link_text'>Compartir en Facebook<\/span><\/a><\/li><li class='av-share-link av-social-link-twitter' ><a target=\"_blank\" aria-label=\"Compartir en Twitter\" href='https:\/\/twitter.com\/share?text=Saludo%20protocolar%20a%20nuevo%20Gobernador%20Mar%C3%ADtimo%3A%20Alcalde%20Uribe%20reafirm%C3%B3%20trabajo%20colaborativo&#038;url=https:\/\/radiorevelacionfm.cl\/?p=38792' aria-hidden='false' data-av_icon='\ue8f1' data-av_iconfont='entypo-fontello' title='' data-avia-related-tooltip='Compartir en Twitter' rel=\"noopener\"><span class='avia_hidden_link_text'>Compartir en Twitter<\/span><\/a><\/li><li class='av-share-link av-social-link-whatsapp' ><a target=\"_blank\" aria-label=\"Compartir en Whatsapp\" href='https:\/\/api.whatsapp.com\/send?text=https:\/\/radiorevelacionfm.cl\/?p=38792' aria-hidden='false' data-av_icon='\uf232' data-av_iconfont='entypo-fontello' title='' data-avia-related-tooltip='Compartir en Whatsapp' rel=\"noopener\"><span class='avia_hidden_link_text'>Compartir en Whatsapp<\/span><\/a><\/li><li class='av-share-link av-social-link-linkedin' ><a target=\"_blank\" aria-label=\"Compartir en LinkedIn\" href='https:\/\/linkedin.com\/shareArticle?mini=true&#038;title=Saludo%20protocolar%20a%20nuevo%20Gobernador%20Mar%C3%ADtimo%3A%20Alcalde%20Uribe%20reafirm%C3%B3%20trabajo%20colaborativo&#038;url=https:\/\/radiorevelacionfm.cl\/?p=38792' aria-hidden='false' data-av_icon='\ue8fc' data-av_iconfont='entypo-fontello' title='' data-avia-related-tooltip='Compartir en LinkedIn' rel=\"noopener\"><span class='avia_hidden_link_text'>Compartir en LinkedIn<\/span><\/a><\/li><li class='av-share-link av-social-link-mail' ><a  aria-label=\"Compartir por correo\" href='mailto:?subject=Saludo%20protocolar%20a%20nuevo%20Gobernador%20Mar%C3%ADtimo%3A%20Alcalde%20Uribe%20reafirm%C3%B3%20trabajo%20colaborativo&#038;body=https:\/\/radiorevelacionfm.cl\/?p=38792' aria-hidden='false' data-av_icon='\ue805' data-av_iconfont='entypo-fontello' title='' data-avia-related-tooltip='Compartir por correo'><span class='avia_hidden_link_text'>Compartir por correo<\/span><\/a><\/li><\/ul><\/div><\/div>\n<div  style='height:50px' class='hr hr-invisible   avia-builder-el-8  el_after_av_social_share  el_before_av_comments_list '><span class='hr-inner ' ><span class='hr-inner-style'><\/span><\/span><\/div>\n<div  class='av-buildercomment  av-blog-meta-html-info-disabled av-blog-meta-tag-disabled  '><\/div>\n","protected":false},"excerpt":{"rendered":"","protected":false},"author":1,"featured_media":38793,"comment_status":"open","ping_status":"open","sticky":false,"template":"","format":"standard","meta":{"footnotes":""},"categories":[38],"tags":[],"class_list":["post-38792","post","type-post","status-publish","format-standard","has-post-thumbnail","hentry","category-regional"],"jetpack_featured_media_url":"https:\/\/radiorevelacionfm.cl\/wp-content\/uploads\/2024\/01\/GOBERNADOR-MARITIMO-2-2-2.jpg","_links":{"self":[{"href":"https:\/\/radiorevelacionfm.cl\/index.php?rest_route=\/wp\/v2\/posts\/38792","targetHints":{"allow":["GET"]}}],"collection":[{"href":"https:\/\/radiorevelacionfm.cl\/index.php?rest_route=\/wp\/v2\/posts"}],"about":[{"href":"https:\/\/radiorevelacionfm.cl\/index.php?rest_route=\/wp\/v2\/types\/post"}],"author":[{"embeddable":true,"href":"https:\/\/radiorevelacionfm.cl\/index.php?rest_route=\/wp\/v2\/users\/1"}],"replies":[{"embeddable":true,"href":"https:\/\/radiorevelacionfm.cl\/index.php?rest_route=%2Fwp%2Fv2%2Fcomments&post=38792"}],"version-history":[{"count":1,"href":"https:\/\/radiorevelacionfm.cl\/index.php?rest_route=\/wp\/v2\/posts\/38792\/revisions"}],"predecessor-version":[{"id":38794,"href":"https:\/\/radiorevelacionfm.cl\/index.php?rest_route=\/wp\/v2\/posts\/38792\/revisions\/38794"}],"wp:featuredmedia":[{"embeddable":true,"href":"https:\/\/radiorevelacionfm.cl\/index.php?rest_route=\/wp\/v2\/media\/38793"}],"wp:attachment":[{"href":"https:\/\/radiorevelacionfm.cl\/index.php?rest_route=%2Fwp%2Fv2%2Fmedia&parent=38792"}],"wp:term":[{"taxonomy":"category","embeddable":true,"href":"https:\/\/radiorevelacionfm.cl\/index.php?rest_route=%2Fwp%2Fv2%2Fcategories&post=38792"},{"taxonomy":"post_tag","embeddable":true,"href":"https:\/\/radiorevelacionfm.cl\/index.php?rest_route=%2Fwp%2Fv2%2Ftags&post=38792"}],"curies":[{"name":"wp","href":"https:\/\/api.w.org\/{rel}","templated":true}]}}