{"id":3879,"date":"2021-05-07T10:51:48","date_gmt":"2021-05-07T13:51:48","guid":{"rendered":"https:\/\/radiorevelacionfm.cl\/?p=3879"},"modified":"2021-05-07T10:51:48","modified_gmt":"2021-05-07T13:51:48","slug":"mineduc-amplia-convenio-que-permite-a-estudiantes-de-liceos-tecnicos-convalidar-el-100-de-ramos-de-4-medio-en-institutos-profesionales-y-centros-de-formacion-tecnica","status":"publish","type":"post","link":"https:\/\/radiorevelacionfm.cl\/?p=3879","title":{"rendered":"Mineduc ampl\u00eda convenio que permite a estudiantes de liceos t\u00e9cnicos convalidar el 100% de ramos de 4\u00b0 medio en institutos profesionales y centros de formaci\u00f3n t\u00e9cnica"},"content":{"rendered":"<div class=\"flex_column av_one_full  flex_column_div av-zero-column-padding first  avia-builder-el-0  el_before_av_one_full  avia-builder-el-first  \" style='border-radius:0px; '><div  class='avia-image-container  av-styling-    avia-builder-el-1  avia-builder-el-no-sibling  avia-align-center '  itemprop=\"image\" itemscope=\"itemscope\" itemtype=\"https:\/\/schema.org\/ImageObject\"  ><div class='avia-image-container-inner'><div class='avia-image-overlay-wrap'><img decoding=\"async\" class='wp-image-3881 avia-img-lazy-loading-not-3881 avia_image' src=\"https:\/\/radiorevelacionfm.cl\/wp-content\/uploads\/2021\/05\/Estudiantes_1-1.jpg\" alt='' title='Estudiantes_1 (1)' height=\"600\" width=\"1068\"  itemprop=\"thumbnailUrl\" srcset=\"https:\/\/radiorevelacionfm.cl\/wp-content\/uploads\/2021\/05\/Estudiantes_1-1.jpg 1068w, https:\/\/radiorevelacionfm.cl\/wp-content\/uploads\/2021\/05\/Estudiantes_1-1-300x169.jpg 300w, https:\/\/radiorevelacionfm.cl\/wp-content\/uploads\/2021\/05\/Estudiantes_1-1-1030x579.jpg 1030w, https:\/\/radiorevelacionfm.cl\/wp-content\/uploads\/2021\/05\/Estudiantes_1-1-768x431.jpg 768w, https:\/\/radiorevelacionfm.cl\/wp-content\/uploads\/2021\/05\/Estudiantes_1-1-705x396.jpg 705w, https:\/\/radiorevelacionfm.cl\/wp-content\/uploads\/2021\/05\/Estudiantes_1-1-600x337.jpg 600w\" sizes=\"(max-width: 1068px) 100vw, 1068px\" \/><\/div><\/div><\/div><\/div>\n<div class=\"flex_column av_one_full  flex_column_div av-zero-column-padding first  avia-builder-el-2  el_after_av_one_full  el_before_av_one_full  column-top-margin\" style='border-radius:0px; '><section class=\"av_textblock_section \"  itemscope=\"itemscope\" itemtype=\"https:\/\/schema.org\/BlogPosting\" itemprop=\"blogPost\" ><div class='avia_textblock  '   itemprop=\"text\" ><p style=\"text-align: center;\"><span style=\"font-size: 18pt;\"><strong>Mineduc ampl\u00eda convenio que permite a estudiantes de liceos t\u00e9cnicos convalidar el 100% de ramos de 4\u00b0 medio en institutos profesionales y centros de formaci\u00f3n t\u00e9cnica<\/strong><\/span><\/p>\n<div id=\"gtx-trans\" style=\"position: absolute; left: -50px; top: 4.31534px;\">\n<div class=\"gtx-trans-icon\"><\/div>\n<\/div>\n<\/div><\/section><\/div>\n<div class=\"flex_column av_one_full  flex_column_div av-zero-column-padding first  avia-builder-el-4  el_after_av_one_full  el_before_av_hr  column-top-margin\" style='border-radius:0px; '><section class=\"av_textblock_section \"  itemscope=\"itemscope\" itemtype=\"https:\/\/schema.org\/BlogPosting\" itemprop=\"blogPost\" ><div class='avia_textblock  '   itemprop=\"text\" ><p class=\"v1MsoNormal\" style=\"text-align: justify;\"><span lang=\"ES-TRAD\">El Ministro de Educaci\u00f3n, Ra\u00fal Figueroa, junto al subsecretario de Educaci\u00f3n, Jorge Poblete y el subsecretario de Educaci\u00f3n Superior, Juan Eduardo Vargas, dieron comienzo al Primer Encuentro de Educaci\u00f3n T\u00e9cnico Profesional, que busca promover el trabajo entre liceos, instituciones de educaci\u00f3n superior T\u00e9cnico Profesional (TP) y representantes del sector productivo de todas las regiones del pa\u00eds para potenciar v\u00ednculos y generar acuerdos en pro de la calidad de la formaci\u00f3n de los estudiantes t\u00e9cnicos.<\/span><\/p>\n<p class=\"v1MsoNormal\" style=\"text-align: justify;\"><span lang=\"ES-TRAD\">El encuentro es el primero de seis jornadas que tendr\u00e1n lugar en las macrozonas del pa\u00eds, donde se implementa la red Futuro T\u00e9cnico del Mineduc con tem\u00e1ticas relacionadas a sectores econ\u00f3micos estrat\u00e9gicos pertinentes a cada territorio.\u00a0 El segundo encuentro se realizar\u00e1 el jueves 13 de mayo y ser\u00e1 con la macrozona Centro Norte (Coquimbo y Valpara\u00edso).<\/span><\/p>\n<p class=\"v1MsoNormal\" style=\"text-align: justify;\"><span lang=\"ES-TRAD\">\u201cLa educaci\u00f3n t\u00e9cnico profesional es una de las prioridades del Gobierno. Concentra a casi al 40% de todos los alumnos de 3\u00b0 y 4\u00b0 medio y pr\u00e1cticamente a la mitad de la matr\u00edcula de educaci\u00f3n superior. Los j\u00f3venes que han optado por esta educaci\u00f3n buscan ah\u00ed un camino concreto para perfeccionar al m\u00e1ximo todas sus capacidades, y es tambi\u00e9n fundamental porque a trav\u00e9s de la formaci\u00f3n de j\u00f3venes que deciden seguir este camino el pa\u00eds tambi\u00e9n se desarrolla y crece\u201d, se\u00f1al\u00f3 el ministro Figueroa, quien explic\u00f3 que con estas jornadas se busca \u201cpotenciar los v\u00ednculos para que las necesidades de los liceos sean conocidas por el sector productivo y las instituciones de educaci\u00f3n superior\u201d.<\/span><\/p>\n<p class=\"v1MsoNormal\" style=\"text-align: justify;\"><span lang=\"ES-TRAD\">Con el mismo objetivo, el ministro dio a conocer la\u00a0ampliaci\u00f3n del Acuerdo de Articulaci\u00f3n T\u00e9cnico Profesional, que este a\u00f1o permitir\u00e1 a los estudiantes de\u00a0515 liceos t\u00e9cnico-profesionales\u00a0convalidar tres o m\u00e1s asignaturas al ingresar a la educaci\u00f3n superior en 35 Centros de Formaci\u00f3n T\u00e9cnica (CFT) o Institutos Profesionales (IP). \u201cEsta ampliaci\u00f3n es un ejemplo del compromiso por potenciar la calidad de la educaci\u00f3n y tambi\u00e9n para que el pa\u00eds en su globalidad pueda beneficiarse de una cada vez exigente formaci\u00f3n T\u00e9cnico Profesional\u201d, agreg\u00f3 el Ministro Figueroa.<\/span><\/p>\n<p class=\"v1MsoNormal\" style=\"text-align: justify;\"><span lang=\"ES-TRAD\">Desde la creaci\u00f3n de este convenio en 2019 -que permit\u00eda acceder a la convalidaci\u00f3n a 57 liceos TP, cifra que en 2020 creci\u00f3 a 107 establecimientos, hasta llegar a los 515 actuales-, 1.138 estudiantes han convalidados ramos tras egresar de 4\u00b0 medio y haber cursado carreras como Telecomunicaciones, Electricidad, Administraci\u00f3n, Agropecuaria y Mec\u00e1nica Automotriz, entre otras. En esta nueva versi\u00f3n del convenio podr\u00e1n postular estudiantes que est\u00e9n en liceos t\u00e9cnicos con categor\u00eda de desempe\u00f1o Alto y Medio, y Liceos Bicentenario, categorizados Alto, Medio y Medio Bajo.\u00a0 Adem\u00e1s, se ha flexibilizado la nota baj\u00e1ndola a 5,0 (en a\u00f1os anteriores el requisito era 5,5).<\/span><\/p>\n<p class=\"v1MsoNormal\" style=\"text-align: justify;\"><span lang=\"ES-TRAD\">El subsecretario de Educaci\u00f3n Superior,\u00a0Juan Eduardo Vargas, se\u00f1al\u00f3 que \u201csiete de cada 10 j\u00f3venes que salen de la educaci\u00f3n media t\u00e9cnico profesional terminan ingresando a una instituci\u00f3n t\u00e9cnico profesional de nivel superior, lo cual ciertamente da cuenta de una buena articulaci\u00f3n entre ambos niveles y de trayectorias que se est\u00e1n construyendo para esos j\u00f3venes. Esto ha permitido que miles de personas puedan optar a mejores remuneraciones y tambi\u00e9n tener una empleabilidad m\u00e1s alta, mejorando, en definitiva, su calidad de vida\u201d.<\/span><\/p>\n<p class=\"v1MsoNormal\" style=\"text-align: justify;\"><span lang=\"ES-TRAD\">Por su parte, el subsecretario de Educaci\u00f3n,\u00a0Jorge Poblete, indic\u00f3 que \u201cestos encuentros son un reflejo del trabajo de articulaci\u00f3n que estamos impulsando entre la educaci\u00f3n media t\u00e9cnico profesional, la educaci\u00f3n superior TP, y sectores econ\u00f3micos. Esta articulaci\u00f3n es muy importante. Por ejemplo, se ha logrado que con un sistema de alternancia nuestros alumnos de educaci\u00f3n media TP puedan tomar posibilidades formativas directamente en el mundo laboral o en instituciones de educaci\u00f3n superior\u201d.<\/span><\/p>\n<p class=\"v1MsoNormal\" style=\"text-align: justify;\"><span lang=\"ES-TRAD\">Seg\u00fan datos del Mineduc, en educaci\u00f3n superior el 54,2% de los estudiantes que ingresan en primer a\u00f1o de pregrado eligen un CFT o IP. Por su parte, la educaci\u00f3n media T\u00e9cnico-Profesional representa el 37% de la matr\u00edcula total de alumnos de 3\u00b0 y 4\u00b0 medio de todo el pa\u00eds.<\/span><\/p>\n<p class=\"v1MsoNormal\" style=\"text-align: justify;\"><span lang=\"ES-TRAD\">Revisa\u00a0<\/span><span lang=\"EN-US\"><a href=\"https:\/\/nam02.safelinks.protection.outlook.com\/?url=https%3A%2F%2Ftecnicos.mineduc.cl%2F2021%2F05%2F06%2Fconvenio-de-articulacion-educacion-media-y-superior-tecnico-profesional%2F&amp;data=04%7C01%7Ccamilo.gomez%40mineduc.cl%7C4f155de9ce2c41ccbb1c08d910b0278a%7C2e4cfe500580414093874ecde39def60%7C1%7C0%7C637559171036853095%7CUnknown%7CTWFpbGZsb3d8eyJWIjoiMC4wLjAwMDAiLCJQIjoiV2luMzIiLCJBTiI6Ik1haWwiLCJXVCI6Mn0%3D%7C1000&amp;sdata=jiTAhLkWMkWZhXkJY9DmcPnjgr43sSuvNWiUyC0q9YE%3D&amp;reserved=0\" target=\"_blank\" rel=\"noopener noreferrer\"><b><span lang=\"ES-TRAD\">aqu\u00ed<\/span><\/b><\/a><\/span>\u00a0<span lang=\"ES-TRAD\">la lista de CFT e IP, adscritos al convenio, y las especialidades de educaci\u00f3n media TP que pueden convalidar ramos.<\/span><\/p>\n<\/div><\/section><\/div><div  style='height:50px' class='hr hr-invisible   avia-builder-el-6  el_after_av_one_full  el_before_av_social_share '><span class='hr-inner ' ><span class='hr-inner-style'><\/span><\/span><\/div><\/p>\n<div  class='av-social-sharing-box  avia-builder-el-7  el_after_av_hr  el_before_av_hr  '><div class='av-share-box'><h5 class='av-share-link-description av-no-toc '>Compartir esta noticia<\/h5><ul class='av-share-box-list noLightbox'><li class='av-share-link av-social-link-facebook' ><a target=\"_blank\" aria-label=\"Compartir en Facebook\" href='https:\/\/www.facebook.com\/sharer.php?u=https:\/\/radiorevelacionfm.cl\/?p=3879&#038;t=Mineduc%20ampl%C3%ADa%20convenio%20que%20permite%20a%20estudiantes%20de%20liceos%20t%C3%A9cnicos%20convalidar%20el%20100%25%20de%20ramos%20de%204%C2%B0%20medio%20en%20institutos%20profesionales%20y%20centros%20de%20formaci%C3%B3n%20t%C3%A9cnica' aria-hidden='false' data-av_icon='\ue8f3' data-av_iconfont='entypo-fontello' title='' data-avia-related-tooltip='Compartir en Facebook' rel=\"noopener\"><span class='avia_hidden_link_text'>Compartir en Facebook<\/span><\/a><\/li><li class='av-share-link av-social-link-twitter' ><a target=\"_blank\" aria-label=\"Compartir en Twitter\" href='https:\/\/twitter.com\/share?text=Mineduc%20ampl%C3%ADa%20convenio%20que%20permite%20a%20estudiantes%20de%20liceos%20t%C3%A9cnicos%20convalidar%20el%20100%25%20de%20ramos%20de%204%C2%B0%20medio%20en%20institutos%20profesionales%20y%20centros%20de%20formaci%C3%B3n%20t%C3%A9cnica&#038;url=https:\/\/radiorevelacionfm.cl\/?p=3879' aria-hidden='false' data-av_icon='\ue8f1' data-av_iconfont='entypo-fontello' title='' data-avia-related-tooltip='Compartir en Twitter' rel=\"noopener\"><span class='avia_hidden_link_text'>Compartir en Twitter<\/span><\/a><\/li><li class='av-share-link av-social-link-whatsapp' ><a target=\"_blank\" aria-label=\"Compartir en Whatsapp\" href='https:\/\/api.whatsapp.com\/send?text=https:\/\/radiorevelacionfm.cl\/?p=3879' aria-hidden='false' data-av_icon='\uf232' data-av_iconfont='entypo-fontello' title='' data-avia-related-tooltip='Compartir en Whatsapp' rel=\"noopener\"><span class='avia_hidden_link_text'>Compartir en Whatsapp<\/span><\/a><\/li><li class='av-share-link av-social-link-linkedin' ><a target=\"_blank\" aria-label=\"Compartir en LinkedIn\" href='https:\/\/linkedin.com\/shareArticle?mini=true&#038;title=Mineduc%20ampl%C3%ADa%20convenio%20que%20permite%20a%20estudiantes%20de%20liceos%20t%C3%A9cnicos%20convalidar%20el%20100%25%20de%20ramos%20de%204%C2%B0%20medio%20en%20institutos%20profesionales%20y%20centros%20de%20formaci%C3%B3n%20t%C3%A9cnica&#038;url=https:\/\/radiorevelacionfm.cl\/?p=3879' aria-hidden='false' data-av_icon='\ue8fc' data-av_iconfont='entypo-fontello' title='' data-avia-related-tooltip='Compartir en LinkedIn' rel=\"noopener\"><span class='avia_hidden_link_text'>Compartir en LinkedIn<\/span><\/a><\/li><li class='av-share-link av-social-link-mail' ><a  aria-label=\"Compartir por correo\" href='mailto:?subject=Mineduc%20ampl%C3%ADa%20convenio%20que%20permite%20a%20estudiantes%20de%20liceos%20t%C3%A9cnicos%20convalidar%20el%20100%25%20de%20ramos%20de%204%C2%B0%20medio%20en%20institutos%20profesionales%20y%20centros%20de%20formaci%C3%B3n%20t%C3%A9cnica&#038;body=https:\/\/radiorevelacionfm.cl\/?p=3879' aria-hidden='false' data-av_icon='\ue805' data-av_iconfont='entypo-fontello' title='' data-avia-related-tooltip='Compartir por correo'><span class='avia_hidden_link_text'>Compartir por correo<\/span><\/a><\/li><\/ul><\/div><\/div>\n<div  style='height:50px' class='hr hr-invisible   avia-builder-el-8  el_after_av_social_share  el_before_av_comments_list '><span class='hr-inner ' ><span class='hr-inner-style'><\/span><\/span><\/div>\n<div  class='av-buildercomment  av-blog-meta-html-info-disabled av-blog-meta-tag-disabled  '><\/div>\n","protected":false},"excerpt":{"rendered":"","protected":false},"author":1,"featured_media":3881,"comment_status":"open","ping_status":"open","sticky":false,"template":"","format":"standard","meta":{"footnotes":""},"categories":[49],"tags":[],"class_list":["post-3879","post","type-post","status-publish","format-standard","has-post-thumbnail","hentry","category-educacion"],"jetpack_featured_media_url":"https:\/\/radiorevelacionfm.cl\/wp-content\/uploads\/2021\/05\/Estudiantes_1-1.jpg","_links":{"self":[{"href":"https:\/\/radiorevelacionfm.cl\/index.php?rest_route=\/wp\/v2\/posts\/3879","targetHints":{"allow":["GET"]}}],"collection":[{"href":"https:\/\/radiorevelacionfm.cl\/index.php?rest_route=\/wp\/v2\/posts"}],"about":[{"href":"https:\/\/radiorevelacionfm.cl\/index.php?rest_route=\/wp\/v2\/types\/post"}],"author":[{"embeddable":true,"href":"https:\/\/radiorevelacionfm.cl\/index.php?rest_route=\/wp\/v2\/users\/1"}],"replies":[{"embeddable":true,"href":"https:\/\/radiorevelacionfm.cl\/index.php?rest_route=%2Fwp%2Fv2%2Fcomments&post=3879"}],"version-history":[{"count":2,"href":"https:\/\/radiorevelacionfm.cl\/index.php?rest_route=\/wp\/v2\/posts\/3879\/revisions"}],"predecessor-version":[{"id":3895,"href":"https:\/\/radiorevelacionfm.cl\/index.php?rest_route=\/wp\/v2\/posts\/3879\/revisions\/3895"}],"wp:featuredmedia":[{"embeddable":true,"href":"https:\/\/radiorevelacionfm.cl\/index.php?rest_route=\/wp\/v2\/media\/3881"}],"wp:attachment":[{"href":"https:\/\/radiorevelacionfm.cl\/index.php?rest_route=%2Fwp%2Fv2%2Fmedia&parent=3879"}],"wp:term":[{"taxonomy":"category","embeddable":true,"href":"https:\/\/radiorevelacionfm.cl\/index.php?rest_route=%2Fwp%2Fv2%2Fcategories&post=3879"},{"taxonomy":"post_tag","embeddable":true,"href":"https:\/\/radiorevelacionfm.cl\/index.php?rest_route=%2Fwp%2Fv2%2Ftags&post=3879"}],"curies":[{"name":"wp","href":"https:\/\/api.w.org\/{rel}","templated":true}]}}