{"id":38777,"date":"2024-01-11T20:24:20","date_gmt":"2024-01-11T23:24:20","guid":{"rendered":"https:\/\/radiorevelacionfm.cl\/?p=38777"},"modified":"2024-01-11T20:24:20","modified_gmt":"2024-01-11T23:24:20","slug":"emprendedoras-es-de-cisnes-y-lago-verde-concretan-y-desarrollan-negocios-con-apoyo-del-fosis","status":"publish","type":"post","link":"https:\/\/radiorevelacionfm.cl\/?p=38777","title":{"rendered":"Emprendedoras\/es de Cisnes y Lago Verde concretan y desarrollan negocios con apoyo del FOSIS"},"content":{"rendered":"<div class=\"flex_column av_one_full  flex_column_div av-zero-column-padding first  avia-builder-el-0  el_before_av_one_full  avia-builder-el-first  \" style='border-radius:0px; '><div  class='avia-image-container  av-styling-    avia-builder-el-1  avia-builder-el-no-sibling  avia-align-center '  itemprop=\"image\" itemscope=\"itemscope\" itemtype=\"https:\/\/schema.org\/ImageObject\"  ><div class='avia-image-container-inner'><div class='avia-image-overlay-wrap'><img decoding=\"async\" class='wp-image-38778 avia-img-lazy-loading-not-38778 avia_image' src=\"https:\/\/radiorevelacionfm.cl\/wp-content\/uploads\/2024\/01\/ES-Puerto-Cisnes-2.jpeg\" alt='' title='ES Puerto Cisnes-2' height=\"607\" width=\"1080\"  itemprop=\"thumbnailUrl\" srcset=\"https:\/\/radiorevelacionfm.cl\/wp-content\/uploads\/2024\/01\/ES-Puerto-Cisnes-2.jpeg 1080w, https:\/\/radiorevelacionfm.cl\/wp-content\/uploads\/2024\/01\/ES-Puerto-Cisnes-2-300x169.jpeg 300w, https:\/\/radiorevelacionfm.cl\/wp-content\/uploads\/2024\/01\/ES-Puerto-Cisnes-2-1030x579.jpeg 1030w, https:\/\/radiorevelacionfm.cl\/wp-content\/uploads\/2024\/01\/ES-Puerto-Cisnes-2-768x432.jpeg 768w, https:\/\/radiorevelacionfm.cl\/wp-content\/uploads\/2024\/01\/ES-Puerto-Cisnes-2-705x396.jpeg 705w, https:\/\/radiorevelacionfm.cl\/wp-content\/uploads\/2024\/01\/ES-Puerto-Cisnes-2-450x253.jpeg 450w, https:\/\/radiorevelacionfm.cl\/wp-content\/uploads\/2024\/01\/ES-Puerto-Cisnes-2-600x337.jpeg 600w\" sizes=\"(max-width: 1080px) 100vw, 1080px\" \/><\/div><\/div><\/div><\/div><div class=\"flex_column av_one_full  flex_column_div av-zero-column-padding first  avia-builder-el-2  el_after_av_one_full  el_before_av_one_full  column-top-margin\" style='border-radius:0px; '><section class=\"av_textblock_section \"  itemscope=\"itemscope\" itemtype=\"https:\/\/schema.org\/BlogPosting\" itemprop=\"blogPost\" ><div class='avia_textblock  '   itemprop=\"text\" ><p style=\"text-align: center;\"><span style=\"font-size: 18pt;\"><strong>Emprendedoras\/es de Cisnes y Lago Verde concretan y desarrollan negocios con apoyo del FOSIS<\/strong><\/span><\/p>\n<div id=\"gtx-trans\" style=\"position: absolute; left: -50px; top: 4.31534px;\">\n<div class=\"gtx-trans-icon\"><\/div>\n<\/div>\n<\/div><\/section><\/div><div class=\"flex_column av_one_full  flex_column_div av-zero-column-padding first  avia-builder-el-4  el_after_av_one_full  el_before_av_hr  column-top-margin\" style='border-radius:0px; '><section class=\"av_textblock_section \"  itemscope=\"itemscope\" itemtype=\"https:\/\/schema.org\/BlogPosting\" itemprop=\"blogPost\" ><div class='avia_textblock  '   itemprop=\"text\" ><p style=\"text-align: justify;\">Hasta Puerto Cisnes lleg\u00f3 la Seremi de Desarrollo Social y Familia, Karina Acevedo, acompa\u00f1ada por la Directora Regional del FOSIS, Fernanda Leiva, para participar de la ceremonia de certificaci\u00f3n del programa Emprendamos Semilla para familias del Subsistema de Seguridades y Oportunidades, instancia financiada por el Fondo de Solidaridad e Inversi\u00f3n Social, FOSIS y ejecutada con el apoyo de Chelenko Consultores.<\/p>\n<p style=\"text-align: justify;\">Las 28 usuarias y usuarios concluyeron satisfactoriamente esta instancia formativa, dirigida a personas con caracter\u00edsticas emprendedoras, que tienen una idea de negocio o est\u00e1n iniciando su emprendimiento. Gracias al programa Emprendamos Semilla pudieron financiar un plan de negocios para comprar herramientas e insumos, junto con recibir asesor\u00eda t\u00e9cnica personalizada y capacitaciones para optimizar el funcionamiento de sus emprendimientos.<\/p>\n<p style=\"text-align: justify;\">Marisa Mansilla, tiene la <em>Panader\u00eda de La Abuela<\/em> en Puerto Cisnes y fue parte del programa Emprendamos Semilla para fortalecer su negocio. \u201cPrimera vez que participo en este proyecto y no he estado en ninguno m\u00e1s. Me daba mucho nervio al principio porque no tengo muchos estudios y ten\u00edamos que conectarnos por el celular a algunos talleres. Me cost\u00f3 harto hacer todo eso, pero fue lindo aprender y gracias a dios que nos ayudaron. Me sirvi\u00f3 mucho la ayuda de la harina que me dieron para trabajar, fueron casi 20 quintales, estoy muy agradecida de todo eso. Gracias por la ayuda que nos dan para poder surgir con nuestro trabajo\u201d.<\/p>\n<p style=\"text-align: justify;\">La Directora Regional del FOSIS en Ays\u00e9n, Fernanda Leiva Mu\u00f1oz, destac\u00f3 que gracias a la ejecuci\u00f3n de este programa \u201ctrabajamos con usuarios de las comunas de Cisnes y Lago Verde, donde certificamos la finalizaci\u00f3n del proceso de participaci\u00f3n de estos usuarios y usuarias en esta intervenci\u00f3n de ocho meses, donde se les entreg\u00f3 capacitaci\u00f3n, asesor\u00eda y financiamiento. Estamos muy contentos de ver c\u00f3mo el trabajo que realizamos constituye un apoyo fundamental para los emprendimientos que est\u00e1n surgiendo y que queremos que se mantengan en el tiempo\u201d.<\/p>\n<p style=\"text-align: justify;\">Karina Acevedo, Seremi de Desarrollo Social y Familia, asegur\u00f3 que \u201cesta instancia nos da la posibilidad de ver c\u00f3mo es el emprendimiento, que nos cuenten qu\u00e9 pas\u00f3 estos meses de capacitaci\u00f3n, c\u00f3mo el fortalecimiento del programa integra el comercio digital y otras habilidades que les entregan a quienes se est\u00e1n reci\u00e9n iniciando, para que cuenten con las herramientas suficientes para poder fortalecerse. Nos vamos muy contentos como Ministerio ya que estamos cumpliendo con lo que el Presidente nos ha pedido, estar en terreno, dar oportunidades, conocer las vivencias de las personas a quienes beneficiamos y que los instrumentos que se han creado est\u00e1n llegando a las personas para las cuales se han dise\u00f1ado\u201d.<\/p>\n<p style=\"text-align: justify;\">Cabe mencionar que en este programas de generaci\u00f3n de ingresos financiados por el FOSIS, participaron 22 usuarios\/as de la comuna de Cisnes y 6 de Lago Verde.<\/p>\n<\/div><\/section><\/div><div  style='height:50px' class='hr hr-invisible   avia-builder-el-6  el_after_av_one_full  el_before_av_social_share '><span class='hr-inner ' ><span class='hr-inner-style'><\/span><\/span><\/div><\/p>\n<div  class='av-social-sharing-box  avia-builder-el-7  el_after_av_hr  el_before_av_hr  '><div class='av-share-box'><h5 class='av-share-link-description av-no-toc '>Compartir esta noticia<\/h5><ul class='av-share-box-list noLightbox'><li class='av-share-link av-social-link-facebook' ><a target=\"_blank\" aria-label=\"Compartir en Facebook\" href='https:\/\/www.facebook.com\/sharer.php?u=https:\/\/radiorevelacionfm.cl\/?p=38777&#038;t=Emprendedoras%2Fes%20de%20Cisnes%20y%20Lago%20Verde%20concretan%20y%20desarrollan%20negocios%20con%20apoyo%20del%20FOSIS' aria-hidden='false' data-av_icon='\ue8f3' data-av_iconfont='entypo-fontello' title='' data-avia-related-tooltip='Compartir en Facebook' rel=\"noopener\"><span class='avia_hidden_link_text'>Compartir en Facebook<\/span><\/a><\/li><li class='av-share-link av-social-link-twitter' ><a target=\"_blank\" aria-label=\"Compartir en Twitter\" href='https:\/\/twitter.com\/share?text=Emprendedoras%2Fes%20de%20Cisnes%20y%20Lago%20Verde%20concretan%20y%20desarrollan%20negocios%20con%20apoyo%20del%20FOSIS&#038;url=https:\/\/radiorevelacionfm.cl\/?p=38777' aria-hidden='false' data-av_icon='\ue8f1' data-av_iconfont='entypo-fontello' title='' data-avia-related-tooltip='Compartir en Twitter' rel=\"noopener\"><span class='avia_hidden_link_text'>Compartir en Twitter<\/span><\/a><\/li><li class='av-share-link av-social-link-whatsapp' ><a target=\"_blank\" aria-label=\"Compartir en Whatsapp\" href='https:\/\/api.whatsapp.com\/send?text=https:\/\/radiorevelacionfm.cl\/?p=38777' aria-hidden='false' data-av_icon='\uf232' data-av_iconfont='entypo-fontello' title='' data-avia-related-tooltip='Compartir en Whatsapp' rel=\"noopener\"><span class='avia_hidden_link_text'>Compartir en Whatsapp<\/span><\/a><\/li><li class='av-share-link av-social-link-linkedin' ><a target=\"_blank\" aria-label=\"Compartir en LinkedIn\" href='https:\/\/linkedin.com\/shareArticle?mini=true&#038;title=Emprendedoras%2Fes%20de%20Cisnes%20y%20Lago%20Verde%20concretan%20y%20desarrollan%20negocios%20con%20apoyo%20del%20FOSIS&#038;url=https:\/\/radiorevelacionfm.cl\/?p=38777' aria-hidden='false' data-av_icon='\ue8fc' data-av_iconfont='entypo-fontello' title='' data-avia-related-tooltip='Compartir en LinkedIn' rel=\"noopener\"><span class='avia_hidden_link_text'>Compartir en LinkedIn<\/span><\/a><\/li><li class='av-share-link av-social-link-mail' ><a  aria-label=\"Compartir por correo\" href='mailto:?subject=Emprendedoras%2Fes%20de%20Cisnes%20y%20Lago%20Verde%20concretan%20y%20desarrollan%20negocios%20con%20apoyo%20del%20FOSIS&#038;body=https:\/\/radiorevelacionfm.cl\/?p=38777' aria-hidden='false' data-av_icon='\ue805' data-av_iconfont='entypo-fontello' title='' data-avia-related-tooltip='Compartir por correo'><span class='avia_hidden_link_text'>Compartir por correo<\/span><\/a><\/li><\/ul><\/div><\/div>\n<div  style='height:50px' class='hr hr-invisible   avia-builder-el-8  el_after_av_social_share  el_before_av_comments_list '><span class='hr-inner ' ><span class='hr-inner-style'><\/span><\/span><\/div>\n<div  class='av-buildercomment  av-blog-meta-html-info-disabled av-blog-meta-tag-disabled  '><\/div>\n","protected":false},"excerpt":{"rendered":"","protected":false},"author":1,"featured_media":38778,"comment_status":"open","ping_status":"open","sticky":false,"template":"","format":"standard","meta":{"footnotes":""},"categories":[38],"tags":[],"class_list":["post-38777","post","type-post","status-publish","format-standard","has-post-thumbnail","hentry","category-regional"],"jetpack_featured_media_url":"https:\/\/radiorevelacionfm.cl\/wp-content\/uploads\/2024\/01\/ES-Puerto-Cisnes-2.jpeg","_links":{"self":[{"href":"https:\/\/radiorevelacionfm.cl\/index.php?rest_route=\/wp\/v2\/posts\/38777","targetHints":{"allow":["GET"]}}],"collection":[{"href":"https:\/\/radiorevelacionfm.cl\/index.php?rest_route=\/wp\/v2\/posts"}],"about":[{"href":"https:\/\/radiorevelacionfm.cl\/index.php?rest_route=\/wp\/v2\/types\/post"}],"author":[{"embeddable":true,"href":"https:\/\/radiorevelacionfm.cl\/index.php?rest_route=\/wp\/v2\/users\/1"}],"replies":[{"embeddable":true,"href":"https:\/\/radiorevelacionfm.cl\/index.php?rest_route=%2Fwp%2Fv2%2Fcomments&post=38777"}],"version-history":[{"count":1,"href":"https:\/\/radiorevelacionfm.cl\/index.php?rest_route=\/wp\/v2\/posts\/38777\/revisions"}],"predecessor-version":[{"id":38779,"href":"https:\/\/radiorevelacionfm.cl\/index.php?rest_route=\/wp\/v2\/posts\/38777\/revisions\/38779"}],"wp:featuredmedia":[{"embeddable":true,"href":"https:\/\/radiorevelacionfm.cl\/index.php?rest_route=\/wp\/v2\/media\/38778"}],"wp:attachment":[{"href":"https:\/\/radiorevelacionfm.cl\/index.php?rest_route=%2Fwp%2Fv2%2Fmedia&parent=38777"}],"wp:term":[{"taxonomy":"category","embeddable":true,"href":"https:\/\/radiorevelacionfm.cl\/index.php?rest_route=%2Fwp%2Fv2%2Fcategories&post=38777"},{"taxonomy":"post_tag","embeddable":true,"href":"https:\/\/radiorevelacionfm.cl\/index.php?rest_route=%2Fwp%2Fv2%2Ftags&post=38777"}],"curies":[{"name":"wp","href":"https:\/\/api.w.org\/{rel}","templated":true}]}}