{"id":38771,"date":"2024-01-11T08:57:58","date_gmt":"2024-01-11T11:57:58","guid":{"rendered":"https:\/\/radiorevelacionfm.cl\/?p=38771"},"modified":"2024-01-11T08:57:58","modified_gmt":"2024-01-11T11:57:58","slug":"sandoval-por-ley-lafkenche-no-hay-que-perder-el-espiritu-de-la-ley-y-evitar-que-gente-inescrupulosa-termine-por-beneficiarse-con-esto","status":"publish","type":"post","link":"https:\/\/radiorevelacionfm.cl\/?p=38771","title":{"rendered":"Sandoval por Ley Lafkenche: \u201cNo hay que perder el esp\u00edritu de la ley y evitar que gente inescrupulosa termine por beneficiarse con esto\u201d"},"content":{"rendered":"<div class=\"flex_column av_one_full  flex_column_div av-zero-column-padding first  avia-builder-el-0  el_before_av_one_full  avia-builder-el-first  \" style='border-radius:0px; '><div  class='avia-image-container  av-styling-    avia-builder-el-1  avia-builder-el-no-sibling  avia-align-center '  itemprop=\"image\" itemscope=\"itemscope\" itemtype=\"https:\/\/schema.org\/ImageObject\"  ><div class='avia-image-container-inner'><div class='avia-image-overlay-wrap'><img decoding=\"async\" class='wp-image-19428 avia-img-lazy-loading-not-19428 avia_image' src=\"https:\/\/radiorevelacionfm.cl\/wp-content\/uploads\/2022\/07\/senador-sandoval-10-1-1.jpg\" alt='' title='senador sandoval (10) (1) (1)' height=\"600\" width=\"977\"  itemprop=\"thumbnailUrl\" srcset=\"https:\/\/radiorevelacionfm.cl\/wp-content\/uploads\/2022\/07\/senador-sandoval-10-1-1.jpg 977w, https:\/\/radiorevelacionfm.cl\/wp-content\/uploads\/2022\/07\/senador-sandoval-10-1-1-300x184.jpg 300w, https:\/\/radiorevelacionfm.cl\/wp-content\/uploads\/2022\/07\/senador-sandoval-10-1-1-768x472.jpg 768w, https:\/\/radiorevelacionfm.cl\/wp-content\/uploads\/2022\/07\/senador-sandoval-10-1-1-705x433.jpg 705w, https:\/\/radiorevelacionfm.cl\/wp-content\/uploads\/2022\/07\/senador-sandoval-10-1-1-600x368.jpg 600w\" sizes=\"(max-width: 977px) 100vw, 977px\" \/><\/div><\/div><\/div><\/div><div class=\"flex_column av_one_full  flex_column_div av-zero-column-padding first  avia-builder-el-2  el_after_av_one_full  el_before_av_one_full  column-top-margin\" style='border-radius:0px; '><section class=\"av_textblock_section \"  itemscope=\"itemscope\" itemtype=\"https:\/\/schema.org\/BlogPosting\" itemprop=\"blogPost\" ><div class='avia_textblock  '   itemprop=\"text\" ><p style=\"text-align: center;\"><span style=\"font-size: 18pt;\"><strong>Sandoval por Ley Lafkenche: <\/strong><strong>\u201cNo hay que perder el esp\u00edritu de la ley y evitar que gente inescrupulosa termine por beneficiarse con esto\u201d<\/strong><\/span><\/p>\n<div id=\"gtx-trans\" style=\"position: absolute; left: -50px; top: 4.31534px;\">\n<div class=\"gtx-trans-icon\"><\/div>\n<\/div>\n<\/div><\/section><\/div><div class=\"flex_column av_one_full  flex_column_div av-zero-column-padding first  avia-builder-el-4  el_after_av_one_full  el_before_av_hr  column-top-margin\" style='border-radius:0px; '><section class=\"av_textblock_section \"  itemscope=\"itemscope\" itemtype=\"https:\/\/schema.org\/BlogPosting\" itemprop=\"blogPost\" ><div class='avia_textblock  '   itemprop=\"text\" ><p style=\"text-align: justify;\"><em>Este mi\u00e9rcoles se inici\u00f3 discusi\u00f3n del proyecto que introduce diversas modificaciones en la ley N\u00b0 20.249, que crea el espacio costero de los pueblos originarios, con el objeto de perfeccionar su implementaci\u00f3n.<\/em><\/p>\n<p style=\"text-align: justify;\">Este mi\u00e9rcoles, la comisi\u00f3n de Pesca del Senado inici\u00f3 la discusi\u00f3n del proyecto que introduce diversas modificaciones en la ley N\u00b0 20.249, que crea el espacio costero de los pueblos originarios, con el objeto de perfeccionar su implementaci\u00f3n.<\/p>\n<p style=\"text-align: justify;\">Dada la controversia que ha causado este tema, el senador David Sandoval, quien forma parte de esta instancia parlamentaria, se refiri\u00f3 al tr\u00e1mite de esta iniciativa, recordando que en los \u00faltimos d\u00edas se reuni\u00f3 con dirigentes de la pesca artesanal de distintos sectores de la regi\u00f3n en Puerto Ays\u00e9n, adem\u00e1s de representantes de comunidades ind\u00edgenas asociadas al sector pesquero artesanal, quienes estaban \u201cextremadamente preocupados por la forma que est\u00e1 adquiriendo este tema en su desarrollo\u201d.<\/p>\n<p style=\"text-align: justify;\">En ese sentido, Sandoval precis\u00f3 que, seg\u00fan informaci\u00f3n de la Subsecretar\u00eda de Pesca, en la regi\u00f3n de Los Lagos ha habido 59 solicitudes de ECMPO para 1,6 millones de hect\u00e1reas involucradas, mientras que, en la regi\u00f3n de Ays\u00e9n, ha habido solamente 3 solicitudes para 1,1 millones de hect\u00e1reas. \u201cY lo que plantean las comunidades es su rechazo a la ley y estiman que una norma bien inspirada estaba siendo objeto de un uso que no se correspond\u00eda con el fin y prop\u00f3sito de \u00e9sta\u201d, indic\u00f3.<\/p>\n<p style=\"text-align: justify;\">En particular, en Islas Huichas es donde se ha presentado una de las solicitudes m\u00e1s grandes y conflictivas de ECMPO, que abarca una superficie de 775.419 hect\u00e1reas, siendo cuestionada por diversos sectores, que consideran que esta ley afecta seriamente el desarrollo sustentable del borde costero.<\/p>\n<p style=\"text-align: justify;\">\u201cMe parece que debemos aprovechar el escenario para, hasta donde sea posible, no perder el esp\u00edritu de la ley y evitar que gente inescrupulosa termine por beneficiarse con esto\u201d, se\u00f1al\u00f3 el senador Sandoval, destacando de paso el compromiso de dirigentes como Francisco Mesa, Fernando Mesa, que convocaron a esta reuni\u00f3n en Puerto Ays\u00e9n de los \u00faltimos d\u00edas, valorando tambi\u00e9n la disposici\u00f3n del Ejecutivo, \u201cque creo es un aliado fundamental en este proceso\u201d.<\/p>\n<p style=\"text-align: justify;\">Cabe se\u00f1alar que la ley define Espacio Mar\u00edtimo de los Pueblo Originarios como aquella \u201cDestinaci\u00f3n mar\u00edtima delimitada que el Ministerio de Defensa le otorga a la SUBPESCA para que dicha instituci\u00f3n, a trav\u00e9s de un convenio de uso, le entregue la administraci\u00f3n del espacio a una asociaci\u00f3n o comunidades o bien excepcionalmente a una comunidad ind\u00edgena, previa aprobaci\u00f3n del Plan de Administraci\u00f3n por parte de una comisi\u00f3n interministerial.\u201d<\/p>\n<\/div><\/section><\/div><div  style='height:50px' class='hr hr-invisible   avia-builder-el-6  el_after_av_one_full  el_before_av_social_share '><span class='hr-inner ' ><span class='hr-inner-style'><\/span><\/span><\/div><\/p>\n<div  class='av-social-sharing-box  avia-builder-el-7  el_after_av_hr  el_before_av_hr  '><div class='av-share-box'><h5 class='av-share-link-description av-no-toc '>Compartir esta noticia<\/h5><ul class='av-share-box-list noLightbox'><li class='av-share-link av-social-link-facebook' ><a target=\"_blank\" aria-label=\"Compartir en Facebook\" href='https:\/\/www.facebook.com\/sharer.php?u=https:\/\/radiorevelacionfm.cl\/?p=38771&#038;t=Sandoval%20por%20Ley%20Lafkenche%3A%20%E2%80%9CNo%20hay%20que%20perder%20el%20esp%C3%ADritu%20de%20la%20ley%20y%20evitar%20que%20gente%20inescrupulosa%20termine%20por%20beneficiarse%20con%20esto%E2%80%9D' aria-hidden='false' data-av_icon='\ue8f3' data-av_iconfont='entypo-fontello' title='' data-avia-related-tooltip='Compartir en Facebook' rel=\"noopener\"><span class='avia_hidden_link_text'>Compartir en Facebook<\/span><\/a><\/li><li class='av-share-link av-social-link-twitter' ><a target=\"_blank\" aria-label=\"Compartir en Twitter\" href='https:\/\/twitter.com\/share?text=Sandoval%20por%20Ley%20Lafkenche%3A%20%E2%80%9CNo%20hay%20que%20perder%20el%20esp%C3%ADritu%20de%20la%20ley%20y%20evitar%20que%20gente%20inescrupulosa%20termine%20por%20beneficiarse%20con%20esto%E2%80%9D&#038;url=https:\/\/radiorevelacionfm.cl\/?p=38771' aria-hidden='false' data-av_icon='\ue8f1' data-av_iconfont='entypo-fontello' title='' data-avia-related-tooltip='Compartir en Twitter' rel=\"noopener\"><span class='avia_hidden_link_text'>Compartir en Twitter<\/span><\/a><\/li><li class='av-share-link av-social-link-whatsapp' ><a target=\"_blank\" aria-label=\"Compartir en Whatsapp\" href='https:\/\/api.whatsapp.com\/send?text=https:\/\/radiorevelacionfm.cl\/?p=38771' aria-hidden='false' data-av_icon='\uf232' data-av_iconfont='entypo-fontello' title='' data-avia-related-tooltip='Compartir en Whatsapp' rel=\"noopener\"><span class='avia_hidden_link_text'>Compartir en Whatsapp<\/span><\/a><\/li><li class='av-share-link av-social-link-linkedin' ><a target=\"_blank\" aria-label=\"Compartir en LinkedIn\" href='https:\/\/linkedin.com\/shareArticle?mini=true&#038;title=Sandoval%20por%20Ley%20Lafkenche%3A%20%E2%80%9CNo%20hay%20que%20perder%20el%20esp%C3%ADritu%20de%20la%20ley%20y%20evitar%20que%20gente%20inescrupulosa%20termine%20por%20beneficiarse%20con%20esto%E2%80%9D&#038;url=https:\/\/radiorevelacionfm.cl\/?p=38771' aria-hidden='false' data-av_icon='\ue8fc' data-av_iconfont='entypo-fontello' title='' data-avia-related-tooltip='Compartir en LinkedIn' rel=\"noopener\"><span class='avia_hidden_link_text'>Compartir en LinkedIn<\/span><\/a><\/li><li class='av-share-link av-social-link-mail' ><a  aria-label=\"Compartir por correo\" href='mailto:?subject=Sandoval%20por%20Ley%20Lafkenche%3A%20%E2%80%9CNo%20hay%20que%20perder%20el%20esp%C3%ADritu%20de%20la%20ley%20y%20evitar%20que%20gente%20inescrupulosa%20termine%20por%20beneficiarse%20con%20esto%E2%80%9D&#038;body=https:\/\/radiorevelacionfm.cl\/?p=38771' aria-hidden='false' data-av_icon='\ue805' data-av_iconfont='entypo-fontello' title='' data-avia-related-tooltip='Compartir por correo'><span class='avia_hidden_link_text'>Compartir por correo<\/span><\/a><\/li><\/ul><\/div><\/div>\n<div  style='height:50px' class='hr hr-invisible   avia-builder-el-8  el_after_av_social_share  el_before_av_comments_list '><span class='hr-inner ' ><span class='hr-inner-style'><\/span><\/span><\/div>\n<div  class='av-buildercomment  av-blog-meta-html-info-disabled av-blog-meta-tag-disabled  '><\/div>\n","protected":false},"excerpt":{"rendered":"","protected":false},"author":1,"featured_media":19428,"comment_status":"open","ping_status":"open","sticky":false,"template":"","format":"standard","meta":{"footnotes":""},"categories":[35],"tags":[],"class_list":["post-38771","post","type-post","status-publish","format-standard","has-post-thumbnail","hentry","category-politica"],"jetpack_featured_media_url":"https:\/\/radiorevelacionfm.cl\/wp-content\/uploads\/2022\/07\/senador-sandoval-10-1-1.jpg","_links":{"self":[{"href":"https:\/\/radiorevelacionfm.cl\/index.php?rest_route=\/wp\/v2\/posts\/38771","targetHints":{"allow":["GET"]}}],"collection":[{"href":"https:\/\/radiorevelacionfm.cl\/index.php?rest_route=\/wp\/v2\/posts"}],"about":[{"href":"https:\/\/radiorevelacionfm.cl\/index.php?rest_route=\/wp\/v2\/types\/post"}],"author":[{"embeddable":true,"href":"https:\/\/radiorevelacionfm.cl\/index.php?rest_route=\/wp\/v2\/users\/1"}],"replies":[{"embeddable":true,"href":"https:\/\/radiorevelacionfm.cl\/index.php?rest_route=%2Fwp%2Fv2%2Fcomments&post=38771"}],"version-history":[{"count":1,"href":"https:\/\/radiorevelacionfm.cl\/index.php?rest_route=\/wp\/v2\/posts\/38771\/revisions"}],"predecessor-version":[{"id":38772,"href":"https:\/\/radiorevelacionfm.cl\/index.php?rest_route=\/wp\/v2\/posts\/38771\/revisions\/38772"}],"wp:featuredmedia":[{"embeddable":true,"href":"https:\/\/radiorevelacionfm.cl\/index.php?rest_route=\/wp\/v2\/media\/19428"}],"wp:attachment":[{"href":"https:\/\/radiorevelacionfm.cl\/index.php?rest_route=%2Fwp%2Fv2%2Fmedia&parent=38771"}],"wp:term":[{"taxonomy":"category","embeddable":true,"href":"https:\/\/radiorevelacionfm.cl\/index.php?rest_route=%2Fwp%2Fv2%2Fcategories&post=38771"},{"taxonomy":"post_tag","embeddable":true,"href":"https:\/\/radiorevelacionfm.cl\/index.php?rest_route=%2Fwp%2Fv2%2Ftags&post=38771"}],"curies":[{"name":"wp","href":"https:\/\/api.w.org\/{rel}","templated":true}]}}