{"id":38768,"date":"2024-01-10T19:06:00","date_gmt":"2024-01-10T22:06:00","guid":{"rendered":"https:\/\/radiorevelacionfm.cl\/?p=38768"},"modified":"2024-01-10T19:06:00","modified_gmt":"2024-01-10T22:06:00","slug":"banda-benemerita-se-suma-al-carnaval-del-agua-y-seran-protagonistas-en-aysen-canta-con-carabineros","status":"publish","type":"post","link":"https:\/\/radiorevelacionfm.cl\/?p=38768","title":{"rendered":"Banda Benem\u00e9rita se suma al \u201cCarnaval del Agua\u201d y ser\u00e1n protagonistas en \u201cAys\u00e9n Canta con Carabineros\u201d"},"content":{"rendered":"<div class=\"flex_column av_one_full  flex_column_div av-zero-column-padding first  avia-builder-el-0  el_before_av_one_full  avia-builder-el-first  \" style='border-radius:0px; '><div  class='avia-image-container  av-styling-    avia-builder-el-1  avia-builder-el-no-sibling  avia-align-center '  itemprop=\"image\" itemscope=\"itemscope\" itemtype=\"https:\/\/schema.org\/ImageObject\"  ><div class='avia-image-container-inner'><div class='avia-image-overlay-wrap'><img decoding=\"async\" class='wp-image-38769 avia-img-lazy-loading-not-38769 avia_image' src=\"https:\/\/radiorevelacionfm.cl\/wp-content\/uploads\/2024\/01\/invita-canta-carabineros-5-1_optimized-1.jpg\" alt='' title='invita-canta-carabineros-5-(1)_optimized (1)' height=\"600\" width=\"1067\"  itemprop=\"thumbnailUrl\" srcset=\"https:\/\/radiorevelacionfm.cl\/wp-content\/uploads\/2024\/01\/invita-canta-carabineros-5-1_optimized-1.jpg 1067w, https:\/\/radiorevelacionfm.cl\/wp-content\/uploads\/2024\/01\/invita-canta-carabineros-5-1_optimized-1-300x169.jpg 300w, https:\/\/radiorevelacionfm.cl\/wp-content\/uploads\/2024\/01\/invita-canta-carabineros-5-1_optimized-1-1030x579.jpg 1030w, https:\/\/radiorevelacionfm.cl\/wp-content\/uploads\/2024\/01\/invita-canta-carabineros-5-1_optimized-1-768x432.jpg 768w, https:\/\/radiorevelacionfm.cl\/wp-content\/uploads\/2024\/01\/invita-canta-carabineros-5-1_optimized-1-705x396.jpg 705w, https:\/\/radiorevelacionfm.cl\/wp-content\/uploads\/2024\/01\/invita-canta-carabineros-5-1_optimized-1-450x253.jpg 450w, https:\/\/radiorevelacionfm.cl\/wp-content\/uploads\/2024\/01\/invita-canta-carabineros-5-1_optimized-1-600x337.jpg 600w\" sizes=\"(max-width: 1067px) 100vw, 1067px\" \/><\/div><\/div><\/div><\/div><div class=\"flex_column av_one_full  flex_column_div av-zero-column-padding first  avia-builder-el-2  el_after_av_one_full  el_before_av_one_full  column-top-margin\" style='border-radius:0px; '><section class=\"av_textblock_section \"  itemscope=\"itemscope\" itemtype=\"https:\/\/schema.org\/BlogPosting\" itemprop=\"blogPost\" ><div class='avia_textblock  '   itemprop=\"text\" ><p style=\"text-align: center;\"><strong><span style=\"font-size: 18pt;\">Banda Benem\u00e9rita se suma al \u201cCarnaval del Agua\u201d y ser\u00e1n protagonistas en \u201cAys\u00e9n Canta con Carabineros\u201d<\/span><\/strong><\/p>\n<div id=\"gtx-trans\" style=\"position: absolute; left: -50px; top: 4.31534px;\">\n<div class=\"gtx-trans-icon\"><\/div>\n<\/div>\n<\/div><\/section><\/div><div class=\"flex_column av_one_full  flex_column_div av-zero-column-padding first  avia-builder-el-4  el_after_av_one_full  el_before_av_hr  column-top-margin\" style='border-radius:0px; '><section class=\"av_textblock_section \"  itemscope=\"itemscope\" itemtype=\"https:\/\/schema.org\/BlogPosting\" itemprop=\"blogPost\" ><div class='avia_textblock  '   itemprop=\"text\" ><p style=\"text-align: justify;\">Continua el trabajo entre la Ilustre Municipalidad de Ays\u00e9n y Carabineros, en esta oportunidad y en el contexto del \u201cCarnaval del Agua\u201d, se ha coordinado el desarrollo del evento art\u00edstico \u201cAys\u00e9n canta con Carabineros\u201d.<\/p>\n<p style=\"text-align: justify;\">Esta es una actividad donde se ponen a disposici\u00f3n una serie de canciones y mix de reconocidos artistas nacionales e internacionales, donde se invita a vecinos y vecinas de la ciudad elegir y participar del casting junto a la banda instrumental.<\/p>\n<p style=\"text-align: justify;\">\u201cLos invitamos a participar de una actividad que se llama Cantando con Carabineros, se trata b\u00e1sicamente de que tienen que elegir unas de las canciones que est\u00e1 en las redes, luego se les va a convocar a un casting, para finalmente llevar a cabo un gran evento en el parque municipal, donde la Banda de Carabineros va a estar tocando y van a ser los vecinos y las vecinas, quienes van a cantar las canciones que elijan\u201d, se\u00f1al\u00f3 el encargado del \u00e1rea de cultura en la Municipalidad de Ays\u00e9n, Cristian Torres.<\/p>\n<p style=\"text-align: justify;\">En distintos estilos y de variados interpretes son los temas que la comunidad podr\u00e1 interpretar junto a Carabineros, agreg\u00f3 Cristian Torres. \u201cEst\u00e1 recu\u00e9rdame que es de la pel\u00edcula Coco, m\u00e1s que tu amigo de Marco Antonio Sol\u00eds, las 6 de la ma\u00f1ana de Joe Vascocellos, un mix de los 60, mix de Los V\u00e1squez, otro de Frank Sinatra, uno de Elvis Presley, de Selena, me gusta todo de ti de Noche de Brujas, mi gran noche de Raphael, gracias a la vida de Violeta Parra, color esperanza de Diego Torres y un mix de chamame\u201d.<\/p>\n<p style=\"text-align: justify;\">Las inscripciones para el evento \u201cCantando con Carabineros\u201d se extienden hasta el d\u00eda 15 de enero, a trav\u00e9s del correo electr\u00f3nico <a href=\"mailto:unidadcultura@puertoaysen.cl\">unidadcultura@puertoaysen.cl<\/a>. Esta es otra actividad inserta en el aniversario 96 de Puerto Ays\u00e9n, en el contexto del Carnaval del Agua.<\/p>\n<\/div><\/section><\/div><div  style='height:50px' class='hr hr-invisible   avia-builder-el-6  el_after_av_one_full  el_before_av_social_share '><span class='hr-inner ' ><span class='hr-inner-style'><\/span><\/span><\/div><\/p>\n<div  class='av-social-sharing-box  avia-builder-el-7  el_after_av_hr  el_before_av_hr  '><div class='av-share-box'><h5 class='av-share-link-description av-no-toc '>Compartir esta noticia<\/h5><ul class='av-share-box-list noLightbox'><li class='av-share-link av-social-link-facebook' ><a target=\"_blank\" aria-label=\"Compartir en Facebook\" href='https:\/\/www.facebook.com\/sharer.php?u=https:\/\/radiorevelacionfm.cl\/?p=38768&#038;t=Banda%20Benem%C3%A9rita%20se%20suma%20al%20%E2%80%9CCarnaval%20del%20Agua%E2%80%9D%20y%20ser%C3%A1n%20protagonistas%20en%20%E2%80%9CAys%C3%A9n%20Canta%20con%20Carabineros%E2%80%9D' aria-hidden='false' data-av_icon='\ue8f3' data-av_iconfont='entypo-fontello' title='' data-avia-related-tooltip='Compartir en Facebook' rel=\"noopener\"><span class='avia_hidden_link_text'>Compartir en Facebook<\/span><\/a><\/li><li class='av-share-link av-social-link-twitter' ><a target=\"_blank\" aria-label=\"Compartir en Twitter\" href='https:\/\/twitter.com\/share?text=Banda%20Benem%C3%A9rita%20se%20suma%20al%20%E2%80%9CCarnaval%20del%20Agua%E2%80%9D%20y%20ser%C3%A1n%20protagonistas%20en%20%E2%80%9CAys%C3%A9n%20Canta%20con%20Carabineros%E2%80%9D&#038;url=https:\/\/radiorevelacionfm.cl\/?p=38768' aria-hidden='false' data-av_icon='\ue8f1' data-av_iconfont='entypo-fontello' title='' data-avia-related-tooltip='Compartir en Twitter' rel=\"noopener\"><span class='avia_hidden_link_text'>Compartir en Twitter<\/span><\/a><\/li><li class='av-share-link av-social-link-whatsapp' ><a target=\"_blank\" aria-label=\"Compartir en Whatsapp\" href='https:\/\/api.whatsapp.com\/send?text=https:\/\/radiorevelacionfm.cl\/?p=38768' aria-hidden='false' data-av_icon='\uf232' data-av_iconfont='entypo-fontello' title='' data-avia-related-tooltip='Compartir en Whatsapp' rel=\"noopener\"><span class='avia_hidden_link_text'>Compartir en Whatsapp<\/span><\/a><\/li><li class='av-share-link av-social-link-linkedin' ><a target=\"_blank\" aria-label=\"Compartir en LinkedIn\" href='https:\/\/linkedin.com\/shareArticle?mini=true&#038;title=Banda%20Benem%C3%A9rita%20se%20suma%20al%20%E2%80%9CCarnaval%20del%20Agua%E2%80%9D%20y%20ser%C3%A1n%20protagonistas%20en%20%E2%80%9CAys%C3%A9n%20Canta%20con%20Carabineros%E2%80%9D&#038;url=https:\/\/radiorevelacionfm.cl\/?p=38768' aria-hidden='false' data-av_icon='\ue8fc' data-av_iconfont='entypo-fontello' title='' data-avia-related-tooltip='Compartir en LinkedIn' rel=\"noopener\"><span class='avia_hidden_link_text'>Compartir en LinkedIn<\/span><\/a><\/li><li class='av-share-link av-social-link-mail' ><a  aria-label=\"Compartir por correo\" href='mailto:?subject=Banda%20Benem%C3%A9rita%20se%20suma%20al%20%E2%80%9CCarnaval%20del%20Agua%E2%80%9D%20y%20ser%C3%A1n%20protagonistas%20en%20%E2%80%9CAys%C3%A9n%20Canta%20con%20Carabineros%E2%80%9D&#038;body=https:\/\/radiorevelacionfm.cl\/?p=38768' aria-hidden='false' data-av_icon='\ue805' data-av_iconfont='entypo-fontello' title='' data-avia-related-tooltip='Compartir por correo'><span class='avia_hidden_link_text'>Compartir por correo<\/span><\/a><\/li><\/ul><\/div><\/div>\n<div  style='height:50px' class='hr hr-invisible   avia-builder-el-8  el_after_av_social_share  el_before_av_comments_list '><span class='hr-inner ' ><span class='hr-inner-style'><\/span><\/span><\/div>\n<div  class='av-buildercomment  av-blog-meta-html-info-disabled av-blog-meta-tag-disabled  '><\/div>\n","protected":false},"excerpt":{"rendered":"","protected":false},"author":1,"featured_media":38769,"comment_status":"open","ping_status":"open","sticky":false,"template":"","format":"standard","meta":{"footnotes":""},"categories":[38],"tags":[],"class_list":["post-38768","post","type-post","status-publish","format-standard","has-post-thumbnail","hentry","category-regional"],"jetpack_featured_media_url":"https:\/\/radiorevelacionfm.cl\/wp-content\/uploads\/2024\/01\/invita-canta-carabineros-5-1_optimized-1.jpg","_links":{"self":[{"href":"https:\/\/radiorevelacionfm.cl\/index.php?rest_route=\/wp\/v2\/posts\/38768","targetHints":{"allow":["GET"]}}],"collection":[{"href":"https:\/\/radiorevelacionfm.cl\/index.php?rest_route=\/wp\/v2\/posts"}],"about":[{"href":"https:\/\/radiorevelacionfm.cl\/index.php?rest_route=\/wp\/v2\/types\/post"}],"author":[{"embeddable":true,"href":"https:\/\/radiorevelacionfm.cl\/index.php?rest_route=\/wp\/v2\/users\/1"}],"replies":[{"embeddable":true,"href":"https:\/\/radiorevelacionfm.cl\/index.php?rest_route=%2Fwp%2Fv2%2Fcomments&post=38768"}],"version-history":[{"count":1,"href":"https:\/\/radiorevelacionfm.cl\/index.php?rest_route=\/wp\/v2\/posts\/38768\/revisions"}],"predecessor-version":[{"id":38770,"href":"https:\/\/radiorevelacionfm.cl\/index.php?rest_route=\/wp\/v2\/posts\/38768\/revisions\/38770"}],"wp:featuredmedia":[{"embeddable":true,"href":"https:\/\/radiorevelacionfm.cl\/index.php?rest_route=\/wp\/v2\/media\/38769"}],"wp:attachment":[{"href":"https:\/\/radiorevelacionfm.cl\/index.php?rest_route=%2Fwp%2Fv2%2Fmedia&parent=38768"}],"wp:term":[{"taxonomy":"category","embeddable":true,"href":"https:\/\/radiorevelacionfm.cl\/index.php?rest_route=%2Fwp%2Fv2%2Fcategories&post=38768"},{"taxonomy":"post_tag","embeddable":true,"href":"https:\/\/radiorevelacionfm.cl\/index.php?rest_route=%2Fwp%2Fv2%2Ftags&post=38768"}],"curies":[{"name":"wp","href":"https:\/\/api.w.org\/{rel}","templated":true}]}}