{"id":38765,"date":"2024-01-10T17:17:18","date_gmt":"2024-01-10T20:17:18","guid":{"rendered":"https:\/\/radiorevelacionfm.cl\/?p=38765"},"modified":"2024-01-10T17:17:18","modified_gmt":"2024-01-10T20:17:18","slug":"a-mitad-de-camino-la-expansion-del-cementerio-en-puerto-aysen-ya-tiene-fuertes-cimientos","status":"publish","type":"post","link":"https:\/\/radiorevelacionfm.cl\/?p=38765","title":{"rendered":"A mitad de camino: La expansi\u00f3n del cementerio en Puerto Ays\u00e9n ya tiene fuertes cimientos"},"content":{"rendered":"<div class=\"flex_column av_one_full  flex_column_div av-zero-column-padding first  avia-builder-el-0  el_before_av_one_full  avia-builder-el-first  \" style='border-radius:0px; '><div  class='avia-image-container  av-styling-    avia-builder-el-1  avia-builder-el-no-sibling  avia-align-center '  itemprop=\"image\" itemscope=\"itemscope\" itemtype=\"https:\/\/schema.org\/ImageObject\"  ><div class='avia-image-container-inner'><div class='avia-image-overlay-wrap'><img decoding=\"async\" class='wp-image-38766 avia-img-lazy-loading-not-38766 avia_image' src=\"https:\/\/radiorevelacionfm.cl\/wp-content\/uploads\/2024\/01\/20240109_125455-1-1.jpg\" alt='' title='20240109_125455 (1) (1)' height=\"600\" width=\"800\"  itemprop=\"thumbnailUrl\" srcset=\"https:\/\/radiorevelacionfm.cl\/wp-content\/uploads\/2024\/01\/20240109_125455-1-1.jpg 800w, https:\/\/radiorevelacionfm.cl\/wp-content\/uploads\/2024\/01\/20240109_125455-1-1-300x225.jpg 300w, https:\/\/radiorevelacionfm.cl\/wp-content\/uploads\/2024\/01\/20240109_125455-1-1-768x576.jpg 768w, https:\/\/radiorevelacionfm.cl\/wp-content\/uploads\/2024\/01\/20240109_125455-1-1-705x529.jpg 705w, https:\/\/radiorevelacionfm.cl\/wp-content\/uploads\/2024\/01\/20240109_125455-1-1-450x338.jpg 450w, https:\/\/radiorevelacionfm.cl\/wp-content\/uploads\/2024\/01\/20240109_125455-1-1-600x450.jpg 600w\" sizes=\"(max-width: 800px) 100vw, 800px\" \/><\/div><\/div><\/div><\/div><div class=\"flex_column av_one_full  flex_column_div av-zero-column-padding first  avia-builder-el-2  el_after_av_one_full  el_before_av_one_full  column-top-margin\" style='border-radius:0px; '><section class=\"av_textblock_section \"  itemscope=\"itemscope\" itemtype=\"https:\/\/schema.org\/BlogPosting\" itemprop=\"blogPost\" ><div class='avia_textblock  '   itemprop=\"text\" ><p style=\"text-align: center;\"><strong><span style=\"font-size: 18pt;\">A mitad de camino: La expansi\u00f3n del cementerio en Puerto Ays\u00e9n ya tiene fuertes cimientos<\/span><\/strong><\/p>\n<div id=\"gtx-trans\" style=\"position: absolute; left: -50px; top: 4.31534px;\">\n<div class=\"gtx-trans-icon\"><\/div>\n<\/div>\n<\/div><\/section><\/div><div class=\"flex_column av_one_full  flex_column_div av-zero-column-padding first  avia-builder-el-4  el_after_av_one_full  el_before_av_hr  column-top-margin\" style='border-radius:0px; '><section class=\"av_textblock_section \"  itemscope=\"itemscope\" itemtype=\"https:\/\/schema.org\/BlogPosting\" itemprop=\"blogPost\" ><div class='avia_textblock  '   itemprop=\"text\" ><p style=\"text-align: justify;\"><em>Tres meses y medio han pasado desde el inicio de la obra de ampliaci\u00f3n y mejoramiento del cementerio de Puerto Ays\u00e9n y ya se logr\u00f3 superar la barrera del 50% de construcci\u00f3n.<\/em><\/p>\n<p style=\"text-align: justify;\">Luego del trabajo de la habilitaci\u00f3n del terreno, ya se comenzaron a construir las bases, separaciones y caminos de lo que ser\u00e1 la nueva secci\u00f3n del Cementerio Municipal de Ays\u00e9n, adem\u00e1s del hermoseamiento de algunas zonas en la entrada principal del lugar.<\/p>\n<p style=\"text-align: justify;\">Sebasti\u00e1n Villagra, director de Obras Municipales explica que \u201cnos encontramos en un punto muy importante, ya que estamos f\u00edsicamente superando el 50 % de ejecuci\u00f3n, en una obra con un financiamiento que supera $2 mil 900 millones. Tenemos un avance considerable, hemos superado la planificaci\u00f3n original gestionada, avanzando m\u00e1s a\u00fan de lo programado. Es destacable tambi\u00e9n la contrataci\u00f3n de mano de obra local que supera a las 30 personas\u201d.<\/p>\n<p style=\"text-align: justify;\">La obra que comenz\u00f3 en septiembre del a\u00f1o pasado est\u00e1 planeada para entrar en funcionamiento este a\u00f1o 2024, pero es probable tener una recepci\u00f3n provisoria antes de lo esperado, as\u00ed que hasta el momento es una ejecuci\u00f3n exitosa para la DOM.<\/p>\n<p style=\"text-align: justify;\">El alcalde de Ays\u00e9n, Julio Uribe Alvarado, comenta que \u201cnos da mucho orgullo ejecutar esta iniciativa que por largos a\u00f1os ha sido un proyecto anhelado, debido a que nuestro cementerio actual est\u00e1 colapsado y ya lo necesit\u00e1bamos para que nuestros deudos puedan venir a sepultar a sus familiares en un lugar digno\u201d.<\/p>\n<p style=\"text-align: justify;\">Macarena Sandoval, arquitecta de la Secretar\u00eda Comunal de Planificaci\u00f3n, aclar\u00f3 los diversos puntos de trabajo del proyecto. \u201cEn el \u00e1rea de ampliaci\u00f3n considera un aumento de capacidad de alrededor de 2.800 espacios para inhumaci\u00f3n, por lo que esperamos a que nos cubra la demanda de los pr\u00f3ximos 15 a\u00f1os, esto considera los entierros tradicionales, habilitaci\u00f3n de espacio para la construcci\u00f3n de mausoleos, la construcci\u00f3n de nichos de tres niveles con disposici\u00f3n de 312 lugares\u201d.<\/p>\n<p style=\"text-align: justify;\">Tambi\u00e9n est\u00e1 contemplada la construcci\u00f3n de la p\u00e9rgola de floristas, que espera tener lugar para once puestos y ba\u00f1os p\u00fablicos. Igualmente, fue considerada la reposici\u00f3n de la tumba del padre Antonio Ronchi.<\/p>\n<p style=\"text-align: justify;\">Por \u00faltimo, el mejoramiento contempla la construcci\u00f3n de una nueva pileta en el eje del acceso en la zona memorial, con un mejoramiento exterior y de paisajismo que abarca el memorial 21 de abril y la cruz mayor, los cierres perimetrales, instalaci\u00f3n de agua potable, c\u00e1maras de televigilancia e iluminaci\u00f3n ornamental y de seguridad.<\/p>\n<\/div><\/section><\/div><div  style='height:50px' class='hr hr-invisible   avia-builder-el-6  el_after_av_one_full  el_before_av_social_share '><span class='hr-inner ' ><span class='hr-inner-style'><\/span><\/span><\/div><\/p>\n<div  class='av-social-sharing-box  avia-builder-el-7  el_after_av_hr  el_before_av_hr  '><div class='av-share-box'><h5 class='av-share-link-description av-no-toc '>Compartir esta noticia<\/h5><ul class='av-share-box-list noLightbox'><li class='av-share-link av-social-link-facebook' ><a target=\"_blank\" aria-label=\"Compartir en Facebook\" href='https:\/\/www.facebook.com\/sharer.php?u=https:\/\/radiorevelacionfm.cl\/?p=38765&#038;t=A%20mitad%20de%20camino%3A%20La%20expansi%C3%B3n%20del%20cementerio%20en%20Puerto%20Ays%C3%A9n%20ya%20tiene%20fuertes%20cimientos' aria-hidden='false' data-av_icon='\ue8f3' data-av_iconfont='entypo-fontello' title='' data-avia-related-tooltip='Compartir en Facebook' rel=\"noopener\"><span class='avia_hidden_link_text'>Compartir en Facebook<\/span><\/a><\/li><li class='av-share-link av-social-link-twitter' ><a target=\"_blank\" aria-label=\"Compartir en Twitter\" href='https:\/\/twitter.com\/share?text=A%20mitad%20de%20camino%3A%20La%20expansi%C3%B3n%20del%20cementerio%20en%20Puerto%20Ays%C3%A9n%20ya%20tiene%20fuertes%20cimientos&#038;url=https:\/\/radiorevelacionfm.cl\/?p=38765' aria-hidden='false' data-av_icon='\ue8f1' data-av_iconfont='entypo-fontello' title='' data-avia-related-tooltip='Compartir en Twitter' rel=\"noopener\"><span class='avia_hidden_link_text'>Compartir en Twitter<\/span><\/a><\/li><li class='av-share-link av-social-link-whatsapp' ><a target=\"_blank\" aria-label=\"Compartir en Whatsapp\" href='https:\/\/api.whatsapp.com\/send?text=https:\/\/radiorevelacionfm.cl\/?p=38765' aria-hidden='false' data-av_icon='\uf232' data-av_iconfont='entypo-fontello' title='' data-avia-related-tooltip='Compartir en Whatsapp' rel=\"noopener\"><span class='avia_hidden_link_text'>Compartir en Whatsapp<\/span><\/a><\/li><li class='av-share-link av-social-link-linkedin' ><a target=\"_blank\" aria-label=\"Compartir en LinkedIn\" href='https:\/\/linkedin.com\/shareArticle?mini=true&#038;title=A%20mitad%20de%20camino%3A%20La%20expansi%C3%B3n%20del%20cementerio%20en%20Puerto%20Ays%C3%A9n%20ya%20tiene%20fuertes%20cimientos&#038;url=https:\/\/radiorevelacionfm.cl\/?p=38765' aria-hidden='false' data-av_icon='\ue8fc' data-av_iconfont='entypo-fontello' title='' data-avia-related-tooltip='Compartir en LinkedIn' rel=\"noopener\"><span class='avia_hidden_link_text'>Compartir en LinkedIn<\/span><\/a><\/li><li class='av-share-link av-social-link-mail' ><a  aria-label=\"Compartir por correo\" href='mailto:?subject=A%20mitad%20de%20camino%3A%20La%20expansi%C3%B3n%20del%20cementerio%20en%20Puerto%20Ays%C3%A9n%20ya%20tiene%20fuertes%20cimientos&#038;body=https:\/\/radiorevelacionfm.cl\/?p=38765' aria-hidden='false' data-av_icon='\ue805' data-av_iconfont='entypo-fontello' title='' data-avia-related-tooltip='Compartir por correo'><span class='avia_hidden_link_text'>Compartir por correo<\/span><\/a><\/li><\/ul><\/div><\/div>\n<div  style='height:50px' class='hr hr-invisible   avia-builder-el-8  el_after_av_social_share  el_before_av_comments_list '><span class='hr-inner ' ><span class='hr-inner-style'><\/span><\/span><\/div>\n<div  class='av-buildercomment  av-blog-meta-html-info-disabled av-blog-meta-tag-disabled  '><\/div>\n","protected":false},"excerpt":{"rendered":"","protected":false},"author":1,"featured_media":38766,"comment_status":"open","ping_status":"open","sticky":false,"template":"","format":"standard","meta":{"footnotes":""},"categories":[38],"tags":[],"class_list":["post-38765","post","type-post","status-publish","format-standard","has-post-thumbnail","hentry","category-regional"],"jetpack_featured_media_url":"https:\/\/radiorevelacionfm.cl\/wp-content\/uploads\/2024\/01\/20240109_125455-1-1.jpg","_links":{"self":[{"href":"https:\/\/radiorevelacionfm.cl\/index.php?rest_route=\/wp\/v2\/posts\/38765","targetHints":{"allow":["GET"]}}],"collection":[{"href":"https:\/\/radiorevelacionfm.cl\/index.php?rest_route=\/wp\/v2\/posts"}],"about":[{"href":"https:\/\/radiorevelacionfm.cl\/index.php?rest_route=\/wp\/v2\/types\/post"}],"author":[{"embeddable":true,"href":"https:\/\/radiorevelacionfm.cl\/index.php?rest_route=\/wp\/v2\/users\/1"}],"replies":[{"embeddable":true,"href":"https:\/\/radiorevelacionfm.cl\/index.php?rest_route=%2Fwp%2Fv2%2Fcomments&post=38765"}],"version-history":[{"count":1,"href":"https:\/\/radiorevelacionfm.cl\/index.php?rest_route=\/wp\/v2\/posts\/38765\/revisions"}],"predecessor-version":[{"id":38767,"href":"https:\/\/radiorevelacionfm.cl\/index.php?rest_route=\/wp\/v2\/posts\/38765\/revisions\/38767"}],"wp:featuredmedia":[{"embeddable":true,"href":"https:\/\/radiorevelacionfm.cl\/index.php?rest_route=\/wp\/v2\/media\/38766"}],"wp:attachment":[{"href":"https:\/\/radiorevelacionfm.cl\/index.php?rest_route=%2Fwp%2Fv2%2Fmedia&parent=38765"}],"wp:term":[{"taxonomy":"category","embeddable":true,"href":"https:\/\/radiorevelacionfm.cl\/index.php?rest_route=%2Fwp%2Fv2%2Fcategories&post=38765"},{"taxonomy":"post_tag","embeddable":true,"href":"https:\/\/radiorevelacionfm.cl\/index.php?rest_route=%2Fwp%2Fv2%2Ftags&post=38765"}],"curies":[{"name":"wp","href":"https:\/\/api.w.org\/{rel}","templated":true}]}}