{"id":38759,"date":"2024-01-11T08:49:02","date_gmt":"2024-01-11T11:49:02","guid":{"rendered":"https:\/\/radiorevelacionfm.cl\/?p=38759"},"modified":"2024-01-11T08:49:02","modified_gmt":"2024-01-11T11:49:02","slug":"julio-cerda-cordero-asume-nuevo-director-regional-del-servicio-agricola-y-ganadero","status":"publish","type":"post","link":"https:\/\/radiorevelacionfm.cl\/?p=38759","title":{"rendered":"Julio Cerda Cordero asume nuevo Director Regional del Servicio Agr\u00edcola y Ganadero"},"content":{"rendered":"<div class=\"flex_column av_one_full  flex_column_div av-zero-column-padding first  avia-builder-el-0  el_before_av_one_full  avia-builder-el-first  \" style='border-radius:0px; '><div  class='avia-image-container  av-styling-    avia-builder-el-1  avia-builder-el-no-sibling  avia-align-center '  itemprop=\"image\" itemscope=\"itemscope\" itemtype=\"https:\/\/schema.org\/ImageObject\"  ><div class='avia-image-container-inner'><div class='avia-image-overlay-wrap'><img decoding=\"async\" class='wp-image-38760 avia-img-lazy-loading-not-38760 avia_image' src=\"https:\/\/radiorevelacionfm.cl\/wp-content\/uploads\/2024\/01\/DR-SAG-1-1-1-1.jpeg\" alt='' title='DR SAG 1 (1) (1) (1)' height=\"655\" width=\"801\"  itemprop=\"thumbnailUrl\" srcset=\"https:\/\/radiorevelacionfm.cl\/wp-content\/uploads\/2024\/01\/DR-SAG-1-1-1-1.jpeg 801w, https:\/\/radiorevelacionfm.cl\/wp-content\/uploads\/2024\/01\/DR-SAG-1-1-1-1-300x245.jpeg 300w, https:\/\/radiorevelacionfm.cl\/wp-content\/uploads\/2024\/01\/DR-SAG-1-1-1-1-768x628.jpeg 768w, https:\/\/radiorevelacionfm.cl\/wp-content\/uploads\/2024\/01\/DR-SAG-1-1-1-1-705x576.jpeg 705w, https:\/\/radiorevelacionfm.cl\/wp-content\/uploads\/2024\/01\/DR-SAG-1-1-1-1-450x368.jpeg 450w, https:\/\/radiorevelacionfm.cl\/wp-content\/uploads\/2024\/01\/DR-SAG-1-1-1-1-600x491.jpeg 600w\" sizes=\"(max-width: 801px) 100vw, 801px\" \/><\/div><\/div><\/div><\/div><div class=\"flex_column av_one_full  flex_column_div av-zero-column-padding first  avia-builder-el-2  el_after_av_one_full  el_before_av_one_full  column-top-margin\" style='border-radius:0px; '><section class=\"av_textblock_section \"  itemscope=\"itemscope\" itemtype=\"https:\/\/schema.org\/BlogPosting\" itemprop=\"blogPost\" ><div class='avia_textblock  '   itemprop=\"text\" ><p style=\"text-align: center;\"><strong><span style=\"font-size: 18pt;\">Julio Cerda Cordero asume nuevo Director Regional del Servicio Agr\u00edcola y Ganadero<\/span><\/strong><\/p>\n<div id=\"gtx-trans\" style=\"position: absolute; left: -50px; top: 4.31534px;\">\n<div class=\"gtx-trans-icon\"><\/div>\n<\/div>\n<\/div><\/section><\/div><div class=\"flex_column av_one_full  flex_column_div av-zero-column-padding first  avia-builder-el-4  el_after_av_one_full  el_before_av_hr  column-top-margin\" style='border-radius:0px; '><section class=\"av_textblock_section \"  itemscope=\"itemscope\" itemtype=\"https:\/\/schema.org\/BlogPosting\" itemprop=\"blogPost\" ><div class='avia_textblock  '   itemprop=\"text\" ><p style=\"text-align: justify;\">A contar del mi\u00e9rcoles 10 de enero, el Servicio Agr\u00edcola y Ganadero regi\u00f3n de Ays\u00e9n cuenta con una nueva autoridad regional, Julio Cerda Cordero,\u00a0M\u00e9dico Veterinario de la Universidad de Chile.<\/p>\n<p style=\"text-align: justify;\">Profesional de\u00a0extensa experiencia quien\u00a0se desempe\u00f1\u00f3 por casi 20 a\u00f1os como encargado de Recursos Naturales Renovables en el SAG Ays\u00e9n, donde tambi\u00e9n, entre 2014 y 2018, fue director regional del Servicio.\u00a0Actualmente era vicepresidente regional del Colegio M\u00e9dico Veterinario de Chile.<\/p>\n<p style=\"text-align: justify;\">La Seremi de Agricultura (S) Yessica Lagos\u00a0C\u00e1rdenas, resalt\u00f3 la importancia de este nombramiento que permite fortalecer el trabajo del Ministerio de Agricultura en la regi\u00f3n.<\/p>\n<p style=\"text-align: justify;\">\u201c<em>Los lineamientos de nuestro ministerio y de nuestro Gobierno apuntan a fortalecer la seguridad y la soberan\u00eda alimentaria de nuestro pa\u00eds y de nuestra regi\u00f3n. En ese rol el Servicio Agr\u00edcola y Ganadero tiene una importante misi\u00f3n en materia de asegurar nuestro patrimonio fito y zoosanitario. El nombramiento de Julio\u00a0Cerda viene a ratificar\u00a0este trabajo cuyo eje es la agricultura familiar campesina de la regi\u00f3n\u201d,<\/em>\u00a0se\u00f1al\u00f3<\/p>\n<p style=\"text-align: justify;\">El nuevo director regional del SAG, Julio Cerda Cordero, manifest\u00f3 que \u00ab<em>este es un servicio con tareas emergentes muy potentes, con grandes desaf\u00edos y presi\u00f3n. Debido entre otros factores al cambio clim\u00e1tico y aumento en la conectividad se ha condicionado la aparici\u00f3n de enfermedades y plagas que pueden afectar a la fauna silvestre y nuestra agricultura familiar campesina\u201d<\/em><\/p>\n<p style=\"text-align: justify;\">Cerda Cordero particip\u00f3 en el concurso de Alta Direcci\u00f3n P\u00fablica que convoc\u00f3 el Servicio Civil en agosto del a\u00f1o pasado, y fue nominado como Director Regional titular del SAG de la regi\u00f3n de Ays\u00e9n por un per\u00edodo de tres a\u00f1os prorrogables.<\/p>\n<\/div><\/section><\/div><div  style='height:50px' class='hr hr-invisible   avia-builder-el-6  el_after_av_one_full  el_before_av_social_share '><span class='hr-inner ' ><span class='hr-inner-style'><\/span><\/span><\/div><\/p>\n<div  class='av-social-sharing-box  avia-builder-el-7  el_after_av_hr  el_before_av_hr  '><div class='av-share-box'><h5 class='av-share-link-description av-no-toc '>Compartir esta noticia<\/h5><ul class='av-share-box-list noLightbox'><li class='av-share-link av-social-link-facebook' ><a target=\"_blank\" aria-label=\"Compartir en Facebook\" href='https:\/\/www.facebook.com\/sharer.php?u=https:\/\/radiorevelacionfm.cl\/?p=38759&#038;t=Julio%20Cerda%20Cordero%20asume%20nuevo%20Director%20Regional%20del%20Servicio%20Agr%C3%ADcola%20y%20Ganadero' aria-hidden='false' data-av_icon='\ue8f3' data-av_iconfont='entypo-fontello' title='' data-avia-related-tooltip='Compartir en Facebook' rel=\"noopener\"><span class='avia_hidden_link_text'>Compartir en Facebook<\/span><\/a><\/li><li class='av-share-link av-social-link-twitter' ><a target=\"_blank\" aria-label=\"Compartir en Twitter\" href='https:\/\/twitter.com\/share?text=Julio%20Cerda%20Cordero%20asume%20nuevo%20Director%20Regional%20del%20Servicio%20Agr%C3%ADcola%20y%20Ganadero&#038;url=https:\/\/radiorevelacionfm.cl\/?p=38759' aria-hidden='false' data-av_icon='\ue8f1' data-av_iconfont='entypo-fontello' title='' data-avia-related-tooltip='Compartir en Twitter' rel=\"noopener\"><span class='avia_hidden_link_text'>Compartir en Twitter<\/span><\/a><\/li><li class='av-share-link av-social-link-whatsapp' ><a target=\"_blank\" aria-label=\"Compartir en Whatsapp\" href='https:\/\/api.whatsapp.com\/send?text=https:\/\/radiorevelacionfm.cl\/?p=38759' aria-hidden='false' data-av_icon='\uf232' data-av_iconfont='entypo-fontello' title='' data-avia-related-tooltip='Compartir en Whatsapp' rel=\"noopener\"><span class='avia_hidden_link_text'>Compartir en Whatsapp<\/span><\/a><\/li><li class='av-share-link av-social-link-linkedin' ><a target=\"_blank\" aria-label=\"Compartir en LinkedIn\" href='https:\/\/linkedin.com\/shareArticle?mini=true&#038;title=Julio%20Cerda%20Cordero%20asume%20nuevo%20Director%20Regional%20del%20Servicio%20Agr%C3%ADcola%20y%20Ganadero&#038;url=https:\/\/radiorevelacionfm.cl\/?p=38759' aria-hidden='false' data-av_icon='\ue8fc' data-av_iconfont='entypo-fontello' title='' data-avia-related-tooltip='Compartir en LinkedIn' rel=\"noopener\"><span class='avia_hidden_link_text'>Compartir en LinkedIn<\/span><\/a><\/li><li class='av-share-link av-social-link-mail' ><a  aria-label=\"Compartir por correo\" href='mailto:?subject=Julio%20Cerda%20Cordero%20asume%20nuevo%20Director%20Regional%20del%20Servicio%20Agr%C3%ADcola%20y%20Ganadero&#038;body=https:\/\/radiorevelacionfm.cl\/?p=38759' aria-hidden='false' data-av_icon='\ue805' data-av_iconfont='entypo-fontello' title='' data-avia-related-tooltip='Compartir por correo'><span class='avia_hidden_link_text'>Compartir por correo<\/span><\/a><\/li><\/ul><\/div><\/div>\n<div  style='height:50px' class='hr hr-invisible   avia-builder-el-8  el_after_av_social_share  el_before_av_comments_list '><span class='hr-inner ' ><span class='hr-inner-style'><\/span><\/span><\/div>\n<div  class='av-buildercomment  av-blog-meta-html-info-disabled av-blog-meta-tag-disabled  '><\/div>\n","protected":false},"excerpt":{"rendered":"","protected":false},"author":1,"featured_media":38760,"comment_status":"open","ping_status":"open","sticky":false,"template":"","format":"standard","meta":{"footnotes":""},"categories":[58],"tags":[],"class_list":["post-38759","post","type-post","status-publish","format-standard","has-post-thumbnail","hentry","category-agricultura"],"jetpack_featured_media_url":"https:\/\/radiorevelacionfm.cl\/wp-content\/uploads\/2024\/01\/DR-SAG-1-1-1-1.jpeg","_links":{"self":[{"href":"https:\/\/radiorevelacionfm.cl\/index.php?rest_route=\/wp\/v2\/posts\/38759","targetHints":{"allow":["GET"]}}],"collection":[{"href":"https:\/\/radiorevelacionfm.cl\/index.php?rest_route=\/wp\/v2\/posts"}],"about":[{"href":"https:\/\/radiorevelacionfm.cl\/index.php?rest_route=\/wp\/v2\/types\/post"}],"author":[{"embeddable":true,"href":"https:\/\/radiorevelacionfm.cl\/index.php?rest_route=\/wp\/v2\/users\/1"}],"replies":[{"embeddable":true,"href":"https:\/\/radiorevelacionfm.cl\/index.php?rest_route=%2Fwp%2Fv2%2Fcomments&post=38759"}],"version-history":[{"count":1,"href":"https:\/\/radiorevelacionfm.cl\/index.php?rest_route=\/wp\/v2\/posts\/38759\/revisions"}],"predecessor-version":[{"id":38761,"href":"https:\/\/radiorevelacionfm.cl\/index.php?rest_route=\/wp\/v2\/posts\/38759\/revisions\/38761"}],"wp:featuredmedia":[{"embeddable":true,"href":"https:\/\/radiorevelacionfm.cl\/index.php?rest_route=\/wp\/v2\/media\/38760"}],"wp:attachment":[{"href":"https:\/\/radiorevelacionfm.cl\/index.php?rest_route=%2Fwp%2Fv2%2Fmedia&parent=38759"}],"wp:term":[{"taxonomy":"category","embeddable":true,"href":"https:\/\/radiorevelacionfm.cl\/index.php?rest_route=%2Fwp%2Fv2%2Fcategories&post=38759"},{"taxonomy":"post_tag","embeddable":true,"href":"https:\/\/radiorevelacionfm.cl\/index.php?rest_route=%2Fwp%2Fv2%2Ftags&post=38759"}],"curies":[{"name":"wp","href":"https:\/\/api.w.org\/{rel}","templated":true}]}}