{"id":38756,"date":"2024-01-10T13:37:00","date_gmt":"2024-01-10T16:37:00","guid":{"rendered":"https:\/\/radiorevelacionfm.cl\/?p=38756"},"modified":"2024-01-10T13:37:00","modified_gmt":"2024-01-10T16:37:00","slug":"con-apoyo-aereo-carabineros-refuerza-patrullajes-para-prevenir-incendios-forestales","status":"publish","type":"post","link":"https:\/\/radiorevelacionfm.cl\/?p=38756","title":{"rendered":"Con apoyo a\u00e9reo Carabineros refuerza patrullajes para prevenir incendios forestales"},"content":{"rendered":"<div class=\"flex_column av_one_full  flex_column_div av-zero-column-padding first  avia-builder-el-0  el_before_av_one_full  avia-builder-el-first  \" style='border-radius:0px; '><div  class='avia-image-container  av-styling-    avia-builder-el-1  avia-builder-el-no-sibling  avia-align-center '  itemprop=\"image\" itemscope=\"itemscope\" itemtype=\"https:\/\/schema.org\/ImageObject\"  ><div class='avia-image-container-inner'><div class='avia-image-overlay-wrap'><img decoding=\"async\" class='wp-image-38757 avia-img-lazy-loading-not-38757 avia_image' src=\"https:\/\/radiorevelacionfm.cl\/wp-content\/uploads\/2024\/01\/dc18d23b-3ec6-46aa-a9b1-1ac4c347af54-1_optimized-1.jpg\" alt='' title='dc18d23b-3ec6-46aa-a9b1-1ac4c347af54-(1)_optimized (1)' height=\"600\" width=\"800\"  itemprop=\"thumbnailUrl\" srcset=\"https:\/\/radiorevelacionfm.cl\/wp-content\/uploads\/2024\/01\/dc18d23b-3ec6-46aa-a9b1-1ac4c347af54-1_optimized-1.jpg 800w, https:\/\/radiorevelacionfm.cl\/wp-content\/uploads\/2024\/01\/dc18d23b-3ec6-46aa-a9b1-1ac4c347af54-1_optimized-1-300x225.jpg 300w, https:\/\/radiorevelacionfm.cl\/wp-content\/uploads\/2024\/01\/dc18d23b-3ec6-46aa-a9b1-1ac4c347af54-1_optimized-1-768x576.jpg 768w, https:\/\/radiorevelacionfm.cl\/wp-content\/uploads\/2024\/01\/dc18d23b-3ec6-46aa-a9b1-1ac4c347af54-1_optimized-1-705x529.jpg 705w, https:\/\/radiorevelacionfm.cl\/wp-content\/uploads\/2024\/01\/dc18d23b-3ec6-46aa-a9b1-1ac4c347af54-1_optimized-1-450x338.jpg 450w, https:\/\/radiorevelacionfm.cl\/wp-content\/uploads\/2024\/01\/dc18d23b-3ec6-46aa-a9b1-1ac4c347af54-1_optimized-1-600x450.jpg 600w\" sizes=\"(max-width: 800px) 100vw, 800px\" \/><\/div><\/div><\/div><\/div><div class=\"flex_column av_one_full  flex_column_div av-zero-column-padding first  avia-builder-el-2  el_after_av_one_full  el_before_av_one_full  column-top-margin\" style='border-radius:0px; '><section class=\"av_textblock_section \"  itemscope=\"itemscope\" itemtype=\"https:\/\/schema.org\/BlogPosting\" itemprop=\"blogPost\" ><div class='avia_textblock  '   itemprop=\"text\" ><p style=\"text-align: center;\"><span style=\"font-size: 18pt;\"><b>C<\/b><b>on apoyo a\u00e9reo\u00a0<\/b><b>C<\/b><b>arabineros refuerza patrullajes para prevenir incendios forestales<\/b><\/span><\/p>\n<div id=\"gtx-trans\" style=\"position: absolute; left: -50px; top: 4.31534px;\">\n<div class=\"gtx-trans-icon\"><\/div>\n<\/div>\n<\/div><\/section><\/div><div class=\"flex_column av_one_full  flex_column_div av-zero-column-padding first  avia-builder-el-4  el_after_av_one_full  el_before_av_hr  column-top-margin\" style='border-radius:0px; '><section class=\"av_textblock_section \"  itemscope=\"itemscope\" itemtype=\"https:\/\/schema.org\/BlogPosting\" itemprop=\"blogPost\" ><div class='avia_textblock  '   itemprop=\"text\" ><p><span style=\"font-family: georgia, palatino, serif;\"><em>La Instituci\u00f3n levant\u00f3 factores de riesgo y formul\u00f3 llamado a una conducta responsable.<\/em><\/span><\/p>\n<p><span style=\"font-family: georgia, palatino, serif;\">Durante el a\u00f1o 2023 se registraron 144 incendios en la regi\u00f3n de Ays\u00e9n, resultando seis personas detenidas, entre ellos un ciudadano extranjero.<\/span><\/p>\n<div>\n<p style=\"text-align: justify;\" align=\"left\"><span style=\"font-family: georgia, palatino, serif;\">Cerca del 99% de los incendios forestales, independiente de su naturaleza, tienen origen en una acci\u00f3n humana, ya sea por acciones accidentales, negligentes o intencionales. Durante el a\u00f1o 2023, Carabineros registr\u00f3 144 incendios en la regi\u00f3n de Ays\u00e9n, de los cuales cerca del 98% tienen que ver con incendios dentro de las zonas urbanas y solamente un 2% fueron incendios forestales con peligro de propagaci\u00f3n.<\/span><\/p>\n<p style=\"text-align: justify;\" align=\"left\"><span style=\"font-family: georgia, palatino, serif;\">Lo anterior se traduce en un enorme da\u00f1o a la flora, fauna y ecosistemas, afectando la vida silvestre y el patrimonio forestal.<\/span><\/p>\n<p style=\"text-align: justify;\" align=\"left\"><span style=\"font-family: georgia, palatino, serif;\">El Jefe de Zona Ays\u00e9n, General Patricio Santos Poblete indic\u00f3 que la Instituci\u00f3n mantiene desplegados sus recursos humanos y log\u00edsticos orientados a la prevenci\u00f3n de este tipo de emergencias, a lo que se suma el desarrollo de patrullajes apoyados por la Secci\u00f3n A\u00e9rea con la finalidad de levantar factores de riesgo, para una mejor respuesta y coordinaci\u00f3n ante la emergencia.<\/span><\/p>\n<p style=\"text-align: justify;\" align=\"left\"><span style=\"font-family: georgia, palatino, serif;\">\u00abComo Carabineros vamos a desplegar todas las acciones de tal forma de poder controlar estos factores de riesgo (&#8230;) tambi\u00e9n hemos desarrollado sobrevuelos con personal especializado como cart\u00f3grafos y ge\u00f3grafos, de forma tal de determinar las coordenadas donde existe mayor probabilidades de estos eventos y poder tener ofertas focalizadas en esos puntos, tanto para el control como para disuadir a trav\u00e9s de la presencia que situaciones como esta ocurran\u00bb, complement\u00f3.<br \/>\n<\/span><\/p>\n<p style=\"text-align: justify;\" align=\"left\"><span style=\"font-family: georgia, palatino, serif;\">\u00abEl llamado que hacemos es a tratar de evitar las conductas de riesgo, toda vez que est\u00e1n prohibidas las quemas desde el mes de diciembre, y tomar conciencia del riesgo asociado a sus acciones cuando interact\u00faan con la naturaleza. Las personas deben denunciar estos hechos\u00bb, indic\u00f3 el Jefe de Zona.<\/span><\/p>\n<p><span style=\"font-family: georgia, palatino, serif;\"><b>Detenido por incendio<\/b><\/span><\/p>\n<p style=\"text-align: justify;\" align=\"left\"><span style=\"font-family: georgia, palatino, serif;\">Recientemente Carabineros de Coyhaique detuvo a un sujeto por su presunta responsabilidad en el inicio de un incendio de pastizales y bosque en las inmediaciones de la poblaci\u00f3n Los Glaciares en el sector alto de la capital regional, cuyos peritajes est\u00e1n siendo desarrollados por el Laboratorio de Criminal\u00edstica institucional (Labocar).<\/span><\/p>\n<p style=\"text-align: justify;\" align=\"left\"><span style=\"font-family: georgia, palatino, serif;\">Se trata de un sujeto que registra siete reiteraciones previas por diversos delitos, entre los que se encuentran amenazas, hurto, abuso sexual, robo, estafas, entre otros, siendo sindicado por testigos como una persona de riesgo y que habr\u00eda cometido este tipo de acciones.<\/span><\/p>\n<p><span style=\"font-family: georgia, palatino, serif;\"><b>Precauci\u00f3n y responsabilidad<\/b><\/span><\/p>\n<p style=\"text-align: justify;\" align=\"left\"><span style=\"font-family: georgia, palatino, serif;\">El llamado del Jefe de Zona de Carabineros va igualmente dirigido a quienes se encuentran en la regi\u00f3n en calidad de turistas, dado que a fines del mes diciembre un ciudadano extranjero fue detenido tras iniciar un incendio tras la quema de desechos.<br \/>\n<\/span><\/p>\n<p style=\"text-align: justify;\" align=\"left\"><span style=\"font-family: georgia, palatino, serif;\">\u00abEl a\u00f1o pasado tuvimos 144 casos y seis personas detenidas: dos en Coyhaique, dos en Chile Chico, uno en O&#8217;higgins y otro en Ays\u00e9n. Este a\u00f1o, ya estamos teniendo personas detenidas respecto a esto\u00bb, a\u00f1adi\u00f3 el General Santos.<\/span><\/p>\n<p style=\"text-align: justify;\" align=\"left\"><span style=\"font-family: georgia, palatino, serif;\">Las favorables condiciones clim\u00e1ticas propician el desarrollo de actividades familiares en los bordes de r\u00edos, playas o lagos. \u00abBasta solo un descuido para generar un incendio y que esto se transforme en una tragedia. Por lo tanto, el llamado es a no encender fuego, planificar las salidas que tengamos como familia y evitar que se generen incendios forestales con las lamentables consecuencias que estos trae\u00bb, expres\u00f3 el Jefe de Zona de Carabineros Ays\u00e9n.<\/span><\/p>\n<p><span style=\"font-family: georgia, palatino, serif;\"><b>Recomendaciones<\/b><\/span><\/p>\n<p style=\"text-align: justify;\" align=\"left\"><span style=\"font-family: georgia, palatino, serif;\">Durante la temporada de verano, temperaturas cercanas a los 30 \u00b0C, vientos por sobre los 30 km\/h y una humedad relativa del ambiente inferior a 30%, suelen ser una combinaci\u00f3n de factores que facilitan la ocurrencia de incendios forestales. Bajo estas condiciones tenga en cuenta:<br \/>\n&#8211; No manipule fuentes de calor sobre o cercano a la vegetaci\u00f3n, en especial en aquellas jornadas de altas temperaturas y fuerte viento.<br \/>\n&#8211; Extreme las medidas al trabajar con materiales o equipos el\u00e9ctricos o que generen chispas tales como motosierras, soldadoras, galleteras, sierras el\u00e9ctricas entre otros.<br \/>\n&#8211; Evita arrojar cigarrillos encendidos en zonas de vegetaci\u00f3n.<br \/>\n&#8211; Ante alguna amenaza de incendio, da aviso al 130 (Conaf), 132 (Bomberos), 133 (Carabineros).<\/span><\/p>\n<\/div>\n<div><\/div>\n<\/div><\/section><\/div><div  style='height:50px' class='hr hr-invisible   avia-builder-el-6  el_after_av_one_full  el_before_av_social_share '><span class='hr-inner ' ><span class='hr-inner-style'><\/span><\/span><\/div><\/p>\n<div  class='av-social-sharing-box  avia-builder-el-7  el_after_av_hr  el_before_av_hr  '><div class='av-share-box'><h5 class='av-share-link-description av-no-toc '>Compartir esta noticia<\/h5><ul class='av-share-box-list noLightbox'><li class='av-share-link av-social-link-facebook' ><a target=\"_blank\" aria-label=\"Compartir en Facebook\" href='https:\/\/www.facebook.com\/sharer.php?u=https:\/\/radiorevelacionfm.cl\/?p=38756&#038;t=Con%20apoyo%20a%C3%A9reo%20Carabineros%20refuerza%20patrullajes%20para%20prevenir%20incendios%20forestales' aria-hidden='false' data-av_icon='\ue8f3' data-av_iconfont='entypo-fontello' title='' data-avia-related-tooltip='Compartir en Facebook' rel=\"noopener\"><span class='avia_hidden_link_text'>Compartir en Facebook<\/span><\/a><\/li><li class='av-share-link av-social-link-twitter' ><a target=\"_blank\" aria-label=\"Compartir en Twitter\" href='https:\/\/twitter.com\/share?text=Con%20apoyo%20a%C3%A9reo%20Carabineros%20refuerza%20patrullajes%20para%20prevenir%20incendios%20forestales&#038;url=https:\/\/radiorevelacionfm.cl\/?p=38756' aria-hidden='false' data-av_icon='\ue8f1' data-av_iconfont='entypo-fontello' title='' data-avia-related-tooltip='Compartir en Twitter' rel=\"noopener\"><span class='avia_hidden_link_text'>Compartir en Twitter<\/span><\/a><\/li><li class='av-share-link av-social-link-whatsapp' ><a target=\"_blank\" aria-label=\"Compartir en Whatsapp\" href='https:\/\/api.whatsapp.com\/send?text=https:\/\/radiorevelacionfm.cl\/?p=38756' aria-hidden='false' data-av_icon='\uf232' data-av_iconfont='entypo-fontello' title='' data-avia-related-tooltip='Compartir en Whatsapp' rel=\"noopener\"><span class='avia_hidden_link_text'>Compartir en Whatsapp<\/span><\/a><\/li><li class='av-share-link av-social-link-linkedin' ><a target=\"_blank\" aria-label=\"Compartir en LinkedIn\" href='https:\/\/linkedin.com\/shareArticle?mini=true&#038;title=Con%20apoyo%20a%C3%A9reo%20Carabineros%20refuerza%20patrullajes%20para%20prevenir%20incendios%20forestales&#038;url=https:\/\/radiorevelacionfm.cl\/?p=38756' aria-hidden='false' data-av_icon='\ue8fc' data-av_iconfont='entypo-fontello' title='' data-avia-related-tooltip='Compartir en LinkedIn' rel=\"noopener\"><span class='avia_hidden_link_text'>Compartir en LinkedIn<\/span><\/a><\/li><li class='av-share-link av-social-link-mail' ><a  aria-label=\"Compartir por correo\" href='mailto:?subject=Con%20apoyo%20a%C3%A9reo%20Carabineros%20refuerza%20patrullajes%20para%20prevenir%20incendios%20forestales&#038;body=https:\/\/radiorevelacionfm.cl\/?p=38756' aria-hidden='false' data-av_icon='\ue805' data-av_iconfont='entypo-fontello' title='' data-avia-related-tooltip='Compartir por correo'><span class='avia_hidden_link_text'>Compartir por correo<\/span><\/a><\/li><\/ul><\/div><\/div>\n<div  style='height:50px' class='hr hr-invisible   avia-builder-el-8  el_after_av_social_share  el_before_av_comments_list '><span class='hr-inner ' ><span class='hr-inner-style'><\/span><\/span><\/div>\n<div  class='av-buildercomment  av-blog-meta-html-info-disabled av-blog-meta-tag-disabled  '><\/div>\n","protected":false},"excerpt":{"rendered":"","protected":false},"author":1,"featured_media":38757,"comment_status":"open","ping_status":"open","sticky":false,"template":"","format":"standard","meta":{"footnotes":""},"categories":[36],"tags":[],"class_list":["post-38756","post","type-post","status-publish","format-standard","has-post-thumbnail","hentry","category-policial"],"jetpack_featured_media_url":"https:\/\/radiorevelacionfm.cl\/wp-content\/uploads\/2024\/01\/dc18d23b-3ec6-46aa-a9b1-1ac4c347af54-1_optimized-1.jpg","_links":{"self":[{"href":"https:\/\/radiorevelacionfm.cl\/index.php?rest_route=\/wp\/v2\/posts\/38756","targetHints":{"allow":["GET"]}}],"collection":[{"href":"https:\/\/radiorevelacionfm.cl\/index.php?rest_route=\/wp\/v2\/posts"}],"about":[{"href":"https:\/\/radiorevelacionfm.cl\/index.php?rest_route=\/wp\/v2\/types\/post"}],"author":[{"embeddable":true,"href":"https:\/\/radiorevelacionfm.cl\/index.php?rest_route=\/wp\/v2\/users\/1"}],"replies":[{"embeddable":true,"href":"https:\/\/radiorevelacionfm.cl\/index.php?rest_route=%2Fwp%2Fv2%2Fcomments&post=38756"}],"version-history":[{"count":1,"href":"https:\/\/radiorevelacionfm.cl\/index.php?rest_route=\/wp\/v2\/posts\/38756\/revisions"}],"predecessor-version":[{"id":38758,"href":"https:\/\/radiorevelacionfm.cl\/index.php?rest_route=\/wp\/v2\/posts\/38756\/revisions\/38758"}],"wp:featuredmedia":[{"embeddable":true,"href":"https:\/\/radiorevelacionfm.cl\/index.php?rest_route=\/wp\/v2\/media\/38757"}],"wp:attachment":[{"href":"https:\/\/radiorevelacionfm.cl\/index.php?rest_route=%2Fwp%2Fv2%2Fmedia&parent=38756"}],"wp:term":[{"taxonomy":"category","embeddable":true,"href":"https:\/\/radiorevelacionfm.cl\/index.php?rest_route=%2Fwp%2Fv2%2Fcategories&post=38756"},{"taxonomy":"post_tag","embeddable":true,"href":"https:\/\/radiorevelacionfm.cl\/index.php?rest_route=%2Fwp%2Fv2%2Ftags&post=38756"}],"curies":[{"name":"wp","href":"https:\/\/api.w.org\/{rel}","templated":true}]}}