{"id":38752,"date":"2024-01-10T20:14:13","date_gmt":"2024-01-10T23:14:13","guid":{"rendered":"https:\/\/radiorevelacionfm.cl\/?p=38752"},"modified":"2024-01-10T20:14:13","modified_gmt":"2024-01-10T23:14:13","slug":"consejero-abello-el-2024-parte-con-desafios-importantes-en-materia-de-servicios-basicos","status":"publish","type":"post","link":"https:\/\/radiorevelacionfm.cl\/?p=38752","title":{"rendered":"Consejero Abello: El 2024 parte con desaf\u00edos importantes en materia de servicios b\u00e1sicos"},"content":{"rendered":"<div class=\"flex_column av_one_full  flex_column_div av-zero-column-padding first  avia-builder-el-0  el_before_av_one_full  avia-builder-el-first  \" style='border-radius:0px; '><div  class='avia-image-container  av-styling-    avia-builder-el-1  avia-builder-el-no-sibling  avia-align-center '  itemprop=\"image\" itemscope=\"itemscope\" itemtype=\"https:\/\/schema.org\/ImageObject\"  ><div class='avia-image-container-inner'><div class='avia-image-overlay-wrap'><img decoding=\"async\" class='wp-image-29037 avia-img-lazy-loading-not-29037 avia_image' src=\"https:\/\/radiorevelacionfm.cl\/wp-content\/uploads\/2023\/03\/Foto-Core-Abello-caminos-1-1.jpg\" alt='' title='Foto Core Abello caminos (1) (1)' height=\"600\" width=\"758\"  itemprop=\"thumbnailUrl\" srcset=\"https:\/\/radiorevelacionfm.cl\/wp-content\/uploads\/2023\/03\/Foto-Core-Abello-caminos-1-1.jpg 758w, https:\/\/radiorevelacionfm.cl\/wp-content\/uploads\/2023\/03\/Foto-Core-Abello-caminos-1-1-300x237.jpg 300w, https:\/\/radiorevelacionfm.cl\/wp-content\/uploads\/2023\/03\/Foto-Core-Abello-caminos-1-1-705x558.jpg 705w, https:\/\/radiorevelacionfm.cl\/wp-content\/uploads\/2023\/03\/Foto-Core-Abello-caminos-1-1-600x475.jpg 600w\" sizes=\"(max-width: 758px) 100vw, 758px\" \/><\/div><\/div><\/div><\/div><div class=\"flex_column av_one_full  flex_column_div av-zero-column-padding first  avia-builder-el-2  el_after_av_one_full  el_before_av_one_full  column-top-margin\" style='border-radius:0px; '><section class=\"av_textblock_section \"  itemscope=\"itemscope\" itemtype=\"https:\/\/schema.org\/BlogPosting\" itemprop=\"blogPost\" ><div class='avia_textblock  '   itemprop=\"text\" ><p style=\"text-align: center;\"><strong><span style=\"font-size: 18pt;\">Consejero Abello: El 2024 parte con desaf\u00edos importantes en materia de servicios b\u00e1sicos<\/span><\/strong><\/p>\n<div id=\"gtx-trans\" style=\"position: absolute; left: -50px; top: 4.31534px;\">\n<div class=\"gtx-trans-icon\"><\/div>\n<\/div>\n<\/div><\/section><\/div><div class=\"flex_column av_one_full  flex_column_div av-zero-column-padding first  avia-builder-el-4  el_after_av_one_full  el_before_av_hr  column-top-margin\" style='border-radius:0px; '><section class=\"av_textblock_section \"  itemscope=\"itemscope\" itemtype=\"https:\/\/schema.org\/BlogPosting\" itemprop=\"blogPost\" ><div class='avia_textblock  '   itemprop=\"text\" ><p style=\"text-align: justify;\"><em>Mayor liderazgo regional y la articulaci\u00f3n de actores y voluntades para superar estas deficiencias es fundamental en nuestra regi\u00f3n.<\/em><\/p>\n<p style=\"text-align: justify;\">El Consejero Regional Jorge Abello enfoca la atenci\u00f3n en los desaf\u00edos cruciales que enfrenta la Regi\u00f3n de Ays\u00e9n en cuanto a servicios b\u00e1sicos. Reconociendo la vital importancia de estos servicios para todos los estratos sociales, desde ciudadanos hasta empresas, Abello destaca la necesidad de fortalecer la infraestructura y la institucionalidad para asegurar un acceso universal y de calidad.<\/p>\n<p style=\"text-align: justify;\">En un contexto donde persisten d\u00e9ficits y demandas, el Consejero resalt\u00f3:\u201d pese a los avances persisten d\u00e9ficit y demandas en diferentes aspectos de servicios b\u00e1sicos, lo escuchamos constantemente desde los territorios, lo m\u00e1s complejo es la situaci\u00f3n de Melinka, Ra\u00fal Mar\u00edn Balmaceda y Puerto Aguirre donde se requieren respuestas de corto plazo \u201d. Adem\u00e1s, hago hincapi\u00e9 en la demanda de nuevos sistemas de agua potable y saneamiento rural en estado de tramitaci\u00f3n, acceso a cobertura y suministro el\u00e9ctrico regional y avances en la implementaci\u00f3n de tecnolog\u00edas 5G para mejorar las telecomunicaciones en la regi\u00f3n\u201d.<\/p>\n<p style=\"text-align: justify;\">Abogando por un mayor liderazgo regional y la colaboraci\u00f3n entre actores diversos, el Consejero subraya \u201cpara avanzar es necesario e importante el di\u00e1logo y el trabajo conjunto para superar estas dificultades que afectan a comunidades tanto rurales como urbanas\u201d.<\/p>\n<p style=\"text-align: justify;\">Adem\u00e1s se\u00f1al\u00f3 el Consejero Abello \u201cespero que el a\u00f1o 2024 se presente como una oportunidad crucial para lograr avances significativos en la gesti\u00f3n de estos servicios b\u00e1sicos, evitando as\u00ed que las demandas territoriales se acumulen debido a la falta de acci\u00f3n y\/o supeditadas a reformas legales.<\/p>\n<p style=\"text-align: justify;\">Con este compromiso y enfoque en el desarrollo integral de la regi\u00f3n, el Consejero Regional Jorge Abello apunta a mejorar la calidad de vida y reducir las brechas en los servicios b\u00e1sicos para el beneficio de todos los habitantes en cada localidad y territorio de Ays\u00e9n.\u00bb<\/p>\n<\/div><\/section><\/div><div  style='height:50px' class='hr hr-invisible   avia-builder-el-6  el_after_av_one_full  el_before_av_social_share '><span class='hr-inner ' ><span class='hr-inner-style'><\/span><\/span><\/div><\/p>\n<div  class='av-social-sharing-box  avia-builder-el-7  el_after_av_hr  el_before_av_hr  '><div class='av-share-box'><h5 class='av-share-link-description av-no-toc '>Compartir esta noticia<\/h5><ul class='av-share-box-list noLightbox'><li class='av-share-link av-social-link-facebook' ><a target=\"_blank\" aria-label=\"Compartir en Facebook\" href='https:\/\/www.facebook.com\/sharer.php?u=https:\/\/radiorevelacionfm.cl\/?p=38752&#038;t=Consejero%20Abello%3A%20El%202024%20parte%20con%20desaf%C3%ADos%20importantes%20en%20materia%20de%20servicios%20b%C3%A1sicos' aria-hidden='false' data-av_icon='\ue8f3' data-av_iconfont='entypo-fontello' title='' data-avia-related-tooltip='Compartir en Facebook' rel=\"noopener\"><span class='avia_hidden_link_text'>Compartir en Facebook<\/span><\/a><\/li><li class='av-share-link av-social-link-twitter' ><a target=\"_blank\" aria-label=\"Compartir en Twitter\" href='https:\/\/twitter.com\/share?text=Consejero%20Abello%3A%20El%202024%20parte%20con%20desaf%C3%ADos%20importantes%20en%20materia%20de%20servicios%20b%C3%A1sicos&#038;url=https:\/\/radiorevelacionfm.cl\/?p=38752' aria-hidden='false' data-av_icon='\ue8f1' data-av_iconfont='entypo-fontello' title='' data-avia-related-tooltip='Compartir en Twitter' rel=\"noopener\"><span class='avia_hidden_link_text'>Compartir en Twitter<\/span><\/a><\/li><li class='av-share-link av-social-link-whatsapp' ><a target=\"_blank\" aria-label=\"Compartir en Whatsapp\" href='https:\/\/api.whatsapp.com\/send?text=https:\/\/radiorevelacionfm.cl\/?p=38752' aria-hidden='false' data-av_icon='\uf232' data-av_iconfont='entypo-fontello' title='' data-avia-related-tooltip='Compartir en Whatsapp' rel=\"noopener\"><span class='avia_hidden_link_text'>Compartir en Whatsapp<\/span><\/a><\/li><li class='av-share-link av-social-link-linkedin' ><a target=\"_blank\" aria-label=\"Compartir en LinkedIn\" href='https:\/\/linkedin.com\/shareArticle?mini=true&#038;title=Consejero%20Abello%3A%20El%202024%20parte%20con%20desaf%C3%ADos%20importantes%20en%20materia%20de%20servicios%20b%C3%A1sicos&#038;url=https:\/\/radiorevelacionfm.cl\/?p=38752' aria-hidden='false' data-av_icon='\ue8fc' data-av_iconfont='entypo-fontello' title='' data-avia-related-tooltip='Compartir en LinkedIn' rel=\"noopener\"><span class='avia_hidden_link_text'>Compartir en LinkedIn<\/span><\/a><\/li><li class='av-share-link av-social-link-mail' ><a  aria-label=\"Compartir por correo\" href='mailto:?subject=Consejero%20Abello%3A%20El%202024%20parte%20con%20desaf%C3%ADos%20importantes%20en%20materia%20de%20servicios%20b%C3%A1sicos&#038;body=https:\/\/radiorevelacionfm.cl\/?p=38752' aria-hidden='false' data-av_icon='\ue805' data-av_iconfont='entypo-fontello' title='' data-avia-related-tooltip='Compartir por correo'><span class='avia_hidden_link_text'>Compartir por correo<\/span><\/a><\/li><\/ul><\/div><\/div>\n<div  style='height:50px' class='hr hr-invisible   avia-builder-el-8  el_after_av_social_share  el_before_av_comments_list '><span class='hr-inner ' ><span class='hr-inner-style'><\/span><\/span><\/div>\n<div  class='av-buildercomment  av-blog-meta-html-info-disabled av-blog-meta-tag-disabled  '><\/div>\n","protected":false},"excerpt":{"rendered":"","protected":false},"author":1,"featured_media":29037,"comment_status":"open","ping_status":"open","sticky":false,"template":"","format":"standard","meta":{"footnotes":""},"categories":[38],"tags":[],"class_list":["post-38752","post","type-post","status-publish","format-standard","has-post-thumbnail","hentry","category-regional"],"jetpack_featured_media_url":"https:\/\/radiorevelacionfm.cl\/wp-content\/uploads\/2023\/03\/Foto-Core-Abello-caminos-1-1.jpg","_links":{"self":[{"href":"https:\/\/radiorevelacionfm.cl\/index.php?rest_route=\/wp\/v2\/posts\/38752","targetHints":{"allow":["GET"]}}],"collection":[{"href":"https:\/\/radiorevelacionfm.cl\/index.php?rest_route=\/wp\/v2\/posts"}],"about":[{"href":"https:\/\/radiorevelacionfm.cl\/index.php?rest_route=\/wp\/v2\/types\/post"}],"author":[{"embeddable":true,"href":"https:\/\/radiorevelacionfm.cl\/index.php?rest_route=\/wp\/v2\/users\/1"}],"replies":[{"embeddable":true,"href":"https:\/\/radiorevelacionfm.cl\/index.php?rest_route=%2Fwp%2Fv2%2Fcomments&post=38752"}],"version-history":[{"count":1,"href":"https:\/\/radiorevelacionfm.cl\/index.php?rest_route=\/wp\/v2\/posts\/38752\/revisions"}],"predecessor-version":[{"id":38753,"href":"https:\/\/radiorevelacionfm.cl\/index.php?rest_route=\/wp\/v2\/posts\/38752\/revisions\/38753"}],"wp:featuredmedia":[{"embeddable":true,"href":"https:\/\/radiorevelacionfm.cl\/index.php?rest_route=\/wp\/v2\/media\/29037"}],"wp:attachment":[{"href":"https:\/\/radiorevelacionfm.cl\/index.php?rest_route=%2Fwp%2Fv2%2Fmedia&parent=38752"}],"wp:term":[{"taxonomy":"category","embeddable":true,"href":"https:\/\/radiorevelacionfm.cl\/index.php?rest_route=%2Fwp%2Fv2%2Fcategories&post=38752"},{"taxonomy":"post_tag","embeddable":true,"href":"https:\/\/radiorevelacionfm.cl\/index.php?rest_route=%2Fwp%2Fv2%2Ftags&post=38752"}],"curies":[{"name":"wp","href":"https:\/\/api.w.org\/{rel}","templated":true}]}}