{"id":3875,"date":"2021-05-06T20:19:49","date_gmt":"2021-05-06T23:19:49","guid":{"rendered":"https:\/\/radiorevelacionfm.cl\/?p=3875"},"modified":"2021-05-06T20:19:49","modified_gmt":"2021-05-06T23:19:49","slug":"investigadores-comparten-experiencias-con-comunidades-educativas-de-la-cuenca-del-lago-chelenko","status":"publish","type":"post","link":"https:\/\/radiorevelacionfm.cl\/?p=3875","title":{"rendered":"Investigadores comparten experiencias con comunidades educativas de la cuenca del Lago Chelenko"},"content":{"rendered":"<div class=\"flex_column av_one_full  flex_column_div av-zero-column-padding first  avia-builder-el-0  el_before_av_one_full  avia-builder-el-first  \" style='border-radius:0px; '><div  class='avia-image-container  av-styling-    avia-builder-el-1  avia-builder-el-no-sibling  avia-align-center '  itemprop=\"image\" itemscope=\"itemscope\" itemtype=\"https:\/\/schema.org\/ImageObject\"  ><div class='avia-image-container-inner'><div class='avia-image-overlay-wrap'><img decoding=\"async\" class='wp-image-0 avia-img-lazy-loading-not-0 avia_image' src=\"https:\/\/radiorevelacionfm.cl\/wp-content\/uploads\/2021\/05\/biorremediacion-guadal9_optimized.jpg\" alt='' title=''   itemprop=\"thumbnailUrl\"  \/><\/div><\/div><\/div><\/div><div class=\"flex_column av_one_full  flex_column_div av-zero-column-padding first  avia-builder-el-2  el_after_av_one_full  el_before_av_one_full  column-top-margin\" style='border-radius:0px; '><section class=\"av_textblock_section \"  itemscope=\"itemscope\" itemtype=\"https:\/\/schema.org\/BlogPosting\" itemprop=\"blogPost\" ><div class='avia_textblock  '   itemprop=\"text\" ><p style=\"text-align: center;\"><strong><span style=\"font-size: 18pt;\">Investigadores comparten experiencias con comunidades educativas de la cuenca del Lago Chelenko<\/span><\/strong><\/p>\n<div id=\"gtx-trans\" style=\"position: absolute; left: -50px; top: 4.31534px;\">\n<div class=\"gtx-trans-icon\"><\/div>\n<\/div>\n<\/div><\/section><\/div><div class=\"flex_column av_one_full  flex_column_div av-zero-column-padding first  avia-builder-el-4  el_after_av_one_full  el_before_av_hr  column-top-margin\" style='border-radius:0px; '><section class=\"av_textblock_section \"  itemscope=\"itemscope\" itemtype=\"https:\/\/schema.org\/BlogPosting\" itemprop=\"blogPost\" ><div class='avia_textblock  '   itemprop=\"text\" ><p style=\"text-align: justify;\">Estudiantes de s\u00e9ptimo y octavo b\u00e1sico de la Escuela Libertador Bernardo O\u2019Higgins de Puerto Guadal, participaron de una clase al aire libre a cargo de investigadores de la Universidad Austral de Chile, Campus Patagonia.<\/p>\n<p style=\"text-align: justify;\">Como parte de la difusi\u00f3n del proyecto \u201cInfluencias de Relaves en Aguas del Chelenko: Propuesta de Biorremediaci\u00f3n\u201d, investigadores de la Universidad Austral de Chile (UACh), Campus Patagonia, realizaron una clase al aire libre en la Mina Escondida de Puerto Guadal, oportunidad en la que los alumnos y alumnas, tomando todas las medidas sanitarias, realizaron un recorrido por la mina, ahora abandonada, conociendo su contexto hist\u00f3rico y la ejecuci\u00f3n de la antigua miner\u00eda.<\/p>\n<p style=\"text-align: justify;\">Magdalena M\u00e1rquez, Bi\u00f3loga Marina y coordinadora del proyecto, indic\u00f3 que la finalidad de la actividad fue poder dar a conocer en qu\u00e9 consiste la biorremediaci\u00f3n y el trabajo que se ha realizado en la zona gracias al proyecto.<\/p>\n<p style=\"text-align: justify;\">\u201cDentro de las actividades de este proyecto FIC, Influencias de Relaves en Aguas del Chelenko; Propuesta de Remediaci\u00f3n; que ejecuta el Campus Patagonia de la UACh, tenemos contempladas varias actividades de difusi\u00f3n y transferencias. Ya estuvimos con los ni\u00f1os y ni\u00f1as de Caleta Tortel y ahora fue el turno de Puerto Guadal. La idea es poder seguir realizando estas actividades, tomando todas las medidas sanitarias, en otras localidades de la cuenca del lago General Carrera durante este semestre y antes de qu\u00e9 finalice el proyecto. La finalidad de estas actividades es lograr generar un v\u00ednculo con la comunidad adem\u00e1s de transferir algunos resultados a trav\u00e9s de una experiencia educativa al aire libre\u201d.<\/p>\n<p style=\"text-align: justify;\"><strong>El Proyecto<\/strong><\/p>\n<p style=\"text-align: justify;\">\u201cInfluencias de Relaves en Chelenko: Propuesta de remediaci\u00f3n\u201d es financiado por el Gobierno Regional de Ays\u00e9n, a trav\u00e9s del Fondo de Innovaci\u00f3n para la Competitividad, FIC, y ejecutado por el Programa de Biorremediaci\u00f3n del Campus Patagonia de la Universidad Austral de Chile (UACh) y se presenta como un estudio complementario al Proyecto de Biorremediaci\u00f3n en curso, el cual se desarrolla en Puerto Cristal.<\/p>\n<p style=\"text-align: justify;\">El proyecto propone una forma innovadora de hacer frente a los pasivos ambientales provenientes de sitios mineros y al efecto antropog\u00e9nico que se genera en temporada tur\u00edstica en las aguas regionales. Adem\u00e1s, se busca lograr una mirada multidisciplinaria del concepto de \u201criesgo\u201d desde su concepci\u00f3n, como una construcci\u00f3n sociocultural que permita ser la base para la implementaci\u00f3n de pol\u00edticas p\u00fablicas.<\/p>\n<\/div><\/section><\/div><div  style='height:50px' class='hr hr-invisible   avia-builder-el-6  el_after_av_one_full  el_before_av_social_share '><span class='hr-inner ' ><span class='hr-inner-style'><\/span><\/span><\/div><\/p>\n<div  class='av-social-sharing-box  avia-builder-el-7  el_after_av_hr  el_before_av_hr  '><div class='av-share-box'><h5 class='av-share-link-description av-no-toc '>Compartir esta noticia<\/h5><ul class='av-share-box-list noLightbox'><li class='av-share-link av-social-link-facebook' ><a target=\"_blank\" aria-label=\"Compartir en Facebook\" href='https:\/\/www.facebook.com\/sharer.php?u=https:\/\/radiorevelacionfm.cl\/?p=3875&#038;t=Investigadores%20comparten%20experiencias%20con%20comunidades%20educativas%20de%20la%20cuenca%20del%20Lago%20Chelenko' aria-hidden='false' data-av_icon='\ue8f3' data-av_iconfont='entypo-fontello' title='' data-avia-related-tooltip='Compartir en Facebook' rel=\"noopener\"><span class='avia_hidden_link_text'>Compartir en Facebook<\/span><\/a><\/li><li class='av-share-link av-social-link-twitter' ><a target=\"_blank\" aria-label=\"Compartir en Twitter\" href='https:\/\/twitter.com\/share?text=Investigadores%20comparten%20experiencias%20con%20comunidades%20educativas%20de%20la%20cuenca%20del%20Lago%20Chelenko&#038;url=https:\/\/radiorevelacionfm.cl\/?p=3875' aria-hidden='false' data-av_icon='\ue8f1' data-av_iconfont='entypo-fontello' title='' data-avia-related-tooltip='Compartir en Twitter' rel=\"noopener\"><span class='avia_hidden_link_text'>Compartir en Twitter<\/span><\/a><\/li><li class='av-share-link av-social-link-whatsapp' ><a target=\"_blank\" aria-label=\"Compartir en Whatsapp\" href='https:\/\/api.whatsapp.com\/send?text=https:\/\/radiorevelacionfm.cl\/?p=3875' aria-hidden='false' data-av_icon='\uf232' data-av_iconfont='entypo-fontello' title='' data-avia-related-tooltip='Compartir en Whatsapp' rel=\"noopener\"><span class='avia_hidden_link_text'>Compartir en Whatsapp<\/span><\/a><\/li><li class='av-share-link av-social-link-linkedin' ><a target=\"_blank\" aria-label=\"Compartir en LinkedIn\" href='https:\/\/linkedin.com\/shareArticle?mini=true&#038;title=Investigadores%20comparten%20experiencias%20con%20comunidades%20educativas%20de%20la%20cuenca%20del%20Lago%20Chelenko&#038;url=https:\/\/radiorevelacionfm.cl\/?p=3875' aria-hidden='false' data-av_icon='\ue8fc' data-av_iconfont='entypo-fontello' title='' data-avia-related-tooltip='Compartir en LinkedIn' rel=\"noopener\"><span class='avia_hidden_link_text'>Compartir en LinkedIn<\/span><\/a><\/li><li class='av-share-link av-social-link-mail' ><a  aria-label=\"Compartir por correo\" href='mailto:?subject=Investigadores%20comparten%20experiencias%20con%20comunidades%20educativas%20de%20la%20cuenca%20del%20Lago%20Chelenko&#038;body=https:\/\/radiorevelacionfm.cl\/?p=3875' aria-hidden='false' data-av_icon='\ue805' data-av_iconfont='entypo-fontello' title='' data-avia-related-tooltip='Compartir por correo'><span class='avia_hidden_link_text'>Compartir por correo<\/span><\/a><\/li><\/ul><\/div><\/div>\n<div  style='height:50px' class='hr hr-invisible   avia-builder-el-8  el_after_av_social_share  el_before_av_comments_list '><span class='hr-inner ' ><span class='hr-inner-style'><\/span><\/span><\/div>\n<div  class='av-buildercomment  av-blog-meta-html-info-disabled av-blog-meta-tag-disabled  '><\/div>\n","protected":false},"excerpt":{"rendered":"","protected":false},"author":1,"featured_media":0,"comment_status":"open","ping_status":"open","sticky":false,"template":"","format":"standard","meta":{"footnotes":""},"categories":[49],"tags":[],"class_list":["post-3875","post","type-post","status-publish","format-standard","hentry","category-educacion"],"jetpack_featured_media_url":"","_links":{"self":[{"href":"https:\/\/radiorevelacionfm.cl\/index.php?rest_route=\/wp\/v2\/posts\/3875","targetHints":{"allow":["GET"]}}],"collection":[{"href":"https:\/\/radiorevelacionfm.cl\/index.php?rest_route=\/wp\/v2\/posts"}],"about":[{"href":"https:\/\/radiorevelacionfm.cl\/index.php?rest_route=\/wp\/v2\/types\/post"}],"author":[{"embeddable":true,"href":"https:\/\/radiorevelacionfm.cl\/index.php?rest_route=\/wp\/v2\/users\/1"}],"replies":[{"embeddable":true,"href":"https:\/\/radiorevelacionfm.cl\/index.php?rest_route=%2Fwp%2Fv2%2Fcomments&post=3875"}],"version-history":[{"count":1,"href":"https:\/\/radiorevelacionfm.cl\/index.php?rest_route=\/wp\/v2\/posts\/3875\/revisions"}],"predecessor-version":[{"id":3878,"href":"https:\/\/radiorevelacionfm.cl\/index.php?rest_route=\/wp\/v2\/posts\/3875\/revisions\/3878"}],"wp:attachment":[{"href":"https:\/\/radiorevelacionfm.cl\/index.php?rest_route=%2Fwp%2Fv2%2Fmedia&parent=3875"}],"wp:term":[{"taxonomy":"category","embeddable":true,"href":"https:\/\/radiorevelacionfm.cl\/index.php?rest_route=%2Fwp%2Fv2%2Fcategories&post=3875"},{"taxonomy":"post_tag","embeddable":true,"href":"https:\/\/radiorevelacionfm.cl\/index.php?rest_route=%2Fwp%2Fv2%2Ftags&post=3875"}],"curies":[{"name":"wp","href":"https:\/\/api.w.org\/{rel}","templated":true}]}}