{"id":38698,"date":"2024-01-09T12:25:14","date_gmt":"2024-01-09T15:25:14","guid":{"rendered":"https:\/\/radiorevelacionfm.cl\/?p=38698"},"modified":"2024-01-09T12:25:14","modified_gmt":"2024-01-09T15:25:14","slug":"carabineros-del-os-7-aysen-intensifica-control-y-fiscalizacion-en-temporada-estival","status":"publish","type":"post","link":"https:\/\/radiorevelacionfm.cl\/?p=38698","title":{"rendered":"Carabineros del OS-7 Ays\u00e9n intensifica control y fiscalizaci\u00f3n en temporada estival"},"content":{"rendered":"<div class=\"flex_column av_one_full  flex_column_div av-zero-column-padding first  avia-builder-el-0  el_before_av_one_full  avia-builder-el-first  \" style='border-radius:0px; '><div  class='avia-image-container  av-styling-    avia-builder-el-1  avia-builder-el-no-sibling  avia-align-center '  itemprop=\"image\" itemscope=\"itemscope\" itemtype=\"https:\/\/schema.org\/ImageObject\"  ><div class='avia-image-container-inner'><div class='avia-image-overlay-wrap'><img decoding=\"async\" class='wp-image-38700 avia-img-lazy-loading-not-38700 avia_image' src=\"https:\/\/radiorevelacionfm.cl\/wp-content\/uploads\/2024\/01\/18d13569-36cb-49ef-ad65-24ca89425429-1_optimized.jpg\" alt='' title='18d13569-36cb-49ef-ad65-24ca89425429-(1)_optimized' height=\"662\" width=\"802\"  itemprop=\"thumbnailUrl\" srcset=\"https:\/\/radiorevelacionfm.cl\/wp-content\/uploads\/2024\/01\/18d13569-36cb-49ef-ad65-24ca89425429-1_optimized.jpg 802w, https:\/\/radiorevelacionfm.cl\/wp-content\/uploads\/2024\/01\/18d13569-36cb-49ef-ad65-24ca89425429-1_optimized-300x248.jpg 300w, https:\/\/radiorevelacionfm.cl\/wp-content\/uploads\/2024\/01\/18d13569-36cb-49ef-ad65-24ca89425429-1_optimized-768x634.jpg 768w, https:\/\/radiorevelacionfm.cl\/wp-content\/uploads\/2024\/01\/18d13569-36cb-49ef-ad65-24ca89425429-1_optimized-705x582.jpg 705w, https:\/\/radiorevelacionfm.cl\/wp-content\/uploads\/2024\/01\/18d13569-36cb-49ef-ad65-24ca89425429-1_optimized-450x371.jpg 450w, https:\/\/radiorevelacionfm.cl\/wp-content\/uploads\/2024\/01\/18d13569-36cb-49ef-ad65-24ca89425429-1_optimized-600x495.jpg 600w\" sizes=\"(max-width: 802px) 100vw, 802px\" \/><\/div><\/div><\/div><\/div><div class=\"flex_column av_one_full  flex_column_div av-zero-column-padding first  avia-builder-el-2  el_after_av_one_full  el_before_av_one_full  column-top-margin\" style='border-radius:0px; '><section class=\"av_textblock_section \"  itemscope=\"itemscope\" itemtype=\"https:\/\/schema.org\/BlogPosting\" itemprop=\"blogPost\" ><div class='avia_textblock  '   itemprop=\"text\" ><p style=\"text-align: center;\"><span style=\"font-size: 18pt;\"><b>Carabineros del OS-7 Ays\u00e9n intensifica control y fiscalizaci\u00f3n en temporada estival<\/b><\/span><\/p>\n<div id=\"gtx-trans\" style=\"position: absolute; left: -50px; top: 4.31534px;\">\n<div class=\"gtx-trans-icon\"><\/div>\n<\/div>\n<\/div><\/section><\/div><div class=\"flex_column av_one_full  flex_column_div av-zero-column-padding first  avia-builder-el-4  el_after_av_one_full  el_before_av_hr  column-top-margin\" style='border-radius:0px; '><section class=\"av_textblock_section \"  itemscope=\"itemscope\" itemtype=\"https:\/\/schema.org\/BlogPosting\" itemprop=\"blogPost\" ><div class='avia_textblock  '   itemprop=\"text\" ><p style=\"text-align: justify;\"><span style=\"font-family: georgia, palatino, serif; font-size: 12pt;\">Servicios se desarrollan en puntos de acceso a la regi\u00f3n, los cuales est\u00e1n orientados a identificar aquellas personas que intenten ingresar y trasladar sustancias ilegales al territorio.<\/span><\/p>\n<p style=\"text-align: justify;\"><span style=\"font-family: georgia, palatino, serif; font-size: 12pt;\">En el contexto del plan verano seguro, Carabineros de la Secci\u00f3n OS-7 Ays\u00e9n, se encuentra desarrollando -de manera conjunta con otras instituciones- diversos servicios de control y fiscalizaci\u00f3n en rutas, puertos, aeropuerto y pasos fronterizos con la finalidad de prevenir la internaci\u00f3n de sustancias prohibidas al territorio.<\/span><\/p>\n<p style=\"text-align: justify;\"><span style=\"font-family: georgia, palatino, serif; font-size: 12pt;\">El Jefe de esta Unidad especializada, Capit\u00e1n Pablo Ardiles Herrera indic\u00f3 que se trata de \u00abservicios especializados focalizados en apoyo a la funci\u00f3n preventiva que dice relaci\u00f3n con el control en ingresos y accesos a nuestra regi\u00f3n. Todo esto con el apoyo de nuestro can antidrogas Gazu, permitiendo de esta manera identificar aquellas personas que se presten a desarrollar diferentes delitos de la ley de drogas N\u00ba 20.000 y que intenten ingresar o trasladar a diferentes centros urbanos estas sustancias ilegales\u00bb, indic\u00f3 el Oficial.<\/span><\/p>\n<p style=\"text-align: justify;\"><span style=\"font-family: georgia, palatino, serif; font-size: 12pt;\">Recientemente el personal antidrogas ha efectuado diversas fiscalizaciones a diferentes barcazas en en el muelle de Puerto Cisnes orientadas a identificar y detener a estos sujetos, \u00ablogrando la incautaci\u00f3n de marihuana y diferentes sustancias que se encontraban en poder de imputados\u00bb, a\u00f1adi\u00f3 el Capit\u00e1n Ardiles, quien precis\u00f3 que dichos antecedentes fueron puestos en conocimiento de la Fiscal\u00eda.<\/span><\/p>\n<p style=\"text-align: justify;\"><span style=\"font-family: georgia, palatino, serif; font-size: 12pt;\">\u00abReiteramos el trabajo permanente y el compromiso de los carabineros de nuestra regi\u00f3n para brindar mayor seguridad en este nuevo verano a\u00f1o 2024\u00bb, expres\u00f3 el Jefe de Drogas de Carabineros en la regi\u00f3n.<\/span><\/p>\n<p style=\"text-align: justify;\"><span style=\"font-family: georgia, palatino, serif; font-size: 12pt;\">Durante el a\u00f1o 2023 se registr\u00f3 un total de 229 personas vinculadas a la ley de drogas entre detenidos y denunciados en flagrancia, de los 149 fueron detenidos y puestos a disposici\u00f3n de la justicia. Del total de aprehendidos, un 39% registra detenciones previas por parte de Carabineros, siendo decomisados en este periodo 17,2 kilos de droga en el territorio regional.<\/span><\/p>\n<p style=\"text-align: justify;\"><span style=\"font-family: georgia, palatino, serif; font-size: 12pt;\">Carabineros de la Secci\u00f3n OS-7 Ays\u00e9n reiter\u00f3 el llamado a realizar las denuncias, e invit\u00f3 a la comunidad a otorgar dicha informaci\u00f3n a trav\u00e9s del fono drogas 135, tel\u00e9fono gratuito de Carabineros de Chile, el cual es atendido por agentes especializados del OS-7, quienes durante las 24 horas del d\u00eda y los 365 d\u00edas del a\u00f1o, recibir\u00e1n sus denuncias de forma absolutamente reservada y an\u00f3nima.<\/span><\/p>\n<\/div><\/section><\/div><div  style='height:50px' class='hr hr-invisible   avia-builder-el-6  el_after_av_one_full  el_before_av_social_share '><span class='hr-inner ' ><span class='hr-inner-style'><\/span><\/span><\/div><\/p>\n<div  class='av-social-sharing-box  avia-builder-el-7  el_after_av_hr  el_before_av_hr  '><div class='av-share-box'><h5 class='av-share-link-description av-no-toc '>Compartir esta noticia<\/h5><ul class='av-share-box-list noLightbox'><li class='av-share-link av-social-link-facebook' ><a target=\"_blank\" aria-label=\"Compartir en Facebook\" href='https:\/\/www.facebook.com\/sharer.php?u=https:\/\/radiorevelacionfm.cl\/?p=38698&#038;t=Carabineros%20del%20OS-7%20Ays%C3%A9n%20intensifica%20control%20y%20fiscalizaci%C3%B3n%20en%20temporada%20estival' aria-hidden='false' data-av_icon='\ue8f3' data-av_iconfont='entypo-fontello' title='' data-avia-related-tooltip='Compartir en Facebook' rel=\"noopener\"><span class='avia_hidden_link_text'>Compartir en Facebook<\/span><\/a><\/li><li class='av-share-link av-social-link-twitter' ><a target=\"_blank\" aria-label=\"Compartir en Twitter\" href='https:\/\/twitter.com\/share?text=Carabineros%20del%20OS-7%20Ays%C3%A9n%20intensifica%20control%20y%20fiscalizaci%C3%B3n%20en%20temporada%20estival&#038;url=https:\/\/radiorevelacionfm.cl\/?p=38698' aria-hidden='false' data-av_icon='\ue8f1' data-av_iconfont='entypo-fontello' title='' data-avia-related-tooltip='Compartir en Twitter' rel=\"noopener\"><span class='avia_hidden_link_text'>Compartir en Twitter<\/span><\/a><\/li><li class='av-share-link av-social-link-whatsapp' ><a target=\"_blank\" aria-label=\"Compartir en Whatsapp\" href='https:\/\/api.whatsapp.com\/send?text=https:\/\/radiorevelacionfm.cl\/?p=38698' aria-hidden='false' data-av_icon='\uf232' data-av_iconfont='entypo-fontello' title='' data-avia-related-tooltip='Compartir en Whatsapp' rel=\"noopener\"><span class='avia_hidden_link_text'>Compartir en Whatsapp<\/span><\/a><\/li><li class='av-share-link av-social-link-linkedin' ><a target=\"_blank\" aria-label=\"Compartir en LinkedIn\" href='https:\/\/linkedin.com\/shareArticle?mini=true&#038;title=Carabineros%20del%20OS-7%20Ays%C3%A9n%20intensifica%20control%20y%20fiscalizaci%C3%B3n%20en%20temporada%20estival&#038;url=https:\/\/radiorevelacionfm.cl\/?p=38698' aria-hidden='false' data-av_icon='\ue8fc' data-av_iconfont='entypo-fontello' title='' data-avia-related-tooltip='Compartir en LinkedIn' rel=\"noopener\"><span class='avia_hidden_link_text'>Compartir en LinkedIn<\/span><\/a><\/li><li class='av-share-link av-social-link-mail' ><a  aria-label=\"Compartir por correo\" href='mailto:?subject=Carabineros%20del%20OS-7%20Ays%C3%A9n%20intensifica%20control%20y%20fiscalizaci%C3%B3n%20en%20temporada%20estival&#038;body=https:\/\/radiorevelacionfm.cl\/?p=38698' aria-hidden='false' data-av_icon='\ue805' data-av_iconfont='entypo-fontello' title='' data-avia-related-tooltip='Compartir por correo'><span class='avia_hidden_link_text'>Compartir por correo<\/span><\/a><\/li><\/ul><\/div><\/div>\n<div  style='height:50px' class='hr hr-invisible   avia-builder-el-8  el_after_av_social_share  el_before_av_comments_list '><span class='hr-inner ' ><span class='hr-inner-style'><\/span><\/span><\/div>\n<div  class='av-buildercomment  av-blog-meta-html-info-disabled av-blog-meta-tag-disabled  '><\/div>\n","protected":false},"excerpt":{"rendered":"","protected":false},"author":1,"featured_media":38700,"comment_status":"open","ping_status":"open","sticky":false,"template":"","format":"standard","meta":{"footnotes":""},"categories":[36],"tags":[],"class_list":["post-38698","post","type-post","status-publish","format-standard","has-post-thumbnail","hentry","category-policial"],"jetpack_featured_media_url":"https:\/\/radiorevelacionfm.cl\/wp-content\/uploads\/2024\/01\/18d13569-36cb-49ef-ad65-24ca89425429-1_optimized.jpg","_links":{"self":[{"href":"https:\/\/radiorevelacionfm.cl\/index.php?rest_route=\/wp\/v2\/posts\/38698","targetHints":{"allow":["GET"]}}],"collection":[{"href":"https:\/\/radiorevelacionfm.cl\/index.php?rest_route=\/wp\/v2\/posts"}],"about":[{"href":"https:\/\/radiorevelacionfm.cl\/index.php?rest_route=\/wp\/v2\/types\/post"}],"author":[{"embeddable":true,"href":"https:\/\/radiorevelacionfm.cl\/index.php?rest_route=\/wp\/v2\/users\/1"}],"replies":[{"embeddable":true,"href":"https:\/\/radiorevelacionfm.cl\/index.php?rest_route=%2Fwp%2Fv2%2Fcomments&post=38698"}],"version-history":[{"count":1,"href":"https:\/\/radiorevelacionfm.cl\/index.php?rest_route=\/wp\/v2\/posts\/38698\/revisions"}],"predecessor-version":[{"id":38701,"href":"https:\/\/radiorevelacionfm.cl\/index.php?rest_route=\/wp\/v2\/posts\/38698\/revisions\/38701"}],"wp:featuredmedia":[{"embeddable":true,"href":"https:\/\/radiorevelacionfm.cl\/index.php?rest_route=\/wp\/v2\/media\/38700"}],"wp:attachment":[{"href":"https:\/\/radiorevelacionfm.cl\/index.php?rest_route=%2Fwp%2Fv2%2Fmedia&parent=38698"}],"wp:term":[{"taxonomy":"category","embeddable":true,"href":"https:\/\/radiorevelacionfm.cl\/index.php?rest_route=%2Fwp%2Fv2%2Fcategories&post=38698"},{"taxonomy":"post_tag","embeddable":true,"href":"https:\/\/radiorevelacionfm.cl\/index.php?rest_route=%2Fwp%2Fv2%2Ftags&post=38698"}],"curies":[{"name":"wp","href":"https:\/\/api.w.org\/{rel}","templated":true}]}}