{"id":38695,"date":"2024-01-09T11:29:48","date_gmt":"2024-01-09T14:29:48","guid":{"rendered":"https:\/\/radiorevelacionfm.cl\/?p=38695"},"modified":"2024-01-09T11:29:48","modified_gmt":"2024-01-09T14:29:48","slug":"calisto-presenta-indicacion-en-reforma-de-pensiones-42-para-capitalizacion-individual-y-18-para-seguro-de-longevidad","status":"publish","type":"post","link":"https:\/\/radiorevelacionfm.cl\/?p=38695","title":{"rendered":"Calisto presenta indicaci\u00f3n en reforma de pensiones: 4,2% para Capitalizaci\u00f3n individual y 1,8% para seguro de longevidad"},"content":{"rendered":"<div class=\"flex_column av_one_full  flex_column_div av-zero-column-padding first  avia-builder-el-0  el_before_av_one_full  avia-builder-el-first  \" style='border-radius:0px; '><div  class='avia-image-container  av-styling-    avia-builder-el-1  avia-builder-el-no-sibling  avia-align-center '  itemprop=\"image\" itemscope=\"itemscope\" itemtype=\"https:\/\/schema.org\/ImageObject\"  ><div class='avia-image-container-inner'><div class='avia-image-overlay-wrap'><img decoding=\"async\" class='wp-image-38696 avia-img-lazy-loading-not-38696 avia_image' src=\"https:\/\/radiorevelacionfm.cl\/wp-content\/uploads\/2024\/01\/calisto-en-comisiOn-2024-1_optimized.jpeg\" alt='' title='calisto-en-comisi\u00d3n-2024-(1)_optimized' height=\"600\" width=\"900\"  itemprop=\"thumbnailUrl\" srcset=\"https:\/\/radiorevelacionfm.cl\/wp-content\/uploads\/2024\/01\/calisto-en-comisiOn-2024-1_optimized.jpeg 900w, https:\/\/radiorevelacionfm.cl\/wp-content\/uploads\/2024\/01\/calisto-en-comisiOn-2024-1_optimized-300x200.jpeg 300w, https:\/\/radiorevelacionfm.cl\/wp-content\/uploads\/2024\/01\/calisto-en-comisiOn-2024-1_optimized-768x512.jpeg 768w, https:\/\/radiorevelacionfm.cl\/wp-content\/uploads\/2024\/01\/calisto-en-comisiOn-2024-1_optimized-705x470.jpeg 705w, https:\/\/radiorevelacionfm.cl\/wp-content\/uploads\/2024\/01\/calisto-en-comisiOn-2024-1_optimized-450x300.jpeg 450w, https:\/\/radiorevelacionfm.cl\/wp-content\/uploads\/2024\/01\/calisto-en-comisiOn-2024-1_optimized-600x400.jpeg 600w\" sizes=\"(max-width: 900px) 100vw, 900px\" \/><\/div><\/div><\/div><\/div><div class=\"flex_column av_one_full  flex_column_div av-zero-column-padding first  avia-builder-el-2  el_after_av_one_full  el_before_av_one_full  column-top-margin\" style='border-radius:0px; '><section class=\"av_textblock_section \"  itemscope=\"itemscope\" itemtype=\"https:\/\/schema.org\/BlogPosting\" itemprop=\"blogPost\" ><div class='avia_textblock  '   itemprop=\"text\" ><p style=\"text-align: center;\"><span style=\"font-size: 18pt;\"><b>Calisto presenta indicaci\u00f3n en reforma de pensiones: 4,2% para Capitalizaci\u00f3n individual y 1,8% para seguro de longevidad<\/b><\/span><\/p>\n<div id=\"gtx-trans\" style=\"position: absolute; left: -50px; top: 4.31534px;\">\n<div class=\"gtx-trans-icon\"><\/div>\n<\/div>\n<\/div><\/section><\/div><div class=\"flex_column av_one_full  flex_column_div av-zero-column-padding first  avia-builder-el-4  el_after_av_one_full  el_before_av_hr  column-top-margin\" style='border-radius:0px; '><section class=\"av_textblock_section \"  itemscope=\"itemscope\" itemtype=\"https:\/\/schema.org\/BlogPosting\" itemprop=\"blogPost\" ><div class='avia_textblock  '   itemprop=\"text\" ><p style=\"text-align: justify;\"><em>La iniciativa fue presentada con el apoyo de diputados Dem\u00f3cratas y DC.<\/em><\/p>\n<p style=\"text-align: justify;\">Con la firma de los otros tres diputados Dem\u00f3cratas, m\u00e1s los independientes Yovana Ahumada, V\u00edctor Pino y\u00a0 el DC Felipe Caama\u00f1o, el diputado Miguel \u00c1ngel Calisto Calisto present\u00f3 una indicaci\u00f3n al proyecto de reforma del sistema de pensiones, donde propone que el 6% de cotizaci\u00f3n extra sea repartido en un 4,2% para capitalizaci\u00f3n individual y un 1,8% para un seguro de longevidad.<\/p>\n<p style=\"text-align: justify;\">La indicaci\u00f3n establece \u201cun 6% de las remuneraciones imponibles, de cargo de la persona empleadora en el caso de las y los trabajadores dependientes. La distribuci\u00f3n ser\u00e1, de 4,2% con destino a la cuenta de capitalizaci\u00f3n individual de cotizaciones obligatorias de la persona trabajadora y de 1,8% con destino al financiamiento de un Seguro Colectivo de Longevidad. En el caso de las personas trabajadoras independientes, la cotizaci\u00f3n equivalente al 6% de sus rentas imponibles tendr\u00e1 el car\u00e1cter de voluntaria y se regir\u00e1 por las reglas los P\u00e1rrafos 6\u00ba y 7\u00ba del T\u00edtulo VI\u201d.<\/p>\n<p style=\"text-align: justify;\">En su intervenci\u00f3n en la comisi\u00f3n de Trabajo, el diputado Calisto asegur\u00f3 que \u201cquisiera plantearle al Gobierno que, si queremos avanzar en materia de pensiones, necesitamos generar un acuerdo amplio y no legislar con la pistola sobre la mesa. Nosotros desde la bancada Dem\u00f3cratas e independientes, creemos que el Gobierno debe tomarse m\u00e1s tiempo para tramitar este proyecto\u201d.<\/p>\n<p style=\"text-align: justify;\">\u201cCon la urgencia que se est\u00e1 tramitando esta reforma, es posible que se llegue a un acuerdo en la comisi\u00f3n, pero no van a tener los votos en la sala. Si realmente queremos aprobar una reforma de pensiones, que le d\u00e9 garant\u00edas a los chilenos, que permita aumentar las pensiones a aquellos que cotizaron y que creyeron en el sistema durante tanto tiempo, tenemos que hacer todos un esfuerzo para dialogar\u201d, se\u00f1al\u00f3 el legislador.<\/p>\n<p style=\"text-align: justify;\">Finalmente, el diputado Calisto se\u00f1al\u00f3 que \u201ca aquellos que est\u00e1n en el Gobierno, les pedimos no poner el acelerador y mantenernos amedrentados. A los partidos de derecha, les pedimos que flexibilicen sus posiciones y se pueda llegar a alg\u00fan grado de entendimiento. Ac\u00e1 estamos con visiones muy polarizadas\u201d.<\/p>\n<\/div><\/section><\/div><div  style='height:50px' class='hr hr-invisible   avia-builder-el-6  el_after_av_one_full  el_before_av_social_share '><span class='hr-inner ' ><span class='hr-inner-style'><\/span><\/span><\/div><\/p>\n<div  class='av-social-sharing-box  avia-builder-el-7  el_after_av_hr  el_before_av_hr  '><div class='av-share-box'><h5 class='av-share-link-description av-no-toc '>Compartir esta noticia<\/h5><ul class='av-share-box-list noLightbox'><li class='av-share-link av-social-link-facebook' ><a target=\"_blank\" aria-label=\"Compartir en Facebook\" href='https:\/\/www.facebook.com\/sharer.php?u=https:\/\/radiorevelacionfm.cl\/?p=38695&#038;t=Calisto%20presenta%20indicaci%C3%B3n%20en%20reforma%20de%20pensiones%3A%204%2C2%25%20para%20Capitalizaci%C3%B3n%20individual%20y%201%2C8%25%20para%20seguro%20de%20longevidad' aria-hidden='false' data-av_icon='\ue8f3' data-av_iconfont='entypo-fontello' title='' data-avia-related-tooltip='Compartir en Facebook' rel=\"noopener\"><span class='avia_hidden_link_text'>Compartir en Facebook<\/span><\/a><\/li><li class='av-share-link av-social-link-twitter' ><a target=\"_blank\" aria-label=\"Compartir en Twitter\" href='https:\/\/twitter.com\/share?text=Calisto%20presenta%20indicaci%C3%B3n%20en%20reforma%20de%20pensiones%3A%204%2C2%25%20para%20Capitalizaci%C3%B3n%20individual%20y%201%2C8%25%20para%20seguro%20de%20longevidad&#038;url=https:\/\/radiorevelacionfm.cl\/?p=38695' aria-hidden='false' data-av_icon='\ue8f1' data-av_iconfont='entypo-fontello' title='' data-avia-related-tooltip='Compartir en Twitter' rel=\"noopener\"><span class='avia_hidden_link_text'>Compartir en Twitter<\/span><\/a><\/li><li class='av-share-link av-social-link-whatsapp' ><a target=\"_blank\" aria-label=\"Compartir en Whatsapp\" href='https:\/\/api.whatsapp.com\/send?text=https:\/\/radiorevelacionfm.cl\/?p=38695' aria-hidden='false' data-av_icon='\uf232' data-av_iconfont='entypo-fontello' title='' data-avia-related-tooltip='Compartir en Whatsapp' rel=\"noopener\"><span class='avia_hidden_link_text'>Compartir en Whatsapp<\/span><\/a><\/li><li class='av-share-link av-social-link-linkedin' ><a target=\"_blank\" aria-label=\"Compartir en LinkedIn\" href='https:\/\/linkedin.com\/shareArticle?mini=true&#038;title=Calisto%20presenta%20indicaci%C3%B3n%20en%20reforma%20de%20pensiones%3A%204%2C2%25%20para%20Capitalizaci%C3%B3n%20individual%20y%201%2C8%25%20para%20seguro%20de%20longevidad&#038;url=https:\/\/radiorevelacionfm.cl\/?p=38695' aria-hidden='false' data-av_icon='\ue8fc' data-av_iconfont='entypo-fontello' title='' data-avia-related-tooltip='Compartir en LinkedIn' rel=\"noopener\"><span class='avia_hidden_link_text'>Compartir en LinkedIn<\/span><\/a><\/li><li class='av-share-link av-social-link-mail' ><a  aria-label=\"Compartir por correo\" href='mailto:?subject=Calisto%20presenta%20indicaci%C3%B3n%20en%20reforma%20de%20pensiones%3A%204%2C2%25%20para%20Capitalizaci%C3%B3n%20individual%20y%201%2C8%25%20para%20seguro%20de%20longevidad&#038;body=https:\/\/radiorevelacionfm.cl\/?p=38695' aria-hidden='false' data-av_icon='\ue805' data-av_iconfont='entypo-fontello' title='' data-avia-related-tooltip='Compartir por correo'><span class='avia_hidden_link_text'>Compartir por correo<\/span><\/a><\/li><\/ul><\/div><\/div>\n<div  style='height:50px' class='hr hr-invisible   avia-builder-el-8  el_after_av_social_share  el_before_av_comments_list '><span class='hr-inner ' ><span class='hr-inner-style'><\/span><\/span><\/div>\n<div  class='av-buildercomment  av-blog-meta-html-info-disabled av-blog-meta-tag-disabled  '><\/div>\n","protected":false},"excerpt":{"rendered":"","protected":false},"author":1,"featured_media":38696,"comment_status":"open","ping_status":"open","sticky":false,"template":"","format":"standard","meta":{"footnotes":""},"categories":[35],"tags":[],"class_list":["post-38695","post","type-post","status-publish","format-standard","has-post-thumbnail","hentry","category-politica"],"jetpack_featured_media_url":"https:\/\/radiorevelacionfm.cl\/wp-content\/uploads\/2024\/01\/calisto-en-comisiOn-2024-1_optimized.jpeg","_links":{"self":[{"href":"https:\/\/radiorevelacionfm.cl\/index.php?rest_route=\/wp\/v2\/posts\/38695","targetHints":{"allow":["GET"]}}],"collection":[{"href":"https:\/\/radiorevelacionfm.cl\/index.php?rest_route=\/wp\/v2\/posts"}],"about":[{"href":"https:\/\/radiorevelacionfm.cl\/index.php?rest_route=\/wp\/v2\/types\/post"}],"author":[{"embeddable":true,"href":"https:\/\/radiorevelacionfm.cl\/index.php?rest_route=\/wp\/v2\/users\/1"}],"replies":[{"embeddable":true,"href":"https:\/\/radiorevelacionfm.cl\/index.php?rest_route=%2Fwp%2Fv2%2Fcomments&post=38695"}],"version-history":[{"count":1,"href":"https:\/\/radiorevelacionfm.cl\/index.php?rest_route=\/wp\/v2\/posts\/38695\/revisions"}],"predecessor-version":[{"id":38697,"href":"https:\/\/radiorevelacionfm.cl\/index.php?rest_route=\/wp\/v2\/posts\/38695\/revisions\/38697"}],"wp:featuredmedia":[{"embeddable":true,"href":"https:\/\/radiorevelacionfm.cl\/index.php?rest_route=\/wp\/v2\/media\/38696"}],"wp:attachment":[{"href":"https:\/\/radiorevelacionfm.cl\/index.php?rest_route=%2Fwp%2Fv2%2Fmedia&parent=38695"}],"wp:term":[{"taxonomy":"category","embeddable":true,"href":"https:\/\/radiorevelacionfm.cl\/index.php?rest_route=%2Fwp%2Fv2%2Fcategories&post=38695"},{"taxonomy":"post_tag","embeddable":true,"href":"https:\/\/radiorevelacionfm.cl\/index.php?rest_route=%2Fwp%2Fv2%2Ftags&post=38695"}],"curies":[{"name":"wp","href":"https:\/\/api.w.org\/{rel}","templated":true}]}}