{"id":38691,"date":"2024-01-09T10:47:11","date_gmt":"2024-01-09T13:47:11","guid":{"rendered":"https:\/\/radiorevelacionfm.cl\/?p=38691"},"modified":"2024-01-09T10:47:11","modified_gmt":"2024-01-09T13:47:11","slug":"convocan-a-organizaciones-sociales-a-participar-de-nuevo-consejo-de-la-sociedad-civil","status":"publish","type":"post","link":"https:\/\/radiorevelacionfm.cl\/?p=38691","title":{"rendered":"Convocan a organizaciones sociales a participar de nuevo Consejo de la Sociedad Civil"},"content":{"rendered":"<div class=\"flex_column av_one_full  flex_column_div av-zero-column-padding first  avia-builder-el-0  el_before_av_one_full  avia-builder-el-first  \" style='border-radius:0px; '><div  class='avia-image-container  av-styling-    avia-builder-el-1  avia-builder-el-no-sibling  avia-align-center '  itemprop=\"image\" itemscope=\"itemscope\" itemtype=\"https:\/\/schema.org\/ImageObject\"  ><div class='avia-image-container-inner'><div class='avia-image-overlay-wrap'><img decoding=\"async\" class='wp-image-38692 avia-img-lazy-loading-not-38692 avia_image' src=\"https:\/\/radiorevelacionfm.cl\/wp-content\/uploads\/2024\/01\/Gobernadora-2024-01-08-1-1.jpeg\" alt='' title='Gobernadora 2024-01-08 (1) (1)' height=\"600\" width=\"1067\"  itemprop=\"thumbnailUrl\" srcset=\"https:\/\/radiorevelacionfm.cl\/wp-content\/uploads\/2024\/01\/Gobernadora-2024-01-08-1-1.jpeg 1067w, https:\/\/radiorevelacionfm.cl\/wp-content\/uploads\/2024\/01\/Gobernadora-2024-01-08-1-1-300x169.jpeg 300w, https:\/\/radiorevelacionfm.cl\/wp-content\/uploads\/2024\/01\/Gobernadora-2024-01-08-1-1-1030x579.jpeg 1030w, https:\/\/radiorevelacionfm.cl\/wp-content\/uploads\/2024\/01\/Gobernadora-2024-01-08-1-1-768x432.jpeg 768w, https:\/\/radiorevelacionfm.cl\/wp-content\/uploads\/2024\/01\/Gobernadora-2024-01-08-1-1-705x396.jpeg 705w, https:\/\/radiorevelacionfm.cl\/wp-content\/uploads\/2024\/01\/Gobernadora-2024-01-08-1-1-450x253.jpeg 450w, https:\/\/radiorevelacionfm.cl\/wp-content\/uploads\/2024\/01\/Gobernadora-2024-01-08-1-1-600x337.jpeg 600w\" sizes=\"(max-width: 1067px) 100vw, 1067px\" \/><\/div><\/div><\/div><\/div><div class=\"flex_column av_one_full  flex_column_div av-zero-column-padding first  avia-builder-el-2  el_after_av_one_full  el_before_av_one_full  column-top-margin\" style='border-radius:0px; '><section class=\"av_textblock_section \"  itemscope=\"itemscope\" itemtype=\"https:\/\/schema.org\/BlogPosting\" itemprop=\"blogPost\" ><div class='avia_textblock  '   itemprop=\"text\" ><p style=\"text-align: center;\"><strong><span style=\"font-size: 18pt;\">Convocan a organizaciones sociales a participar de nuevo Consejo de la Sociedad Civil<\/span><\/strong><\/p>\n<div id=\"gtx-trans\" style=\"position: absolute; left: -50px; top: 4.31534px;\">\n<div class=\"gtx-trans-icon\"><\/div>\n<\/div>\n<\/div><\/section><\/div><div class=\"flex_column av_one_full  flex_column_div av-zero-column-padding first  avia-builder-el-4  el_after_av_one_full  el_before_av_hr  column-top-margin\" style='border-radius:0px; '><section class=\"av_textblock_section \"  itemscope=\"itemscope\" itemtype=\"https:\/\/schema.org\/BlogPosting\" itemprop=\"blogPost\" ><div class='avia_textblock  '   itemprop=\"text\" ><p dir=\"ltr\" style=\"text-align: justify;\">Durante las \u00faltimas semanas desde las redes sociales del Gobierno Regional de Ays\u00e9n y de la Gobernadora Andrea Mac\u00edas Palma se ha hecho un enf\u00e1tico llamado a las organizaciones sociales de la Regi\u00f3n para inscribirse en el proceso de elecci\u00f3n del Consejo de la Sociedad Civil que se crear\u00e1 para el GORE.<\/p>\n<p dir=\"ltr\" style=\"text-align: justify;\">El COSOC GORE Ays\u00e9n ser\u00e1 un \u00f3rgano colegiado aut\u00f3nomo y de car\u00e1cter consultivo, conformado de manera diversa, representativa y pluralista por representantes de asociaciones sin fines de lucro, que tengan relaci\u00f3n con la misi\u00f3n y temas de competencia del Gobierno Regional.<\/p>\n<p dir=\"ltr\" style=\"text-align: justify;\">Seg\u00fan la Gobernadora si bien en Chile a\u00fan no se avanza hacia \u00abla participaci\u00f3n vinculante, sino que esta a\u00fan es s\u00f3lo consultiva, a\u00fan as\u00ed es fundamental en materia de inversi\u00f3n poder conocer cu\u00e1l es la visi\u00f3n que tienen las comunidades respecto de la inversi\u00f3n en sus territorios\u00bb.<\/p>\n<p dir=\"ltr\" style=\"text-align: justify;\">Esta instituci\u00f3n tendr\u00e1 adem\u00e1s dentro de sus objetivos promover y fortalecer la participaci\u00f3n ciudadana en el Gobierno Regional, fiscalizar el cumplimiento de las normas de participaci\u00f3n siendo \u00e9ste, parte activa de la gesti\u00f3n p\u00fablica regional en las instancias consultivas, propositivas y de control social.<\/p>\n<p dir=\"ltr\" style=\"text-align: justify;\">\u00abEstamos convencidos de que la participaci\u00f3n ciudadana ayuda al control social y por ende a fortalecer los v\u00ednculos entre las instituciones del Estado y las distintas comunidades. Es por eso que estamos haciendo un llamado a todas las organizaciones de la Regi\u00f3n de Ays\u00e9n, para que se inscriban y participen\u00bb, agreg\u00f3 la Gobernadora..<\/p>\n<p dir=\"ltr\" style=\"text-align: justify;\">Este \u00f3rgano estar\u00e1 integrado por representantes de organizaciones estudiantiles, territoriales y funcionales los que deben inscribirse en la p\u00e1gina web\u00a0<a href=\"http:\/\/aysenparticipa.cl\/\" target=\"_blank\" rel=\"noopener noreferrer\">aysenparticipa.cl<\/a>\u00a0y llenar un formulario en l\u00ednea.<\/p>\n<p dir=\"ltr\" style=\"text-align: justify;\">Con esto la organizaci\u00f3n podr\u00e1 participar del proceso de elecciones del COSOC. El plazo de inscripci\u00f3n se acaba el pr\u00f3ximo 17 de enero y hasta el 21 se podr\u00e1 hacer campa\u00f1a electoral. Luego se realizar\u00e1 una votaci\u00f3n electr\u00f3nica a trav\u00e9s de la plataforma E-Voting.<\/p>\n<\/div><\/section><\/div><div  style='height:50px' class='hr hr-invisible   avia-builder-el-6  el_after_av_one_full  el_before_av_social_share '><span class='hr-inner ' ><span class='hr-inner-style'><\/span><\/span><\/div><\/p>\n<div  class='av-social-sharing-box  avia-builder-el-7  el_after_av_hr  el_before_av_hr  '><div class='av-share-box'><h5 class='av-share-link-description av-no-toc '>Compartir esta noticia<\/h5><ul class='av-share-box-list noLightbox'><li class='av-share-link av-social-link-facebook' ><a target=\"_blank\" aria-label=\"Compartir en Facebook\" href='https:\/\/www.facebook.com\/sharer.php?u=https:\/\/radiorevelacionfm.cl\/?p=38691&#038;t=Convocan%20a%20organizaciones%20sociales%20a%20participar%20de%20nuevo%20Consejo%20de%20la%20Sociedad%20Civil' aria-hidden='false' data-av_icon='\ue8f3' data-av_iconfont='entypo-fontello' title='' data-avia-related-tooltip='Compartir en Facebook' rel=\"noopener\"><span class='avia_hidden_link_text'>Compartir en Facebook<\/span><\/a><\/li><li class='av-share-link av-social-link-twitter' ><a target=\"_blank\" aria-label=\"Compartir en Twitter\" href='https:\/\/twitter.com\/share?text=Convocan%20a%20organizaciones%20sociales%20a%20participar%20de%20nuevo%20Consejo%20de%20la%20Sociedad%20Civil&#038;url=https:\/\/radiorevelacionfm.cl\/?p=38691' aria-hidden='false' data-av_icon='\ue8f1' data-av_iconfont='entypo-fontello' title='' data-avia-related-tooltip='Compartir en Twitter' rel=\"noopener\"><span class='avia_hidden_link_text'>Compartir en Twitter<\/span><\/a><\/li><li class='av-share-link av-social-link-whatsapp' ><a target=\"_blank\" aria-label=\"Compartir en Whatsapp\" href='https:\/\/api.whatsapp.com\/send?text=https:\/\/radiorevelacionfm.cl\/?p=38691' aria-hidden='false' data-av_icon='\uf232' data-av_iconfont='entypo-fontello' title='' data-avia-related-tooltip='Compartir en Whatsapp' rel=\"noopener\"><span class='avia_hidden_link_text'>Compartir en Whatsapp<\/span><\/a><\/li><li class='av-share-link av-social-link-linkedin' ><a target=\"_blank\" aria-label=\"Compartir en LinkedIn\" href='https:\/\/linkedin.com\/shareArticle?mini=true&#038;title=Convocan%20a%20organizaciones%20sociales%20a%20participar%20de%20nuevo%20Consejo%20de%20la%20Sociedad%20Civil&#038;url=https:\/\/radiorevelacionfm.cl\/?p=38691' aria-hidden='false' data-av_icon='\ue8fc' data-av_iconfont='entypo-fontello' title='' data-avia-related-tooltip='Compartir en LinkedIn' rel=\"noopener\"><span class='avia_hidden_link_text'>Compartir en LinkedIn<\/span><\/a><\/li><li class='av-share-link av-social-link-mail' ><a  aria-label=\"Compartir por correo\" href='mailto:?subject=Convocan%20a%20organizaciones%20sociales%20a%20participar%20de%20nuevo%20Consejo%20de%20la%20Sociedad%20Civil&#038;body=https:\/\/radiorevelacionfm.cl\/?p=38691' aria-hidden='false' data-av_icon='\ue805' data-av_iconfont='entypo-fontello' title='' data-avia-related-tooltip='Compartir por correo'><span class='avia_hidden_link_text'>Compartir por correo<\/span><\/a><\/li><\/ul><\/div><\/div>\n<div  style='height:50px' class='hr hr-invisible   avia-builder-el-8  el_after_av_social_share  el_before_av_comments_list '><span class='hr-inner ' ><span class='hr-inner-style'><\/span><\/span><\/div>\n<div  class='av-buildercomment  av-blog-meta-html-info-disabled av-blog-meta-tag-disabled  '><\/div>\n","protected":false},"excerpt":{"rendered":"","protected":false},"author":1,"featured_media":38692,"comment_status":"open","ping_status":"open","sticky":false,"template":"","format":"standard","meta":{"footnotes":""},"categories":[38],"tags":[],"class_list":["post-38691","post","type-post","status-publish","format-standard","has-post-thumbnail","hentry","category-regional"],"jetpack_featured_media_url":"https:\/\/radiorevelacionfm.cl\/wp-content\/uploads\/2024\/01\/Gobernadora-2024-01-08-1-1.jpeg","_links":{"self":[{"href":"https:\/\/radiorevelacionfm.cl\/index.php?rest_route=\/wp\/v2\/posts\/38691","targetHints":{"allow":["GET"]}}],"collection":[{"href":"https:\/\/radiorevelacionfm.cl\/index.php?rest_route=\/wp\/v2\/posts"}],"about":[{"href":"https:\/\/radiorevelacionfm.cl\/index.php?rest_route=\/wp\/v2\/types\/post"}],"author":[{"embeddable":true,"href":"https:\/\/radiorevelacionfm.cl\/index.php?rest_route=\/wp\/v2\/users\/1"}],"replies":[{"embeddable":true,"href":"https:\/\/radiorevelacionfm.cl\/index.php?rest_route=%2Fwp%2Fv2%2Fcomments&post=38691"}],"version-history":[{"count":1,"href":"https:\/\/radiorevelacionfm.cl\/index.php?rest_route=\/wp\/v2\/posts\/38691\/revisions"}],"predecessor-version":[{"id":38693,"href":"https:\/\/radiorevelacionfm.cl\/index.php?rest_route=\/wp\/v2\/posts\/38691\/revisions\/38693"}],"wp:featuredmedia":[{"embeddable":true,"href":"https:\/\/radiorevelacionfm.cl\/index.php?rest_route=\/wp\/v2\/media\/38692"}],"wp:attachment":[{"href":"https:\/\/radiorevelacionfm.cl\/index.php?rest_route=%2Fwp%2Fv2%2Fmedia&parent=38691"}],"wp:term":[{"taxonomy":"category","embeddable":true,"href":"https:\/\/radiorevelacionfm.cl\/index.php?rest_route=%2Fwp%2Fv2%2Fcategories&post=38691"},{"taxonomy":"post_tag","embeddable":true,"href":"https:\/\/radiorevelacionfm.cl\/index.php?rest_route=%2Fwp%2Fv2%2Ftags&post=38691"}],"curies":[{"name":"wp","href":"https:\/\/api.w.org\/{rel}","templated":true}]}}