{"id":3869,"date":"2021-05-06T17:57:58","date_gmt":"2021-05-06T20:57:58","guid":{"rendered":"https:\/\/radiorevelacionfm.cl\/?p=3869"},"modified":"2021-05-06T17:57:58","modified_gmt":"2021-05-06T20:57:58","slug":"seremi-de-salud-todos-debemos-asumir-la-responsabilidad-en-el-aumento-de-casos-para-no-llegar-a-una-cuarentena","status":"publish","type":"post","link":"https:\/\/radiorevelacionfm.cl\/?p=3869","title":{"rendered":"Seremi de Salud \u201cTodos debemos asumir la responsabilidad en el aumento de casos para no llegar a una cuarentena\u201d"},"content":{"rendered":"<div class=\"flex_column av_one_full  flex_column_div av-zero-column-padding first  avia-builder-el-0  el_before_av_one_full  avia-builder-el-first  \" style='border-radius:0px; '><div  class='avia-image-container  av-styling-    avia-builder-el-1  avia-builder-el-no-sibling  avia-align-center '  itemprop=\"image\" itemscope=\"itemscope\" itemtype=\"https:\/\/schema.org\/ImageObject\"  ><div class='avia-image-container-inner'><div class='avia-image-overlay-wrap'><img decoding=\"async\" class='wp-image-3870 avia-img-lazy-loading-not-3870 avia_image' src=\"https:\/\/radiorevelacionfm.cl\/wp-content\/uploads\/2021\/05\/pcr1-1-1.jpg\" alt='' title='pcr1 (1) (1)' height=\"620\" width=\"1169\"  itemprop=\"thumbnailUrl\" srcset=\"https:\/\/radiorevelacionfm.cl\/wp-content\/uploads\/2021\/05\/pcr1-1-1.jpg 1169w, https:\/\/radiorevelacionfm.cl\/wp-content\/uploads\/2021\/05\/pcr1-1-1-300x159.jpg 300w, https:\/\/radiorevelacionfm.cl\/wp-content\/uploads\/2021\/05\/pcr1-1-1-1030x546.jpg 1030w, https:\/\/radiorevelacionfm.cl\/wp-content\/uploads\/2021\/05\/pcr1-1-1-768x407.jpg 768w, https:\/\/radiorevelacionfm.cl\/wp-content\/uploads\/2021\/05\/pcr1-1-1-705x374.jpg 705w, https:\/\/radiorevelacionfm.cl\/wp-content\/uploads\/2021\/05\/pcr1-1-1-600x318.jpg 600w\" sizes=\"(max-width: 1169px) 100vw, 1169px\" \/><\/div><\/div><\/div><\/div><div class=\"flex_column av_one_full  flex_column_div av-zero-column-padding first  avia-builder-el-2  el_after_av_one_full  el_before_av_one_full  column-top-margin\" style='border-radius:0px; '><section class=\"av_textblock_section \"  itemscope=\"itemscope\" itemtype=\"https:\/\/schema.org\/BlogPosting\" itemprop=\"blogPost\" ><div class='avia_textblock  '   itemprop=\"text\" ><p style=\"text-align: center;\"><strong><span style=\"font-size: 18pt;\">Seremi de Salud \u201cTodos debemos asumir la responsabilidad en el aumento de casos para no llegar a una cuarentena\u201d<\/span><\/strong><\/p>\n<div id=\"gtx-trans\" style=\"position: absolute; left: -50px; top: 4.31534px;\">\n<div class=\"gtx-trans-icon\"><\/div>\n<\/div>\n<\/div><\/section><\/div><div class=\"flex_column av_one_full  flex_column_div av-zero-column-padding first  avia-builder-el-4  el_after_av_one_full  el_before_av_hr  column-top-margin\" style='border-radius:0px; '><section class=\"av_textblock_section \"  itemscope=\"itemscope\" itemtype=\"https:\/\/schema.org\/BlogPosting\" itemprop=\"blogPost\" ><div class='avia_textblock  '   itemprop=\"text\" ><p style=\"text-align: justify;\">Pese a los distintos esfuerzos que se han efectuado para reforzar las medidas de autocuidado y as\u00ed evitar la propagaci\u00f3n de contagios por COVID-19 en la regi\u00f3n, en el transcurso de las \u00faltimas horas se han registrado aumentos explosivos de casos especialmente en la comuna de Coyhaique; situaci\u00f3n que sumado a otros factores como la ocupaci\u00f3n de camas cr\u00edticas y la tasa de positividad, tienen en alerta a las autoridades y equipos de salud regional, debido a que de mantenerse estos indicadores la comuna de Coyhaique podr\u00eda retroceder a Cuarentena.<\/p>\n<p style=\"text-align: justify;\">Frente a esta situaci\u00f3n, la Seremi de Salud Ays\u00e9n, Alejandra Valdebenito Torres, indic\u00f3 que el retroceso a cuarentena busca principalmente contener y disminuir los brotes por COVID-19, los cual no solo requerir\u00e1 de los esfuerzos de los equipos de salud, sino que del apoyo y colaboraci\u00f3n de la comunidad. \u201cNo debemos olvidarnos que la comuna de Coyhaique se encuentra en Fase 2 de Transici\u00f3n, por lo que si como comunidad no nos cuidamos y mantenemos nuestras medidas de resguardo sanitarios, podr\u00edamos incluso retroceder a una cuarentena.\u00a0 En los \u00faltimos 04 d\u00edas se han registrado cerca de 142 casos por COVID-19. Es por eso que debemos ser responsables a nivel individual y colectivo para contener el aumento de casos en la comuna de Coyhaique. M\u00e1s all\u00e1 de las acciones que se ejecuten por parte de los profesionales y equipos de la salud, necesitamos la colaboraci\u00f3n de la ciudadan\u00eda, debemos extremar las medidas de autocuidado para no llegar a una etapa de cuarentena, aqu\u00ed todos debemos asumir la responsabilidad en el aumento de casos, porque volver a Fase 1 es una situaci\u00f3n que nos afecta a todos\u201d.<\/p>\n<p style=\"text-align: justify;\">En este contexto, el epidemi\u00f3logo de la Unidad de Testeo, Trazabilidad y Aislamiento (UTTA), Marco Acu\u00f1a Briones, indic\u00f3 que uno de los factores que est\u00e1n siendo analizados es el progresivo aumento de contagios entre la poblaci\u00f3n m\u00e1s joven.\u00a0 \u201cEn las \u00faltimas 24 horas, de un total de 48 casos, 19 corresponden a poblaci\u00f3n de entre 20 a 30 a\u00f1os de edad (el 40%); situaci\u00f3n que est\u00e1 presentando un panorama epidemiol\u00f3gico distinto al observado en meses anteriores, ya que los casos por COVID-19 hoy se est\u00e1n concentrando en la poblaci\u00f3n m\u00e1s joven. Hacemos un llamado a este segmento de la poblaci\u00f3n que act\u00fae con responsabilidad, que utilice mascarilla, que evite las reuniones sociales, porque a lo mejor el contagio por COVID-19 se traduce para ellos en un resfr\u00edo leve; sin embargo, es probable que este virus act\u00fae en forma m\u00e1s agresiva si lo transmiten a su propio grupo familiar\u201d.<\/p>\n<p style=\"text-align: justify;\">Es por esta raz\u00f3n, que se hace un llamado a la comunidad a respetar las medidas sanitarias, especialmente durante este fin de semana, ya que la disminuci\u00f3n de casos \u2013 adem\u00e1s de los esfuerzos de los equipos de salud- tambi\u00e9n estar\u00e1 directamente relacionada con el comportamiento social de los habitantes de la capital regional.<\/p>\n<\/div><\/section><\/div><div  style='height:50px' class='hr hr-invisible   avia-builder-el-6  el_after_av_one_full  el_before_av_social_share '><span class='hr-inner ' ><span class='hr-inner-style'><\/span><\/span><\/div><\/p>\n<div  class='av-social-sharing-box  avia-builder-el-7  el_after_av_hr  el_before_av_hr  '><div class='av-share-box'><h5 class='av-share-link-description av-no-toc '>Compartir esta noticia<\/h5><ul class='av-share-box-list noLightbox'><li class='av-share-link av-social-link-facebook' ><a target=\"_blank\" aria-label=\"Compartir en Facebook\" href='https:\/\/www.facebook.com\/sharer.php?u=https:\/\/radiorevelacionfm.cl\/?p=3869&#038;t=Seremi%20de%20Salud%20%E2%80%9CTodos%20debemos%20asumir%20la%20responsabilidad%20en%20el%20aumento%20de%20casos%20para%20no%20llegar%20a%20una%20cuarentena%E2%80%9D' aria-hidden='false' data-av_icon='\ue8f3' data-av_iconfont='entypo-fontello' title='' data-avia-related-tooltip='Compartir en Facebook' rel=\"noopener\"><span class='avia_hidden_link_text'>Compartir en Facebook<\/span><\/a><\/li><li class='av-share-link av-social-link-twitter' ><a target=\"_blank\" aria-label=\"Compartir en Twitter\" href='https:\/\/twitter.com\/share?text=Seremi%20de%20Salud%20%E2%80%9CTodos%20debemos%20asumir%20la%20responsabilidad%20en%20el%20aumento%20de%20casos%20para%20no%20llegar%20a%20una%20cuarentena%E2%80%9D&#038;url=https:\/\/radiorevelacionfm.cl\/?p=3869' aria-hidden='false' data-av_icon='\ue8f1' data-av_iconfont='entypo-fontello' title='' data-avia-related-tooltip='Compartir en Twitter' rel=\"noopener\"><span class='avia_hidden_link_text'>Compartir en Twitter<\/span><\/a><\/li><li class='av-share-link av-social-link-whatsapp' ><a target=\"_blank\" aria-label=\"Compartir en Whatsapp\" href='https:\/\/api.whatsapp.com\/send?text=https:\/\/radiorevelacionfm.cl\/?p=3869' aria-hidden='false' data-av_icon='\uf232' data-av_iconfont='entypo-fontello' title='' data-avia-related-tooltip='Compartir en Whatsapp' rel=\"noopener\"><span class='avia_hidden_link_text'>Compartir en Whatsapp<\/span><\/a><\/li><li class='av-share-link av-social-link-linkedin' ><a target=\"_blank\" aria-label=\"Compartir en LinkedIn\" href='https:\/\/linkedin.com\/shareArticle?mini=true&#038;title=Seremi%20de%20Salud%20%E2%80%9CTodos%20debemos%20asumir%20la%20responsabilidad%20en%20el%20aumento%20de%20casos%20para%20no%20llegar%20a%20una%20cuarentena%E2%80%9D&#038;url=https:\/\/radiorevelacionfm.cl\/?p=3869' aria-hidden='false' data-av_icon='\ue8fc' data-av_iconfont='entypo-fontello' title='' data-avia-related-tooltip='Compartir en LinkedIn' rel=\"noopener\"><span class='avia_hidden_link_text'>Compartir en LinkedIn<\/span><\/a><\/li><li class='av-share-link av-social-link-mail' ><a  aria-label=\"Compartir por correo\" href='mailto:?subject=Seremi%20de%20Salud%20%E2%80%9CTodos%20debemos%20asumir%20la%20responsabilidad%20en%20el%20aumento%20de%20casos%20para%20no%20llegar%20a%20una%20cuarentena%E2%80%9D&#038;body=https:\/\/radiorevelacionfm.cl\/?p=3869' aria-hidden='false' data-av_icon='\ue805' data-av_iconfont='entypo-fontello' title='' data-avia-related-tooltip='Compartir por correo'><span class='avia_hidden_link_text'>Compartir por correo<\/span><\/a><\/li><\/ul><\/div><\/div>\n<div  style='height:50px' class='hr hr-invisible   avia-builder-el-8  el_after_av_social_share  el_before_av_comments_list '><span class='hr-inner ' ><span class='hr-inner-style'><\/span><\/span><\/div>\n<div  class='av-buildercomment  av-blog-meta-html-info-disabled av-blog-meta-tag-disabled  '><\/div>\n","protected":false},"excerpt":{"rendered":"","protected":false},"author":1,"featured_media":3870,"comment_status":"open","ping_status":"open","sticky":false,"template":"","format":"standard","meta":{"footnotes":""},"categories":[46],"tags":[],"class_list":["post-3869","post","type-post","status-publish","format-standard","has-post-thumbnail","hentry","category-salud"],"jetpack_featured_media_url":"https:\/\/radiorevelacionfm.cl\/wp-content\/uploads\/2021\/05\/pcr1-1-1.jpg","_links":{"self":[{"href":"https:\/\/radiorevelacionfm.cl\/index.php?rest_route=\/wp\/v2\/posts\/3869","targetHints":{"allow":["GET"]}}],"collection":[{"href":"https:\/\/radiorevelacionfm.cl\/index.php?rest_route=\/wp\/v2\/posts"}],"about":[{"href":"https:\/\/radiorevelacionfm.cl\/index.php?rest_route=\/wp\/v2\/types\/post"}],"author":[{"embeddable":true,"href":"https:\/\/radiorevelacionfm.cl\/index.php?rest_route=\/wp\/v2\/users\/1"}],"replies":[{"embeddable":true,"href":"https:\/\/radiorevelacionfm.cl\/index.php?rest_route=%2Fwp%2Fv2%2Fcomments&post=3869"}],"version-history":[{"count":1,"href":"https:\/\/radiorevelacionfm.cl\/index.php?rest_route=\/wp\/v2\/posts\/3869\/revisions"}],"predecessor-version":[{"id":3871,"href":"https:\/\/radiorevelacionfm.cl\/index.php?rest_route=\/wp\/v2\/posts\/3869\/revisions\/3871"}],"wp:featuredmedia":[{"embeddable":true,"href":"https:\/\/radiorevelacionfm.cl\/index.php?rest_route=\/wp\/v2\/media\/3870"}],"wp:attachment":[{"href":"https:\/\/radiorevelacionfm.cl\/index.php?rest_route=%2Fwp%2Fv2%2Fmedia&parent=3869"}],"wp:term":[{"taxonomy":"category","embeddable":true,"href":"https:\/\/radiorevelacionfm.cl\/index.php?rest_route=%2Fwp%2Fv2%2Fcategories&post=3869"},{"taxonomy":"post_tag","embeddable":true,"href":"https:\/\/radiorevelacionfm.cl\/index.php?rest_route=%2Fwp%2Fv2%2Ftags&post=3869"}],"curies":[{"name":"wp","href":"https:\/\/api.w.org\/{rel}","templated":true}]}}