{"id":38682,"date":"2024-01-08T17:51:02","date_gmt":"2024-01-08T20:51:02","guid":{"rendered":"https:\/\/radiorevelacionfm.cl\/?p=38682"},"modified":"2024-01-08T17:51:02","modified_gmt":"2024-01-08T20:51:02","slug":"seleccion-sub-17-de-coyhaique-se-prepara-para-participar-en-nacional-juvenil-de-futbol-amateur-nuble-2024","status":"publish","type":"post","link":"https:\/\/radiorevelacionfm.cl\/?p=38682","title":{"rendered":"Selecci\u00f3n sub-17 de Coyhaique se prepara para participar en Nacional Juvenil de f\u00fatbol amateur \u00d1uble 2024"},"content":{"rendered":"<div class=\"flex_column av_one_full  flex_column_div av-zero-column-padding first  avia-builder-el-0  el_before_av_one_full  avia-builder-el-first  \" style='border-radius:0px; '><div  class='avia-image-container  av-styling-    avia-builder-el-1  avia-builder-el-no-sibling  avia-align-center '  itemprop=\"image\" itemscope=\"itemscope\" itemtype=\"https:\/\/schema.org\/ImageObject\"  ><div class='avia-image-container-inner'><div class='avia-image-overlay-wrap'><img decoding=\"async\" class='wp-image-38683 avia-img-lazy-loading-not-38683 avia_image' src=\"https:\/\/radiorevelacionfm.cl\/wp-content\/uploads\/2024\/01\/seleccion-sub17-1_optimized-1.jpeg\" alt='' title='seleccion-sub17-(1)_optimized (1)' height=\"600\" width=\"800\"  itemprop=\"thumbnailUrl\" srcset=\"https:\/\/radiorevelacionfm.cl\/wp-content\/uploads\/2024\/01\/seleccion-sub17-1_optimized-1.jpeg 800w, https:\/\/radiorevelacionfm.cl\/wp-content\/uploads\/2024\/01\/seleccion-sub17-1_optimized-1-300x225.jpeg 300w, https:\/\/radiorevelacionfm.cl\/wp-content\/uploads\/2024\/01\/seleccion-sub17-1_optimized-1-768x576.jpeg 768w, https:\/\/radiorevelacionfm.cl\/wp-content\/uploads\/2024\/01\/seleccion-sub17-1_optimized-1-705x529.jpeg 705w, https:\/\/radiorevelacionfm.cl\/wp-content\/uploads\/2024\/01\/seleccion-sub17-1_optimized-1-450x338.jpeg 450w, https:\/\/radiorevelacionfm.cl\/wp-content\/uploads\/2024\/01\/seleccion-sub17-1_optimized-1-600x450.jpeg 600w\" sizes=\"(max-width: 800px) 100vw, 800px\" \/><\/div><\/div><\/div><\/div><div class=\"flex_column av_one_full  flex_column_div av-zero-column-padding first  avia-builder-el-2  el_after_av_one_full  el_before_av_one_full  column-top-margin\" style='border-radius:0px; '><section class=\"av_textblock_section \"  itemscope=\"itemscope\" itemtype=\"https:\/\/schema.org\/BlogPosting\" itemprop=\"blogPost\" ><div class='avia_textblock  '   itemprop=\"text\" ><p style=\"text-align: center;\"><strong><span style=\"font-size: 18pt;\">Selecci\u00f3n sub-17 de Coyhaique se prepara para participar en Nacional Juvenil de f\u00fatbol amateur \u00d1uble 2024<\/span><\/strong><\/p>\n<div id=\"gtx-trans\" style=\"position: absolute; left: -50px; top: 4.31534px;\">\n<div class=\"gtx-trans-icon\"><\/div>\n<\/div>\n<\/div><\/section><\/div><div class=\"flex_column av_one_full  flex_column_div av-zero-column-padding first  avia-builder-el-4  el_after_av_one_full  el_before_av_hr  column-top-margin\" style='border-radius:0px; '><section class=\"av_textblock_section \"  itemscope=\"itemscope\" itemtype=\"https:\/\/schema.org\/BlogPosting\" itemprop=\"blogPost\" ><div class='avia_textblock  '   itemprop=\"text\" ><p style=\"text-align: justify;\"><em>Los j\u00f3venes futbolista, que ganaron el triangular regional en octubre y noviembre, est\u00e1n extasiados con la idea de viajar mientras m\u00e1s se acerca la fecha de partir a la regi\u00f3n del \u00d1uble.<\/em><\/p>\n<p style=\"text-align: justify;\">Gracias a la gran participaci\u00f3n de la selecci\u00f3n coyhaiquina de f\u00fatbol Sub-17 masculina, que gan\u00f3 la final 3-1 de visita y 2-0 de local contra sus semejantes de Puerto Ays\u00e9n, obtuvieron los pasajes directos a enfrentarse a las mejores selecciones regionales de Chile en la ciudad de Chill\u00e1n desde el 9 al 21 de enero del 2024.<\/p>\n<p style=\"text-align: justify;\">En la primera fase del torneo \u201cNacional juvenil de f\u00fatbol Amateur \u00d1uble 2024\u201d, consta de una preliminar con cuatro grupos, en cual el grupo A (donde est\u00e1 Coyhaique) est\u00e1 conformado por cinco selecciones, mientras los otros tres cuentan con cuatro equipos cada uno.<\/p>\n<p style=\"text-align: justify;\">Los coyhaiquinos se encontrar\u00e1n a la selecci\u00f3n due\u00f1a de casa, Chill\u00e1n, adem\u00e1s de los nortinos de las regiones de Atacama, Antofagasta y Arica y Parinacota. A pesar de que puede entenderse como adversarios complicados para el nivel que presenta la regi\u00f3n, el entrenador de la Sub-17, Ren\u00e9 Alarc\u00f3n, lo cataloga como \u201cun gran desafio\u201d.<\/p>\n<p style=\"text-align: justify;\">En cuanto la experiencia que han tenido los seleccionados de Coyhaique, el entrenador mencion\u00f3 que los 17 j\u00f3venes viajar\u00e1n con el cuerpo t\u00e9cnico conformado por seis personas, lo que hacen un total de 23 personas que viajar\u00e1n a representar a la comuna y la regi\u00f3n.<\/p>\n<p style=\"text-align: justify;\">Los clasificados ayseninos comenzar\u00e1n su traves\u00eda en el torneo enfrent\u00e1ndose al conjunto antofagastino el 9 de enero a las 19:00 hrs, contin\u00faan el d\u00eda 10 contra Atacama a las 21:00 hrs, luego de una fecha de descanso se entrever\u00e1n con los representantes de Arica y Parinacota a las 19:00 hrs, y terminan la fase de grupos el d\u00eda 13 contra los locales a las 21:00 hrs, todos los encuentros en el mismo recinto deportivo.<\/p>\n<\/div><\/section><\/div><div  style='height:50px' class='hr hr-invisible   avia-builder-el-6  el_after_av_one_full  el_before_av_social_share '><span class='hr-inner ' ><span class='hr-inner-style'><\/span><\/span><\/div><\/p>\n<div  class='av-social-sharing-box  avia-builder-el-7  el_after_av_hr  el_before_av_hr  '><div class='av-share-box'><h5 class='av-share-link-description av-no-toc '>Compartir esta noticia<\/h5><ul class='av-share-box-list noLightbox'><li class='av-share-link av-social-link-facebook' ><a target=\"_blank\" aria-label=\"Compartir en Facebook\" href='https:\/\/www.facebook.com\/sharer.php?u=https:\/\/radiorevelacionfm.cl\/?p=38682&#038;t=Selecci%C3%B3n%20sub-17%20de%20Coyhaique%20se%20prepara%20para%20participar%20en%20Nacional%20Juvenil%20de%20f%C3%BAtbol%20amateur%20%C3%91uble%202024' aria-hidden='false' data-av_icon='\ue8f3' data-av_iconfont='entypo-fontello' title='' data-avia-related-tooltip='Compartir en Facebook' rel=\"noopener\"><span class='avia_hidden_link_text'>Compartir en Facebook<\/span><\/a><\/li><li class='av-share-link av-social-link-twitter' ><a target=\"_blank\" aria-label=\"Compartir en Twitter\" href='https:\/\/twitter.com\/share?text=Selecci%C3%B3n%20sub-17%20de%20Coyhaique%20se%20prepara%20para%20participar%20en%20Nacional%20Juvenil%20de%20f%C3%BAtbol%20amateur%20%C3%91uble%202024&#038;url=https:\/\/radiorevelacionfm.cl\/?p=38682' aria-hidden='false' data-av_icon='\ue8f1' data-av_iconfont='entypo-fontello' title='' data-avia-related-tooltip='Compartir en Twitter' rel=\"noopener\"><span class='avia_hidden_link_text'>Compartir en Twitter<\/span><\/a><\/li><li class='av-share-link av-social-link-whatsapp' ><a target=\"_blank\" aria-label=\"Compartir en Whatsapp\" href='https:\/\/api.whatsapp.com\/send?text=https:\/\/radiorevelacionfm.cl\/?p=38682' aria-hidden='false' data-av_icon='\uf232' data-av_iconfont='entypo-fontello' title='' data-avia-related-tooltip='Compartir en Whatsapp' rel=\"noopener\"><span class='avia_hidden_link_text'>Compartir en Whatsapp<\/span><\/a><\/li><li class='av-share-link av-social-link-linkedin' ><a target=\"_blank\" aria-label=\"Compartir en LinkedIn\" href='https:\/\/linkedin.com\/shareArticle?mini=true&#038;title=Selecci%C3%B3n%20sub-17%20de%20Coyhaique%20se%20prepara%20para%20participar%20en%20Nacional%20Juvenil%20de%20f%C3%BAtbol%20amateur%20%C3%91uble%202024&#038;url=https:\/\/radiorevelacionfm.cl\/?p=38682' aria-hidden='false' data-av_icon='\ue8fc' data-av_iconfont='entypo-fontello' title='' data-avia-related-tooltip='Compartir en LinkedIn' rel=\"noopener\"><span class='avia_hidden_link_text'>Compartir en LinkedIn<\/span><\/a><\/li><li class='av-share-link av-social-link-mail' ><a  aria-label=\"Compartir por correo\" href='mailto:?subject=Selecci%C3%B3n%20sub-17%20de%20Coyhaique%20se%20prepara%20para%20participar%20en%20Nacional%20Juvenil%20de%20f%C3%BAtbol%20amateur%20%C3%91uble%202024&#038;body=https:\/\/radiorevelacionfm.cl\/?p=38682' aria-hidden='false' data-av_icon='\ue805' data-av_iconfont='entypo-fontello' title='' data-avia-related-tooltip='Compartir por correo'><span class='avia_hidden_link_text'>Compartir por correo<\/span><\/a><\/li><\/ul><\/div><\/div>\n<div  style='height:50px' class='hr hr-invisible   avia-builder-el-8  el_after_av_social_share  el_before_av_comments_list '><span class='hr-inner ' ><span class='hr-inner-style'><\/span><\/span><\/div>\n<div  class='av-buildercomment  av-blog-meta-html-info-disabled av-blog-meta-tag-disabled  '><\/div>\n","protected":false},"excerpt":{"rendered":"","protected":false},"author":1,"featured_media":38683,"comment_status":"open","ping_status":"open","sticky":false,"template":"","format":"standard","meta":{"footnotes":""},"categories":[40],"tags":[],"class_list":["post-38682","post","type-post","status-publish","format-standard","has-post-thumbnail","hentry","category-deportes"],"jetpack_featured_media_url":"https:\/\/radiorevelacionfm.cl\/wp-content\/uploads\/2024\/01\/seleccion-sub17-1_optimized-1.jpeg","_links":{"self":[{"href":"https:\/\/radiorevelacionfm.cl\/index.php?rest_route=\/wp\/v2\/posts\/38682","targetHints":{"allow":["GET"]}}],"collection":[{"href":"https:\/\/radiorevelacionfm.cl\/index.php?rest_route=\/wp\/v2\/posts"}],"about":[{"href":"https:\/\/radiorevelacionfm.cl\/index.php?rest_route=\/wp\/v2\/types\/post"}],"author":[{"embeddable":true,"href":"https:\/\/radiorevelacionfm.cl\/index.php?rest_route=\/wp\/v2\/users\/1"}],"replies":[{"embeddable":true,"href":"https:\/\/radiorevelacionfm.cl\/index.php?rest_route=%2Fwp%2Fv2%2Fcomments&post=38682"}],"version-history":[{"count":1,"href":"https:\/\/radiorevelacionfm.cl\/index.php?rest_route=\/wp\/v2\/posts\/38682\/revisions"}],"predecessor-version":[{"id":38684,"href":"https:\/\/radiorevelacionfm.cl\/index.php?rest_route=\/wp\/v2\/posts\/38682\/revisions\/38684"}],"wp:featuredmedia":[{"embeddable":true,"href":"https:\/\/radiorevelacionfm.cl\/index.php?rest_route=\/wp\/v2\/media\/38683"}],"wp:attachment":[{"href":"https:\/\/radiorevelacionfm.cl\/index.php?rest_route=%2Fwp%2Fv2%2Fmedia&parent=38682"}],"wp:term":[{"taxonomy":"category","embeddable":true,"href":"https:\/\/radiorevelacionfm.cl\/index.php?rest_route=%2Fwp%2Fv2%2Fcategories&post=38682"},{"taxonomy":"post_tag","embeddable":true,"href":"https:\/\/radiorevelacionfm.cl\/index.php?rest_route=%2Fwp%2Fv2%2Ftags&post=38682"}],"curies":[{"name":"wp","href":"https:\/\/api.w.org\/{rel}","templated":true}]}}