{"id":38679,"date":"2024-01-08T21:07:33","date_gmt":"2024-01-09T00:07:33","guid":{"rendered":"https:\/\/radiorevelacionfm.cl\/?p=38679"},"modified":"2024-01-08T21:07:33","modified_gmt":"2024-01-09T00:07:33","slug":"diputada-raphael-la-reforma-educacional-fue-un-fracaso-y-acrecento-la-desigualdad","status":"publish","type":"post","link":"https:\/\/radiorevelacionfm.cl\/?p=38679","title":{"rendered":"Diputada Raphael: \u201cLa reforma educacional fue un fracaso y acrecent\u00f3 la desigualdad\u201d"},"content":{"rendered":"<div class=\"flex_column av_one_full  flex_column_div av-zero-column-padding first  avia-builder-el-0  el_before_av_one_full  avia-builder-el-first  \" style='border-radius:0px; '><div  class='avia-image-container  av-styling-    avia-builder-el-1  avia-builder-el-no-sibling  avia-align-center '  itemprop=\"image\" itemscope=\"itemscope\" itemtype=\"https:\/\/schema.org\/ImageObject\"  ><div class='avia-image-container-inner'><div class='avia-image-overlay-wrap'><img decoding=\"async\" class='wp-image-38680 avia-img-lazy-loading-not-38680 avia_image' src=\"https:\/\/radiorevelacionfm.cl\/wp-content\/uploads\/2024\/01\/Diputada-Raphael-1-1.jpeg\" alt='' title='Diputada Raphael (1) (1)' height=\"600\" width=\"900\"  itemprop=\"thumbnailUrl\" srcset=\"https:\/\/radiorevelacionfm.cl\/wp-content\/uploads\/2024\/01\/Diputada-Raphael-1-1.jpeg 900w, https:\/\/radiorevelacionfm.cl\/wp-content\/uploads\/2024\/01\/Diputada-Raphael-1-1-300x200.jpeg 300w, https:\/\/radiorevelacionfm.cl\/wp-content\/uploads\/2024\/01\/Diputada-Raphael-1-1-768x512.jpeg 768w, https:\/\/radiorevelacionfm.cl\/wp-content\/uploads\/2024\/01\/Diputada-Raphael-1-1-705x470.jpeg 705w, https:\/\/radiorevelacionfm.cl\/wp-content\/uploads\/2024\/01\/Diputada-Raphael-1-1-450x300.jpeg 450w, https:\/\/radiorevelacionfm.cl\/wp-content\/uploads\/2024\/01\/Diputada-Raphael-1-1-600x400.jpeg 600w\" sizes=\"(max-width: 900px) 100vw, 900px\" \/><\/div><\/div><\/div><\/div><div class=\"flex_column av_one_full  flex_column_div av-zero-column-padding first  avia-builder-el-2  el_after_av_one_full  el_before_av_one_full  column-top-margin\" style='border-radius:0px; '><section class=\"av_textblock_section \"  itemscope=\"itemscope\" itemtype=\"https:\/\/schema.org\/BlogPosting\" itemprop=\"blogPost\" ><div class='avia_textblock  '   itemprop=\"text\" ><p style=\"text-align: center;\"><strong><span style=\"font-size: 18pt;\">Diputada Raphael: \u201cLa reforma educacional fue un fracaso y acrecent\u00f3 la desigualdad\u201d<\/span><\/strong><\/p>\n<div id=\"gtx-trans\" style=\"position: absolute; left: -50px; top: 4.31534px;\">\n<div class=\"gtx-trans-icon\"><\/div>\n<\/div>\n<\/div><\/section><\/div><div class=\"flex_column av_one_full  flex_column_div av-zero-column-padding first  avia-builder-el-4  el_after_av_one_full  el_before_av_hr  column-top-margin\" style='border-radius:0px; '><section class=\"av_textblock_section \"  itemscope=\"itemscope\" itemtype=\"https:\/\/schema.org\/BlogPosting\" itemprop=\"blogPost\" ><div class='avia_textblock  '   itemprop=\"text\" ><p style=\"text-align: justify;\">La diputada Marcia Raphael integrante de la Comisi\u00f3n de Educaci\u00f3n, lament\u00f3 los resultados de la PAES, en donde se demuestra a juicio de la legisladora, el debilitamiento de la educaci\u00f3n p\u00fablica y de la particular subvencionada, que por mucho tiempo se convirti\u00f3 en una oportunidad real para los ni\u00f1os y j\u00f3venes de clase media de Chile y de la regi\u00f3n de Ays\u00e9n.<\/p>\n<p style=\"text-align: justify;\">Cabe se\u00f1alar que dentro del ranking de los 100 establecimientos con mejores puntajes en la prueba de acceso a la educaci\u00f3n superior (PAES), destacan 97 colegios privados pagados, dos particulares subvencionados y apenas un establecimiento p\u00fablico. Para la legisladora por Ays\u00e9n, esto demuestra el fracaso de la reforma de la nueva educaci\u00f3n p\u00fablica que entr\u00f3 en vigencia en 2017 y que claramente debilit\u00f3 profundamente la educaci\u00f3n p\u00fablica y la educaci\u00f3n subvencionada.<\/p>\n<p style=\"text-align: justify;\">\u201cLa educaci\u00f3n vive una crisis generalizada que se refleja en distintos instrumentos de medici\u00f3n, entre ellos la PAES. El estado lo est\u00e1 haciendo p\u00e9simo en educaci\u00f3n hace varios a\u00f1os, lo que nos pone una tarea por delante; poder cuanto antes enmendar el rumbo y enfocarnos en lo que realmente importa, la calidad en la educaci\u00f3n y poder avanzar en pol\u00edticas p\u00fablicas concretas que permitan que las brechas econ\u00f3micas, que se acrecentaron a\u00fan m\u00e1s con la reforma de la Ex Presidente Bachelet puedan disminuirse y que lamentablemente incidi\u00f3 tambi\u00e9n en que los padres ya no puedan elegir la educaci\u00f3n de sus hijos, lo que es un profundo error\u201d, se\u00f1al\u00f3 Raphael.<\/p>\n<p style=\"text-align: justify;\">Para la legisladora, es urgente avanzar en iniciativas que permitan mejorar la educaci\u00f3n p\u00fablica y tambi\u00e9n la educaci\u00f3n subvencionada, en donde estudia el 54 y 35% de los alumnos, respectivamente. Agregando que, desde su rol en la Comisi\u00f3n de Educaci\u00f3n, ha sido enf\u00e1tica en se\u00f1alar al ejecutivo, la crisis que vive la educaci\u00f3n en general y las brechas existentes, que seg\u00fan diversos estudios empiezan a generarse desde la etapa preescolar, para luego avanzar a la educaci\u00f3n b\u00e1sica y media.<\/p>\n<p style=\"text-align: justify;\">Por otra parte, Raphael lamenta la ca\u00edda en los rankings de los Liceos Emblem\u00e1ticos, como por ejemplo del Instituto Nacional, que en apenas cinco a\u00f1os descendi\u00f3 del lugar 99 al 267, lo que coincide con la crisis de violencia que vive el establecimiento.<\/p>\n<p style=\"text-align: justify;\">\u201cDesde la Comisi\u00f3n de Educaci\u00f3n de la C\u00e1mara, hemos sido enf\u00e1ticos los distintos diputados de oposici\u00f3n, en instar al Gobierno a que presente una agenda legislativa que se preocupe de fortalecer los procesos educativos y enfrentar la p\u00e9sima calidad educacional que se les est\u00e1 entregando a los ni\u00f1os de Chile y Ays\u00e9n. Es momento de que el gobierno deje la ideolog\u00eda de lado y se preocupe de lo relevante. Recordemos que quienes nos gobiernan se hicieron conocidos por las manifestaciones a favor de mejorar la educaci\u00f3n, sin embargo, hemos seguido empeorando, pagando lamentablemente los costos los alumnos m\u00e1s vulnerables de Chile\u201d sentenci\u00f3 Raphael.<\/p>\n<\/div><\/section><\/div><div  style='height:50px' class='hr hr-invisible   avia-builder-el-6  el_after_av_one_full  el_before_av_social_share '><span class='hr-inner ' ><span class='hr-inner-style'><\/span><\/span><\/div><\/p>\n<div  class='av-social-sharing-box  avia-builder-el-7  el_after_av_hr  el_before_av_hr  '><div class='av-share-box'><h5 class='av-share-link-description av-no-toc '>Compartir esta noticia<\/h5><ul class='av-share-box-list noLightbox'><li class='av-share-link av-social-link-facebook' ><a target=\"_blank\" aria-label=\"Compartir en Facebook\" href='https:\/\/www.facebook.com\/sharer.php?u=https:\/\/radiorevelacionfm.cl\/?p=38679&#038;t=Diputada%20Raphael%3A%20%E2%80%9CLa%20reforma%20educacional%20fue%20un%20fracaso%20y%20acrecent%C3%B3%20la%20desigualdad%E2%80%9D' aria-hidden='false' data-av_icon='\ue8f3' data-av_iconfont='entypo-fontello' title='' data-avia-related-tooltip='Compartir en Facebook' rel=\"noopener\"><span class='avia_hidden_link_text'>Compartir en Facebook<\/span><\/a><\/li><li class='av-share-link av-social-link-twitter' ><a target=\"_blank\" aria-label=\"Compartir en Twitter\" href='https:\/\/twitter.com\/share?text=Diputada%20Raphael%3A%20%E2%80%9CLa%20reforma%20educacional%20fue%20un%20fracaso%20y%20acrecent%C3%B3%20la%20desigualdad%E2%80%9D&#038;url=https:\/\/radiorevelacionfm.cl\/?p=38679' aria-hidden='false' data-av_icon='\ue8f1' data-av_iconfont='entypo-fontello' title='' data-avia-related-tooltip='Compartir en Twitter' rel=\"noopener\"><span class='avia_hidden_link_text'>Compartir en Twitter<\/span><\/a><\/li><li class='av-share-link av-social-link-whatsapp' ><a target=\"_blank\" aria-label=\"Compartir en Whatsapp\" href='https:\/\/api.whatsapp.com\/send?text=https:\/\/radiorevelacionfm.cl\/?p=38679' aria-hidden='false' data-av_icon='\uf232' data-av_iconfont='entypo-fontello' title='' data-avia-related-tooltip='Compartir en Whatsapp' rel=\"noopener\"><span class='avia_hidden_link_text'>Compartir en Whatsapp<\/span><\/a><\/li><li class='av-share-link av-social-link-linkedin' ><a target=\"_blank\" aria-label=\"Compartir en LinkedIn\" href='https:\/\/linkedin.com\/shareArticle?mini=true&#038;title=Diputada%20Raphael%3A%20%E2%80%9CLa%20reforma%20educacional%20fue%20un%20fracaso%20y%20acrecent%C3%B3%20la%20desigualdad%E2%80%9D&#038;url=https:\/\/radiorevelacionfm.cl\/?p=38679' aria-hidden='false' data-av_icon='\ue8fc' data-av_iconfont='entypo-fontello' title='' data-avia-related-tooltip='Compartir en LinkedIn' rel=\"noopener\"><span class='avia_hidden_link_text'>Compartir en LinkedIn<\/span><\/a><\/li><li class='av-share-link av-social-link-mail' ><a  aria-label=\"Compartir por correo\" href='mailto:?subject=Diputada%20Raphael%3A%20%E2%80%9CLa%20reforma%20educacional%20fue%20un%20fracaso%20y%20acrecent%C3%B3%20la%20desigualdad%E2%80%9D&#038;body=https:\/\/radiorevelacionfm.cl\/?p=38679' aria-hidden='false' data-av_icon='\ue805' data-av_iconfont='entypo-fontello' title='' data-avia-related-tooltip='Compartir por correo'><span class='avia_hidden_link_text'>Compartir por correo<\/span><\/a><\/li><\/ul><\/div><\/div>\n<div  style='height:50px' class='hr hr-invisible   avia-builder-el-8  el_after_av_social_share  el_before_av_comments_list '><span class='hr-inner ' ><span class='hr-inner-style'><\/span><\/span><\/div>\n<div  class='av-buildercomment  av-blog-meta-html-info-disabled av-blog-meta-tag-disabled  '><\/div>\n","protected":false},"excerpt":{"rendered":"","protected":false},"author":1,"featured_media":38680,"comment_status":"open","ping_status":"open","sticky":false,"template":"","format":"standard","meta":{"footnotes":""},"categories":[35],"tags":[],"class_list":["post-38679","post","type-post","status-publish","format-standard","has-post-thumbnail","hentry","category-politica"],"jetpack_featured_media_url":"https:\/\/radiorevelacionfm.cl\/wp-content\/uploads\/2024\/01\/Diputada-Raphael-1-1.jpeg","_links":{"self":[{"href":"https:\/\/radiorevelacionfm.cl\/index.php?rest_route=\/wp\/v2\/posts\/38679","targetHints":{"allow":["GET"]}}],"collection":[{"href":"https:\/\/radiorevelacionfm.cl\/index.php?rest_route=\/wp\/v2\/posts"}],"about":[{"href":"https:\/\/radiorevelacionfm.cl\/index.php?rest_route=\/wp\/v2\/types\/post"}],"author":[{"embeddable":true,"href":"https:\/\/radiorevelacionfm.cl\/index.php?rest_route=\/wp\/v2\/users\/1"}],"replies":[{"embeddable":true,"href":"https:\/\/radiorevelacionfm.cl\/index.php?rest_route=%2Fwp%2Fv2%2Fcomments&post=38679"}],"version-history":[{"count":1,"href":"https:\/\/radiorevelacionfm.cl\/index.php?rest_route=\/wp\/v2\/posts\/38679\/revisions"}],"predecessor-version":[{"id":38681,"href":"https:\/\/radiorevelacionfm.cl\/index.php?rest_route=\/wp\/v2\/posts\/38679\/revisions\/38681"}],"wp:featuredmedia":[{"embeddable":true,"href":"https:\/\/radiorevelacionfm.cl\/index.php?rest_route=\/wp\/v2\/media\/38680"}],"wp:attachment":[{"href":"https:\/\/radiorevelacionfm.cl\/index.php?rest_route=%2Fwp%2Fv2%2Fmedia&parent=38679"}],"wp:term":[{"taxonomy":"category","embeddable":true,"href":"https:\/\/radiorevelacionfm.cl\/index.php?rest_route=%2Fwp%2Fv2%2Fcategories&post=38679"},{"taxonomy":"post_tag","embeddable":true,"href":"https:\/\/radiorevelacionfm.cl\/index.php?rest_route=%2Fwp%2Fv2%2Ftags&post=38679"}],"curies":[{"name":"wp","href":"https:\/\/api.w.org\/{rel}","templated":true}]}}