{"id":38667,"date":"2024-01-08T10:01:05","date_gmt":"2024-01-08T13:01:05","guid":{"rendered":"https:\/\/radiorevelacionfm.cl\/?p=38667"},"modified":"2024-01-08T10:01:05","modified_gmt":"2024-01-08T13:01:05","slug":"senadora-ordenes-sobre-ip-cft-los-lagos-como-alguien-puede-comprar-la-cartera-de-estudiantes-de-una-institucion","status":"publish","type":"post","link":"https:\/\/radiorevelacionfm.cl\/?p=38667","title":{"rendered":"Senadora \u00d3rdenes sobre IP-CFT Los Lagos: \u201cc\u00f3mo alguien puede comprar la cartera de estudiantes de una instituci\u00f3n\u201d"},"content":{"rendered":"<div class=\"flex_column av_one_full  flex_column_div av-zero-column-padding first  avia-builder-el-0  el_before_av_one_full  avia-builder-el-first  \" style='border-radius:0px; '><div  class='avia-image-container  av-styling-    avia-builder-el-1  avia-builder-el-no-sibling  avia-align-center '  itemprop=\"image\" itemscope=\"itemscope\" itemtype=\"https:\/\/schema.org\/ImageObject\"  ><div class='avia-image-container-inner'><div class='avia-image-overlay-wrap'><img decoding=\"async\" class='wp-image-38668 avia-img-lazy-loading-not-38668 avia_image' src=\"https:\/\/radiorevelacionfm.cl\/wp-content\/uploads\/2024\/01\/image-2024-01-08t095922_optimized.041.jpg\" alt='' title='image---2024-01-08t095922_optimized.041' height=\"600\" width=\"1004\"  itemprop=\"thumbnailUrl\" srcset=\"https:\/\/radiorevelacionfm.cl\/wp-content\/uploads\/2024\/01\/image-2024-01-08t095922_optimized.041.jpg 1004w, https:\/\/radiorevelacionfm.cl\/wp-content\/uploads\/2024\/01\/image-2024-01-08t095922_optimized.041-300x179.jpg 300w, https:\/\/radiorevelacionfm.cl\/wp-content\/uploads\/2024\/01\/image-2024-01-08t095922_optimized.041-768x459.jpg 768w, https:\/\/radiorevelacionfm.cl\/wp-content\/uploads\/2024\/01\/image-2024-01-08t095922_optimized.041-705x421.jpg 705w, https:\/\/radiorevelacionfm.cl\/wp-content\/uploads\/2024\/01\/image-2024-01-08t095922_optimized.041-450x269.jpg 450w, https:\/\/radiorevelacionfm.cl\/wp-content\/uploads\/2024\/01\/image-2024-01-08t095922_optimized.041-600x359.jpg 600w\" sizes=\"(max-width: 1004px) 100vw, 1004px\" \/><\/div><\/div><\/div><\/div><div class=\"flex_column av_one_full  flex_column_div av-zero-column-padding first  avia-builder-el-2  el_after_av_one_full  el_before_av_one_full  column-top-margin\" style='border-radius:0px; '><section class=\"av_textblock_section \"  itemscope=\"itemscope\" itemtype=\"https:\/\/schema.org\/BlogPosting\" itemprop=\"blogPost\" ><div class='avia_textblock  '   itemprop=\"text\" ><p style=\"text-align: center;\"><span style=\"font-size: 18pt;\"><strong>Senadora \u00d3rdenes sobre IP-CFT Los Lagos: \u201cc\u00f3mo alguien puede comprar la cartera de estudiantes de una instituci\u00f3n\u201d<\/strong><\/span><\/p>\n<div id=\"gtx-trans\" style=\"position: absolute; left: -50px; top: 4.31534px;\">\n<div class=\"gtx-trans-icon\"><\/div>\n<\/div>\n<\/div><\/section><\/div><div class=\"flex_column av_one_full  flex_column_div av-zero-column-padding first  avia-builder-el-4  el_after_av_one_full  el_before_av_hr  column-top-margin\" style='border-radius:0px; '><section class=\"av_textblock_section \"  itemscope=\"itemscope\" itemtype=\"https:\/\/schema.org\/BlogPosting\" itemprop=\"blogPost\" ><div class='avia_textblock  '   itemprop=\"text\" ><p style=\"text-align: justify;\"><em>La parlamentaria sostuvo que en este caso se vulneraron los derechos fundamentales de las y los estudiantes: \u201cCreo que a futuro se tendr\u00e1n que hacer cambios. Este proceso no termina ac\u00e1, nos vamos a seguir reuniendo y esperamos que a partir de abril exista certeza para los y las estudiantes\u201d.<\/em><\/p>\n<p style=\"text-align: justify;\">Durante su visita a la regi\u00f3n de Ays\u00e9n, el subsecretario de Educaci\u00f3n Superior, V\u00edctor Orellana, se reuni\u00f3 con representantes de las y los estudiantes del IP-CFT Los Lagos para darles una satisfacci\u00f3n despu\u00e9s de un largo tiempo esperando respuestas por parte del Ejecutivo por el caso que afecto a por lo menos tres mil estudiantes matriculados en ambas instituciones de educaci\u00f3n superior que, en un principio, administraba la <strong>Corporaci\u00f3n Kim\u00fcn<\/strong>. Por lo menos un diez por ciento de estas matr\u00edculas pertenecen a la regi\u00f3n de Ays\u00e9n.<\/p>\n<p style=\"text-align: justify;\">Luego de que se descubriera el caso de los millonarios traspasos desde el Gobierno Regional de Los Lagos a la <strong>Corporaci\u00f3n Kim\u00fcn<\/strong> y la posterior venta de su carpeta de estudiantes -a un bajo precio- a la <strong>Fundaci\u00f3n<\/strong> <strong>Instituto de Desarrollo y Liderazgo Ind\u00edgena (Fundelin)<\/strong>, dirigida por Diego Ancalao -quien actualmente se encuentra formalizado por el Caso Fundaciones-, la administraci\u00f3n de Kim\u00fcn sostuvo que 900 de los mil doscientos millones traspasados -recursos que deb\u00edan destinarse a un programa de saneamiento de t\u00edtulos de dominio-, fueron utilizados para pagar las deudas que manten\u00eda la instituci\u00f3n.<\/p>\n<p style=\"text-align: justify;\">Tanto estudiantes, como docentes, administrativos y otros funcionarios, quedaron a la deriva y llenos de incertidumbre. Desde la subsecretar\u00eda de Educaci\u00f3n Superior se asegur\u00f3 que se revisar\u00edan los antecedentes jur\u00eddicos y administrativos de la instituci\u00f3n para\u00a0 conseguir una revocaci\u00f3n del reconocimiento oficial del ente educativo, junto con darle un cierre y una respuesta a todos los involucrados.<\/p>\n<p style=\"text-align: justify;\">La senadora por la regi\u00f3n de Ays\u00e9n, Ximena \u00d3rdenes, qui\u00e9n acompa\u00f1\u00f3 a las familias afectadas en Ays\u00e9n, oficiando y generando instancias de conversaci\u00f3n, record\u00f3 que el caso del \u201cIP-CFT Los Lagos es una situaci\u00f3n que afecta a m\u00e1s de tres mil estudiantes en todo el territorio nacional. El 10% de esos estudiantes est\u00e1n en la regi\u00f3n de Ays\u00e9n. Hemos sostenido un trabajo junto a los delegados y las delegadas del IP-CFT Los Lagos y creo que s\u00ed se ha tomado con cierto sentido de urgencia desde el Ejecutivo. Hoy ya existe una revocaci\u00f3n del reconocimiento oficial de la entidad y tambi\u00e9n se ha nombrado una administradora provisional, la se\u00f1ora Marta Meza\u201d.<\/p>\n<p style=\"text-align: justify;\">Respecto a lo abordado durante la cita entre el subsecretario y representantes de las y los estudiantes afectados en la regi\u00f3n, la parlamentaria se\u00f1al\u00f3 que \u201clo que se nos inform\u00f3 en esta reuni\u00f3n es que, durante el mes de enero, se podr\u00e1n emitir certificados para pensar en la continuidad de los estudios. Recordemos que los estudiantes perdieron un semestre, por lo que hay mucha incertidumbre. Tambi\u00e9n, se nos ha informado que durante el mes de abril se va a iniciar el proceso de matr\u00edcula. Entramos en una etapa diferente del proceso, donde debemos trabajar de manera mucho m\u00e1s detallada y entrar en el caso a caso\u201d<\/p>\n<p style=\"text-align: justify;\">\u201cQuiero valorar el rol que han desempe\u00f1ado las y los dirigentes del IP-CFT Los Lagos. Esta situaci\u00f3n no se puede repetir y hay que sacar aprendizajes. Lo primero que llama la atenci\u00f3n en c\u00f3mo alguien puede comprar la cartera de estudiantes de una instituci\u00f3n. Estamos hablando de derechos fundamentales, por lo que creo que futuro se van a tener que hacer cambios. Respecto a los plazos, este proceso no termina ac\u00e1, nos vamos a seguir reuniendo y esperamos que a partir de abril exista certeza para los y las estudiantes\u201d, concluy\u00f3 la senadora por la regi\u00f3n de Ays\u00e9n, Ximena \u00d3rdenes.<\/p>\n<p style=\"text-align: justify;\">Por su parte el subsecretario de Educaci\u00f3n Superior, V\u00edctor Orellana, se\u00f1al\u00f3 que \u201clas estudiantes y los estudiantes de IP-CFT Los Lagos son muy importantes para nosotros. Es prioritario asegurar el derecho a la educaci\u00f3n y es tambi\u00e9n una obligaci\u00f3n legal. Ya se ha nombrado la administradora de cierre del IP Los Lagos, est\u00e1 en proceso el nombramiento para el CFT y ya se ha revocado el reconocimiento oficial para ambas instituciones\u201d.<\/p>\n<p style=\"text-align: justify;\">\u201c\u00bfCu\u00e1l es la idea?\u201d, planteo el subsecretario: \u201cAvanzar r\u00e1pidamente en poder emitir certificados durante este mes para resolver de las necesidades laborales o de cualquier naturaleza, que tengan las personas y antes de que finalice el proceso de matr\u00edcula regular de la educaci\u00f3n t\u00e9cnico profesional, es decir, de ac\u00e1 a abril, tener resuelto el problema de la incorporaci\u00f3n a otras instituciones que puedan llevar adelante los procesos acad\u00e9micos\u201d. Junto con esto, asegur\u00f3 que se preocupar\u00e1n de \u201capoyarlos en este proceso de cierre\u201d y de \u201cgarantizar que durante el 2024 vamos a tener actividades acad\u00e9micas y vamos a darle respuesta a las personas\u201d.<\/p>\n<p style=\"text-align: justify;\">\u201cTenemos equipos t\u00e9cnicos trabajando de manera prioritaria en esto y hemos tenido un espacio de conversaci\u00f3n sincera y muy amable con las y los estudiantes. Estamos siempre disponibles a aclarar sus inquietudes, los estudiantes ya est\u00e1n en contacto, en el caso del IP, con la administradora de cierre y en cuanto se formalice, tambi\u00e9n con el CFT, por lo que ya hay canales de dialogo establecidos\u201d, recalc\u00f3 Orellana.<\/p>\n<p style=\"text-align: justify;\">Karen Ayanc\u00e1n, quien ha sido vocera de las inquietudes de las y los m\u00e1s de 300 estudiantes afectados en Ays\u00e9n, valor\u00f3 la cita y agradeci\u00f3 la agilidad con que se llev\u00f3 el proceso. \u201cEs una reuni\u00f3n que esper\u00e1bamos bastante. Se agradece que nos haya podido brindar el tiempo de poder participar. Realmente quedamos conformes con todo lo conversado y m\u00e1s tranquilos de que la soluciones ya se est\u00e1n viendo y se est\u00e1 agilizando todo para que prontamente podamos retomar nuestros estudios, tener nuestros documentos y todo lo que necesitamos para continuar y que esto sea solo un recuerdo\u201d, concluy\u00f3 la representante.<\/p>\n<p style=\"text-align: justify;\">De este modo, el IP y CFT Los Lagos, que ya se encuentran en un proceso de cierre -instruido en virtud de la ley 20.800-, permitir\u00eda a los estudiantes, una vez certificados, tener la posibilidad de continuar sus proyectos educativos durante el 2024. Cabe recordar que el Mineduc habilit\u00f3 canales de comunicaci\u00f3n, tanto en l\u00ednea -en ayudamineduc.cl-, como a trav\u00e9s de un centro de llamadas -marcando al 600 600 26 26 y desde celulares al 44 2 360 047 de lunes a viernes desde las 08:00 a 18:00 horas-, para que los estudiantes puedan aclarar sus inquietudes.<\/p>\n<\/div><\/section><\/div><div  style='height:50px' class='hr hr-invisible   avia-builder-el-6  el_after_av_one_full  el_before_av_social_share '><span class='hr-inner ' ><span class='hr-inner-style'><\/span><\/span><\/div><\/p>\n<div  class='av-social-sharing-box  avia-builder-el-7  el_after_av_hr  el_before_av_hr  '><div class='av-share-box'><h5 class='av-share-link-description av-no-toc '>Compartir esta noticia<\/h5><ul class='av-share-box-list noLightbox'><li class='av-share-link av-social-link-facebook' ><a target=\"_blank\" aria-label=\"Compartir en Facebook\" href='https:\/\/www.facebook.com\/sharer.php?u=https:\/\/radiorevelacionfm.cl\/?p=38667&#038;t=Senadora%20%C3%93rdenes%20sobre%20IP-CFT%20Los%20Lagos%3A%20%E2%80%9Cc%C3%B3mo%20alguien%20puede%20comprar%20la%20cartera%20de%20estudiantes%20de%20una%20instituci%C3%B3n%E2%80%9D' aria-hidden='false' data-av_icon='\ue8f3' data-av_iconfont='entypo-fontello' title='' data-avia-related-tooltip='Compartir en Facebook' rel=\"noopener\"><span class='avia_hidden_link_text'>Compartir en Facebook<\/span><\/a><\/li><li class='av-share-link av-social-link-twitter' ><a target=\"_blank\" aria-label=\"Compartir en Twitter\" href='https:\/\/twitter.com\/share?text=Senadora%20%C3%93rdenes%20sobre%20IP-CFT%20Los%20Lagos%3A%20%E2%80%9Cc%C3%B3mo%20alguien%20puede%20comprar%20la%20cartera%20de%20estudiantes%20de%20una%20instituci%C3%B3n%E2%80%9D&#038;url=https:\/\/radiorevelacionfm.cl\/?p=38667' aria-hidden='false' data-av_icon='\ue8f1' data-av_iconfont='entypo-fontello' title='' data-avia-related-tooltip='Compartir en Twitter' rel=\"noopener\"><span class='avia_hidden_link_text'>Compartir en Twitter<\/span><\/a><\/li><li class='av-share-link av-social-link-whatsapp' ><a target=\"_blank\" aria-label=\"Compartir en Whatsapp\" href='https:\/\/api.whatsapp.com\/send?text=https:\/\/radiorevelacionfm.cl\/?p=38667' aria-hidden='false' data-av_icon='\uf232' data-av_iconfont='entypo-fontello' title='' data-avia-related-tooltip='Compartir en Whatsapp' rel=\"noopener\"><span class='avia_hidden_link_text'>Compartir en Whatsapp<\/span><\/a><\/li><li class='av-share-link av-social-link-linkedin' ><a target=\"_blank\" aria-label=\"Compartir en LinkedIn\" href='https:\/\/linkedin.com\/shareArticle?mini=true&#038;title=Senadora%20%C3%93rdenes%20sobre%20IP-CFT%20Los%20Lagos%3A%20%E2%80%9Cc%C3%B3mo%20alguien%20puede%20comprar%20la%20cartera%20de%20estudiantes%20de%20una%20instituci%C3%B3n%E2%80%9D&#038;url=https:\/\/radiorevelacionfm.cl\/?p=38667' aria-hidden='false' data-av_icon='\ue8fc' data-av_iconfont='entypo-fontello' title='' data-avia-related-tooltip='Compartir en LinkedIn' rel=\"noopener\"><span class='avia_hidden_link_text'>Compartir en LinkedIn<\/span><\/a><\/li><li class='av-share-link av-social-link-mail' ><a  aria-label=\"Compartir por correo\" href='mailto:?subject=Senadora%20%C3%93rdenes%20sobre%20IP-CFT%20Los%20Lagos%3A%20%E2%80%9Cc%C3%B3mo%20alguien%20puede%20comprar%20la%20cartera%20de%20estudiantes%20de%20una%20instituci%C3%B3n%E2%80%9D&#038;body=https:\/\/radiorevelacionfm.cl\/?p=38667' aria-hidden='false' data-av_icon='\ue805' data-av_iconfont='entypo-fontello' title='' data-avia-related-tooltip='Compartir por correo'><span class='avia_hidden_link_text'>Compartir por correo<\/span><\/a><\/li><\/ul><\/div><\/div>\n<div  style='height:50px' class='hr hr-invisible   avia-builder-el-8  el_after_av_social_share  el_before_av_comments_list '><span class='hr-inner ' ><span class='hr-inner-style'><\/span><\/span><\/div>\n<div  class='av-buildercomment  av-blog-meta-html-info-disabled av-blog-meta-tag-disabled  '><\/div>\n","protected":false},"excerpt":{"rendered":"","protected":false},"author":1,"featured_media":38668,"comment_status":"open","ping_status":"open","sticky":false,"template":"","format":"standard","meta":{"footnotes":""},"categories":[35],"tags":[],"class_list":["post-38667","post","type-post","status-publish","format-standard","has-post-thumbnail","hentry","category-politica"],"jetpack_featured_media_url":"https:\/\/radiorevelacionfm.cl\/wp-content\/uploads\/2024\/01\/image-2024-01-08t095922_optimized.041.jpg","_links":{"self":[{"href":"https:\/\/radiorevelacionfm.cl\/index.php?rest_route=\/wp\/v2\/posts\/38667","targetHints":{"allow":["GET"]}}],"collection":[{"href":"https:\/\/radiorevelacionfm.cl\/index.php?rest_route=\/wp\/v2\/posts"}],"about":[{"href":"https:\/\/radiorevelacionfm.cl\/index.php?rest_route=\/wp\/v2\/types\/post"}],"author":[{"embeddable":true,"href":"https:\/\/radiorevelacionfm.cl\/index.php?rest_route=\/wp\/v2\/users\/1"}],"replies":[{"embeddable":true,"href":"https:\/\/radiorevelacionfm.cl\/index.php?rest_route=%2Fwp%2Fv2%2Fcomments&post=38667"}],"version-history":[{"count":1,"href":"https:\/\/radiorevelacionfm.cl\/index.php?rest_route=\/wp\/v2\/posts\/38667\/revisions"}],"predecessor-version":[{"id":38669,"href":"https:\/\/radiorevelacionfm.cl\/index.php?rest_route=\/wp\/v2\/posts\/38667\/revisions\/38669"}],"wp:featuredmedia":[{"embeddable":true,"href":"https:\/\/radiorevelacionfm.cl\/index.php?rest_route=\/wp\/v2\/media\/38668"}],"wp:attachment":[{"href":"https:\/\/radiorevelacionfm.cl\/index.php?rest_route=%2Fwp%2Fv2%2Fmedia&parent=38667"}],"wp:term":[{"taxonomy":"category","embeddable":true,"href":"https:\/\/radiorevelacionfm.cl\/index.php?rest_route=%2Fwp%2Fv2%2Fcategories&post=38667"},{"taxonomy":"post_tag","embeddable":true,"href":"https:\/\/radiorevelacionfm.cl\/index.php?rest_route=%2Fwp%2Fv2%2Ftags&post=38667"}],"curies":[{"name":"wp","href":"https:\/\/api.w.org\/{rel}","templated":true}]}}