{"id":38665,"date":"2024-01-07T22:11:05","date_gmt":"2024-01-08T01:11:05","guid":{"rendered":"https:\/\/radiorevelacionfm.cl\/?p=38665"},"modified":"2024-01-07T22:11:05","modified_gmt":"2024-01-08T01:11:05","slug":"seremi-isabel-garrido-la-instalacion-de-la-nueva-educacion-publica-y-despliegue-del-plan-de-reactivacion-son-los-hitos-sectoriales-del-ano-2023-en-la-region","status":"publish","type":"post","link":"https:\/\/radiorevelacionfm.cl\/?p=38665","title":{"rendered":"Seremi Isabel Garrido: \u00abLa instalaci\u00f3n de la Nueva Educaci\u00f3n P\u00fablica y despliegue del Plan de Reactivaci\u00f3n son los hitos sectoriales del a\u00f1o 2023 en la regi\u00f3n\u00bb"},"content":{"rendered":"<div class=\"flex_column av_one_full  flex_column_div av-zero-column-padding first  avia-builder-el-0  el_before_av_one_full  avia-builder-el-first  \" style='border-radius:0px; '><div  class='avia-image-container  av-styling-    avia-builder-el-1  avia-builder-el-no-sibling  avia-align-center '  itemprop=\"image\" itemscope=\"itemscope\" itemtype=\"https:\/\/schema.org\/ImageObject\"  ><div class='avia-image-container-inner'><div class='avia-image-overlay-wrap'><img decoding=\"async\" class='wp-image-38411 avia-img-lazy-loading-not-38411 avia_image' src=\"https:\/\/radiorevelacionfm.cl\/wp-content\/uploads\/2023\/12\/firma-traspaso2-1_optimized.jpg\" alt='' title='firma-traspaso2-(1)_optimized' height=\"600\" width=\"1016\"  itemprop=\"thumbnailUrl\" srcset=\"https:\/\/radiorevelacionfm.cl\/wp-content\/uploads\/2023\/12\/firma-traspaso2-1_optimized.jpg 1016w, https:\/\/radiorevelacionfm.cl\/wp-content\/uploads\/2023\/12\/firma-traspaso2-1_optimized-300x177.jpg 300w, https:\/\/radiorevelacionfm.cl\/wp-content\/uploads\/2023\/12\/firma-traspaso2-1_optimized-768x454.jpg 768w, https:\/\/radiorevelacionfm.cl\/wp-content\/uploads\/2023\/12\/firma-traspaso2-1_optimized-705x416.jpg 705w, https:\/\/radiorevelacionfm.cl\/wp-content\/uploads\/2023\/12\/firma-traspaso2-1_optimized-450x266.jpg 450w, https:\/\/radiorevelacionfm.cl\/wp-content\/uploads\/2023\/12\/firma-traspaso2-1_optimized-600x354.jpg 600w\" sizes=\"(max-width: 1016px) 100vw, 1016px\" \/><\/div><\/div><\/div><\/div><div class=\"flex_column av_one_full  flex_column_div av-zero-column-padding first  avia-builder-el-2  el_after_av_one_full  el_before_av_one_full  column-top-margin\" style='border-radius:0px; '><section class=\"av_textblock_section \"  itemscope=\"itemscope\" itemtype=\"https:\/\/schema.org\/BlogPosting\" itemprop=\"blogPost\" ><div class='avia_textblock  '   itemprop=\"text\" ><p style=\"text-align: center;\"><strong><span style=\"font-size: 18pt;\">Seremi Isabel Garrido: \u00abLa instalaci\u00f3n de la Nueva Educaci\u00f3n P\u00fablica y despliegue del Plan de Reactivaci\u00f3n son los hitos sectoriales del a\u00f1o 2023 en la regi\u00f3n\u00bb<\/span><\/strong><\/p>\n<div id=\"gtx-trans\" style=\"position: absolute; left: -50px; top: 4.31534px;\">\n<div class=\"gtx-trans-icon\"><\/div>\n<\/div>\n<\/div><\/section><\/div><div class=\"flex_column av_one_full  flex_column_div av-zero-column-padding first  avia-builder-el-4  el_after_av_one_full  el_before_av_hr  column-top-margin\" style='border-radius:0px; '><section class=\"av_textblock_section \"  itemscope=\"itemscope\" itemtype=\"https:\/\/schema.org\/BlogPosting\" itemprop=\"blogPost\" ><div class='avia_textblock  '   itemprop=\"text\" ><p class=\"v1MsoNormal\" style=\"text-align: justify;\">La Seremi de Educaci\u00f3n Isabel Garrido Casassa hizo un positivo balance del a\u00f1o 2023 en materia educacional, relevando tres hitos: el traspaso de la educaci\u00f3n municipal al Servicio Local de Educaci\u00f3n P\u00fablica SLEP Ays\u00e9n, con lo que se concreta la instalaci\u00f3n de la Nueva Educaci\u00f3n P\u00fablica en la regi\u00f3n; el despliegue territorial del Plan Reactivaci\u00f3n Educativa, y una inversi\u00f3n hist\u00f3rica en el mejoramiento de la infraestructura escolar p\u00fablica por un monto superior a los 6 mil millones de pesos.<\/p>\n<p class=\"v1MsoNormal\" style=\"text-align: justify;\"><b>Traspaso de la Educaci\u00f3n municipal al SLEP Ays\u00e9n<\/b><\/p>\n<p class=\"v1MsoNormal\" style=\"text-align: justify;\">\u00abComo lo expres\u00f3 en su visita a la regi\u00f3n el Ministro Nicol\u00e1s Cataldo: hoy podemos decir con satisfacci\u00f3n que la Nueva Educaci\u00f3n P\u00fablica avanza. El retorno de las escuelas p\u00fablicas al Ministerio de Educaci\u00f3n es una demanda de larga data, que se concreta a trav\u00e9s de entidades descentralizadas y especializadas, que son los Servicios Locales. Esta es sin duda la reforma al Estado m\u00e1s grande que se ha impulsado en democracia, en t\u00e9rminos de su alcance y complejidad, y como Gobierno estamos comprometidos con acompa\u00f1ar su implementaci\u00f3n, mejorando progresivamente lo que se requiera.<\/p>\n<p class=\"v1MsoNormal\" style=\"text-align: justify;\">Isabel Garrido detall\u00f3 que, a partir del 1 de enero de 2024, el Servicio Local de Educaci\u00f3n P\u00fablica Ays\u00e9n tiene bajo su administraci\u00f3n a 56 establecimientos escolares, con una matr\u00edcula superior a los 9 mil 600 estudiantes, y 10 jardines infantiles, que atienden a m\u00e1s de 600 ni\u00f1as y ni\u00f1os. Su dotaci\u00f3n contempla m\u00e1s de 2.300 trabajadores y trabajadoras, incluyendo docentes, educadoras de p\u00e1rvulo y asistentes de la educaci\u00f3n.\u00a0\u00a0Territorialmente, el servicio local atender\u00e1 las comunas de Coyhaique, Lago Verde, Ays\u00e9n, Cisnes, Guaitecas, Cochrane, O&#8217;Higgins, Tortel, Chile Chico y R\u00edo Ib\u00e1\u00f1ez.<\/p>\n<p class=\"v1MsoNormal\" style=\"text-align: justify;\"><b>Despliegue del Plan de Reactivaci\u00f3n Educativa<\/b><\/p>\n<p class=\"v1MsoNormal\" style=\"text-align: justify;\">Despu\u00e9s de 2 a\u00f1os de excepcionalidad producto del COVID-19 las comunidades educativas de todo el mundo enfrentaron desaf\u00edos in\u00e9ditos que las forzaron a utilizar estrategias innovadoras, incorporando nuevas tecnolog\u00edas, y relevando el bienestar socioemocional en el proceso de ense\u00f1anza y aprendizaje. Frente a ello, al Ministerio de Educaci\u00f3n se le encomend\u00f3 liderar la Reactivaci\u00f3n Educativa, recogiendo los aprendizajes e innovaciones que dej\u00f3 la pandemia de COVID-19 en el sistema educativo.<\/p>\n<p class=\"v1MsoNormal\" style=\"text-align: justify;\">Son tres grandes objetivos de la Reactivaci\u00f3n Educativa: que las\/los estudiantes est\u00e9n asistiendo regularmente a la escuela, que aprendan lo que corresponde a su edad y nivel educativo, y que lo hagan en ambientes de sana convivencia escolar. Para ello se han desplegado un conjunto de estrategias que incluyen la entrega de informaci\u00f3n detallada a los equipos directivos para la toma de decisiones, diversas capacitaciones, ampliaci\u00f3n de programas exitosos y desarrollo de otros nuevos.<\/p>\n<p class=\"v1MsoNormal\" style=\"text-align: justify;\">Tras culminar el a\u00f1o escolar 2023 se observan los primeros resultados. Se observa una mejora sostenida despu\u00e9s de la pandemia. La Regi\u00f3n de Ays\u00e9n presenta la mejora m\u00e1s pronunciada entre los meses de julio 2022 y 2023, habi\u00e9ndose reducido en -9,1% la proporci\u00f3n de estudiantes en situaci\u00f3n de inasistencia grave. Esto significa que hay aproximadamente 2.000 estudiantes menos en esta situaci\u00f3n en comparaci\u00f3n con el a\u00f1o pasado. Adem\u00e1s, un equipo de 20 gestores territoriales apoya a las escuelas en esta tarea, como parte del Plan de Reactivaci\u00f3n Educativa, que se despliegan en alianza con los municipios de Ays\u00e9n, Coyhaique, Guaitecas, Cisnes, Cochrane y O&#8217;Higgins. Si bien todav\u00eda no se recuperan los niveles de asistencia previos a la pandemia, los resultados a la fecha son alentadores.<\/p>\n<p class=\"v1MsoNormal\" style=\"text-align: justify;\">Para fortalecer los aprendizajes se est\u00e1 impulsando el Plan Nacional de Tutor\u00edas, el que busca acompa\u00f1ar el aprendizaje de escolares de 2\u00b0, 3\u00b0 y 4\u00b0 b\u00e1sico que requieren apoyo en el desarrollo de la lectura y escritura. Se plantea como una ayuda complementaria a la labor insustituible que ejercen las y los docentes. En la regi\u00f3n durante el a\u00f1o 2023 trabajaron 27 tutores y tutoras presenciales, estudiantes de Pedagog\u00eda en Educaci\u00f3n B\u00e1sica de la Universidad Austral de Chile (Campus Patagonia), quienes atendieron a 120 estudiantes de Coyhaique, Ays\u00e9n y Chacabuco, en sesiones personalizadas de aprendizaje.<\/p>\n<p class=\"v1MsoNormal\" style=\"text-align: justify;\">Asimismo, para reactivar los aprendizajes en lectura y comunicaci\u00f3n, se articularon iniciativas para fomentar el acercamiento de los ni\u00f1os, ni\u00f1as y j\u00f3venes con esta \u00e1rea, a trav\u00e9s de espacios educativos formales y no formales. La SEREMI detall\u00f3 que durante el 2023 \u00abconcretamos por segundo a\u00f1o consecutivo un ciclo de Ferias Literarias y Talleres de Teatro, esta vez con la tem\u00e1tica \u00abDemocracia y Derechos Humanos\u00bb, articul\u00e1ndose la reactivaci\u00f3n de los aprendizajes con la conmemoraci\u00f3n de los 50 a\u00f1os del Golpe de Estado y como una forma de relevar los valores democr\u00e1ticos que son la base de nuestra sociedad\u00bb. Las escuelas y liceos que se sumaron a estas actividades fueron: Escuela Litoral Austral y Liceo Ra\u00fal Broussain Campino de Puerto Ays\u00e9n, Escuela Jos\u00e9 Miguel Carrera de Lago Verde, Escuela V\u00edctor Domingo Silva de Coyhaique, Escuela Libertador Bernardo O&#8217;Higgins y Escuela Bertrand de la comuna de Chile Chico, Escuela Repollal y Liceo de Melinka de la comuna de las Guaitecas, Escuela Amanda Labarca, Escuela Hamburgo y Liceo Eusebio Ibar de la comuna de Cisnes.<\/p>\n<p class=\"v1MsoNormal\" style=\"text-align: justify;\">Finalmente, en materia de convivencia escolar y salud mental, la SEREMI apunt\u00f3 que durante 2023 se extendi\u00f3 la cobertura del programa \u00abA Convivir se Aprende\u00bb, con apoyo de las Universidades de Magallanes y Ays\u00e9n. En el 2022 se implement\u00f3 como piloto en la comuna de Ays\u00e9n, y por sus buenos resultados se ampli\u00f3 a Coyhaique, Cisnes y Chile Chico. \u00abEste programa tiene por objetivo fortalecer las habilidades para la gesti\u00f3n de la convivencia de los propios equipos educativos, a trav\u00e9s de acompa\u00f1amiento focalizado, capacitaciones e intercambio de experiencias positivas entre escuelas. Tambi\u00e9n ampliamos la cobertura del programa \u00abHabilidades Para la Vida\u00bb, que se implementa junto a JUNAEB y los municipios de Ays\u00e9n, Coyhaique y Cochrane, el cual cuenta con a\u00f1os de evidencia acumulada. Con ello, las comunas con mayor concentraci\u00f3n de poblaci\u00f3n escolar contar\u00e1n todas con un programa de apoyo a la convivencia escolar\u00bb, apunt\u00f3 Isabel Garrido.<\/p>\n<p class=\"v1MsoNormal\" style=\"text-align: justify;\"><b>Infraestructura Escolar P\u00fablica<\/b><\/p>\n<p class=\"v1MsoNormal\" style=\"text-align: justify;\">\u00abPara reactivar la educaci\u00f3n es indispensable contar con las condiciones de aprendizaje adecuadas\u00bb, se\u00f1al\u00f3 Isabel Garrido. \u00abEn 2022 seis establecimientos de Ays\u00e9n, Coyhaique y Tortel fueron beneficiados con mejoras de infraestructura, por un total de $1.300 millones de pesos.\u00bb<\/p>\n<p class=\"v1MsoNormal\" style=\"text-align: justify;\">En el 2023, con el fin de que las escuelas se traspasaran en las mejores condiciones posibles al Servicio Local de Educaci\u00f3n P\u00fablica, se aumentaron sustancialmente los recursos del MINEDUC para conservaci\u00f3n de infraestructura escolar. Producto de lo anterior 22 escuelas fueron beneficiadas con proyectos de mejoramiento, llegando a una hist\u00f3rica inversi\u00f3n de m\u00e1s de $6 mil millones de pesos en la Regi\u00f3n de Ays\u00e9n.<\/p>\n<p class=\"v1MsoNormal\" style=\"text-align: justify;\">La autoridad sectorial afirm\u00f3 que la Reactivaci\u00f3n Educativa es el principal foco de la gesti\u00f3n ministerial y es un desaf\u00edo pa\u00eds que nos interpela a todos y todas.<\/p>\n<p style=\"text-align: justify;\">\u00abComo Ministerio de Educaci\u00f3n avanzamos durante 2023 y el despliegue del plan de Reactivaci\u00f3n Educativa est\u00e1 en marcha, y durante 2024 continuaremos trabajando para lograr esta meta pa\u00eds\u00bb, concluy\u00f3 Isabel Garrido.<\/p>\n<\/div><\/section><\/div><div  style='height:50px' class='hr hr-invisible   avia-builder-el-6  el_after_av_one_full  el_before_av_social_share '><span class='hr-inner ' ><span class='hr-inner-style'><\/span><\/span><\/div><\/p>\n<div  class='av-social-sharing-box  avia-builder-el-7  el_after_av_hr  el_before_av_hr  '><div class='av-share-box'><h5 class='av-share-link-description av-no-toc '>Compartir esta noticia<\/h5><ul class='av-share-box-list noLightbox'><li class='av-share-link av-social-link-facebook' ><a target=\"_blank\" aria-label=\"Compartir en Facebook\" href='https:\/\/www.facebook.com\/sharer.php?u=https:\/\/radiorevelacionfm.cl\/?p=38665&#038;t=Seremi%20Isabel%20Garrido%3A%20%C2%ABLa%20instalaci%C3%B3n%20de%20la%20Nueva%20Educaci%C3%B3n%20P%C3%BAblica%20y%20despliegue%20del%20Plan%20de%20Reactivaci%C3%B3n%20son%20los%20hitos%20sectoriales%20del%20a%C3%B1o%202023%20en%20la%20regi%C3%B3n%C2%BB' aria-hidden='false' data-av_icon='\ue8f3' data-av_iconfont='entypo-fontello' title='' data-avia-related-tooltip='Compartir en Facebook' rel=\"noopener\"><span class='avia_hidden_link_text'>Compartir en Facebook<\/span><\/a><\/li><li class='av-share-link av-social-link-twitter' ><a target=\"_blank\" aria-label=\"Compartir en Twitter\" href='https:\/\/twitter.com\/share?text=Seremi%20Isabel%20Garrido%3A%20%C2%ABLa%20instalaci%C3%B3n%20de%20la%20Nueva%20Educaci%C3%B3n%20P%C3%BAblica%20y%20despliegue%20del%20Plan%20de%20Reactivaci%C3%B3n%20son%20los%20hitos%20sectoriales%20del%20a%C3%B1o%202023%20en%20la%20regi%C3%B3n%C2%BB&#038;url=https:\/\/radiorevelacionfm.cl\/?p=38665' aria-hidden='false' data-av_icon='\ue8f1' data-av_iconfont='entypo-fontello' title='' data-avia-related-tooltip='Compartir en Twitter' rel=\"noopener\"><span class='avia_hidden_link_text'>Compartir en Twitter<\/span><\/a><\/li><li class='av-share-link av-social-link-whatsapp' ><a target=\"_blank\" aria-label=\"Compartir en Whatsapp\" href='https:\/\/api.whatsapp.com\/send?text=https:\/\/radiorevelacionfm.cl\/?p=38665' aria-hidden='false' data-av_icon='\uf232' data-av_iconfont='entypo-fontello' title='' data-avia-related-tooltip='Compartir en Whatsapp' rel=\"noopener\"><span class='avia_hidden_link_text'>Compartir en Whatsapp<\/span><\/a><\/li><li class='av-share-link av-social-link-linkedin' ><a target=\"_blank\" aria-label=\"Compartir en LinkedIn\" href='https:\/\/linkedin.com\/shareArticle?mini=true&#038;title=Seremi%20Isabel%20Garrido%3A%20%C2%ABLa%20instalaci%C3%B3n%20de%20la%20Nueva%20Educaci%C3%B3n%20P%C3%BAblica%20y%20despliegue%20del%20Plan%20de%20Reactivaci%C3%B3n%20son%20los%20hitos%20sectoriales%20del%20a%C3%B1o%202023%20en%20la%20regi%C3%B3n%C2%BB&#038;url=https:\/\/radiorevelacionfm.cl\/?p=38665' aria-hidden='false' data-av_icon='\ue8fc' data-av_iconfont='entypo-fontello' title='' data-avia-related-tooltip='Compartir en LinkedIn' rel=\"noopener\"><span class='avia_hidden_link_text'>Compartir en LinkedIn<\/span><\/a><\/li><li class='av-share-link av-social-link-mail' ><a  aria-label=\"Compartir por correo\" href='mailto:?subject=Seremi%20Isabel%20Garrido%3A%20%C2%ABLa%20instalaci%C3%B3n%20de%20la%20Nueva%20Educaci%C3%B3n%20P%C3%BAblica%20y%20despliegue%20del%20Plan%20de%20Reactivaci%C3%B3n%20son%20los%20hitos%20sectoriales%20del%20a%C3%B1o%202023%20en%20la%20regi%C3%B3n%C2%BB&#038;body=https:\/\/radiorevelacionfm.cl\/?p=38665' aria-hidden='false' data-av_icon='\ue805' data-av_iconfont='entypo-fontello' title='' data-avia-related-tooltip='Compartir por correo'><span class='avia_hidden_link_text'>Compartir por correo<\/span><\/a><\/li><\/ul><\/div><\/div>\n<div  style='height:50px' class='hr hr-invisible   avia-builder-el-8  el_after_av_social_share  el_before_av_comments_list '><span class='hr-inner ' ><span class='hr-inner-style'><\/span><\/span><\/div>\n<div  class='av-buildercomment  av-blog-meta-html-info-disabled av-blog-meta-tag-disabled  '><\/div>\n","protected":false},"excerpt":{"rendered":"","protected":false},"author":1,"featured_media":38411,"comment_status":"open","ping_status":"open","sticky":false,"template":"","format":"standard","meta":{"footnotes":""},"categories":[49],"tags":[],"class_list":["post-38665","post","type-post","status-publish","format-standard","has-post-thumbnail","hentry","category-educacion"],"jetpack_featured_media_url":"https:\/\/radiorevelacionfm.cl\/wp-content\/uploads\/2023\/12\/firma-traspaso2-1_optimized.jpg","_links":{"self":[{"href":"https:\/\/radiorevelacionfm.cl\/index.php?rest_route=\/wp\/v2\/posts\/38665","targetHints":{"allow":["GET"]}}],"collection":[{"href":"https:\/\/radiorevelacionfm.cl\/index.php?rest_route=\/wp\/v2\/posts"}],"about":[{"href":"https:\/\/radiorevelacionfm.cl\/index.php?rest_route=\/wp\/v2\/types\/post"}],"author":[{"embeddable":true,"href":"https:\/\/radiorevelacionfm.cl\/index.php?rest_route=\/wp\/v2\/users\/1"}],"replies":[{"embeddable":true,"href":"https:\/\/radiorevelacionfm.cl\/index.php?rest_route=%2Fwp%2Fv2%2Fcomments&post=38665"}],"version-history":[{"count":1,"href":"https:\/\/radiorevelacionfm.cl\/index.php?rest_route=\/wp\/v2\/posts\/38665\/revisions"}],"predecessor-version":[{"id":38666,"href":"https:\/\/radiorevelacionfm.cl\/index.php?rest_route=\/wp\/v2\/posts\/38665\/revisions\/38666"}],"wp:featuredmedia":[{"embeddable":true,"href":"https:\/\/radiorevelacionfm.cl\/index.php?rest_route=\/wp\/v2\/media\/38411"}],"wp:attachment":[{"href":"https:\/\/radiorevelacionfm.cl\/index.php?rest_route=%2Fwp%2Fv2%2Fmedia&parent=38665"}],"wp:term":[{"taxonomy":"category","embeddable":true,"href":"https:\/\/radiorevelacionfm.cl\/index.php?rest_route=%2Fwp%2Fv2%2Fcategories&post=38665"},{"taxonomy":"post_tag","embeddable":true,"href":"https:\/\/radiorevelacionfm.cl\/index.php?rest_route=%2Fwp%2Fv2%2Ftags&post=38665"}],"curies":[{"name":"wp","href":"https:\/\/api.w.org\/{rel}","templated":true}]}}