{"id":38662,"date":"2024-01-07T21:03:02","date_gmt":"2024-01-08T00:03:02","guid":{"rendered":"https:\/\/radiorevelacionfm.cl\/?p=38662"},"modified":"2024-01-07T21:03:02","modified_gmt":"2024-01-08T00:03:02","slug":"estudiantes-que-obtienen-altos-puntajes-en-la-paes-valoran-reconocimiento-de-autoridad-comunal-aysenina","status":"publish","type":"post","link":"https:\/\/radiorevelacionfm.cl\/?p=38662","title":{"rendered":"Estudiantes que obtienen altos puntajes en la PAES valoran reconocimiento de autoridad comunal Aysenina"},"content":{"rendered":"<div class=\"flex_column av_one_full  flex_column_div av-zero-column-padding first  avia-builder-el-0  el_before_av_one_full  avia-builder-el-first  \" style='border-radius:0px; '><div  class='avia-image-container  av-styling-    avia-builder-el-1  avia-builder-el-no-sibling  avia-align-center '  itemprop=\"image\" itemscope=\"itemscope\" itemtype=\"https:\/\/schema.org\/ImageObject\"  ><div class='avia-image-container-inner'><div class='avia-image-overlay-wrap'><img decoding=\"async\" class='wp-image-38663 avia-img-lazy-loading-not-38663 avia_image' src=\"https:\/\/radiorevelacionfm.cl\/wp-content\/uploads\/2024\/01\/RECONOC-PAES-AYSEN-2-1-1.jpg\" alt='' title='RECONOC PAES AYSEN 2 (1) (1)' height=\"600\" width=\"800\"  itemprop=\"thumbnailUrl\" srcset=\"https:\/\/radiorevelacionfm.cl\/wp-content\/uploads\/2024\/01\/RECONOC-PAES-AYSEN-2-1-1.jpg 800w, https:\/\/radiorevelacionfm.cl\/wp-content\/uploads\/2024\/01\/RECONOC-PAES-AYSEN-2-1-1-300x225.jpg 300w, https:\/\/radiorevelacionfm.cl\/wp-content\/uploads\/2024\/01\/RECONOC-PAES-AYSEN-2-1-1-768x576.jpg 768w, https:\/\/radiorevelacionfm.cl\/wp-content\/uploads\/2024\/01\/RECONOC-PAES-AYSEN-2-1-1-705x529.jpg 705w, https:\/\/radiorevelacionfm.cl\/wp-content\/uploads\/2024\/01\/RECONOC-PAES-AYSEN-2-1-1-450x338.jpg 450w, https:\/\/radiorevelacionfm.cl\/wp-content\/uploads\/2024\/01\/RECONOC-PAES-AYSEN-2-1-1-600x450.jpg 600w\" sizes=\"(max-width: 800px) 100vw, 800px\" \/><\/div><\/div><\/div><\/div><div class=\"flex_column av_one_full  flex_column_div av-zero-column-padding first  avia-builder-el-2  el_after_av_one_full  el_before_av_one_full  column-top-margin\" style='border-radius:0px; '><section class=\"av_textblock_section \"  itemscope=\"itemscope\" itemtype=\"https:\/\/schema.org\/BlogPosting\" itemprop=\"blogPost\" ><div class='avia_textblock  '   itemprop=\"text\" ><p style=\"text-align: center;\"><strong><span style=\"font-size: 18pt;\">Estudiantes que obtienen altos puntajes en la PAES valoran reconocimiento de autoridad comunal Aysenina<\/span><\/strong><\/p>\n<div id=\"gtx-trans\" style=\"position: absolute; left: -50px; top: 4.31534px;\">\n<div class=\"gtx-trans-icon\"><\/div>\n<\/div>\n<\/div><\/section><\/div><div class=\"flex_column av_one_full  flex_column_div av-zero-column-padding first  avia-builder-el-4  el_after_av_one_full  el_before_av_hr  column-top-margin\" style='border-radius:0px; '><section class=\"av_textblock_section \"  itemscope=\"itemscope\" itemtype=\"https:\/\/schema.org\/BlogPosting\" itemprop=\"blogPost\" ><div class='avia_textblock  '   itemprop=\"text\" ><p style=\"text-align: justify;\">Los recientes resultados de la PAES dejaron a muchos j\u00f3venes la regi\u00f3n con destacados puntajes, que les permitir\u00e1n en su gran mayor\u00eda ingresar a la educaci\u00f3n superior y estudiar las carreras para las cuales se han venido preparando.<\/p>\n<p style=\"text-align: justify;\">En el caso de la comuna de Ays\u00e9n, hubo puntajes destacados y sobre los 900 en el liceo San Jos\u00e9 U.R., en el liceo Santa Teresa de Los Andes y en el colegio Kalem. Algunos de ellos, fueron invitados por el Alcalde, Julio Uribe, a compartir un momento de camarader\u00eda.<\/p>\n<p style=\"text-align: justify;\">Esta fue una valiosa instancia de dialogo y de recoger los importantes comentarios de la visi\u00f3n que poseen los j\u00f3venes sobre el futuro de la comuna de Ays\u00e9n.<\/p>\n<p style=\"text-align: justify;\">\u201cUn desayuno muy grato con quienes obtuvieron puntajes destacados en la PAES 2023. Creo que, es un acto m\u00e1s bien simb\u00f3lico, porque sabemos que a muchos estudiantes les ha ido muy bien y han obtenido muy buenos resultados. Felicitar a todos y desearles lo mejor, desearles que sus postulaciones a las universidades sean en las que ellos quieren estar y que puedan tener el desarrollo que necesitamos para sus diferentes profesiones\u201d, se\u00f1al\u00f3 el Alcalde de la comuna de Ays\u00e9n, Julio Uribe.<\/p>\n<p style=\"text-align: justify;\">En tanto, la directora del liceo San Jos\u00e9 U.R., Marcela Castro, relev\u00f3 los logros obtenidos por los estudiantes de su establecimiento, entre ellos, Ignacio Uribe, quien fue puntaje regional en Matem\u00e1ticas con 989. Adem\u00e1s, agradeci\u00f3 la instancia propiciada por el Municipio. \u201cMe parece que es un gesto que realmente hay que destacar, que se reconozca el esfuerzo de todos los ni\u00f1os que han rendido la PAES. Yo quiero tambi\u00e9n felicitar a todos los j\u00f3venes, en especial a nuestros estudiantes, ex alumnos del liceo San Jos\u00e9 U.R., que hoy d\u00eda tienen la posibilidad de postular, porque tambi\u00e9n son ni\u00f1os con capacidades, que yo creo que son destacadas\u201d.<\/p>\n<p style=\"text-align: justify;\">La directora del colegio Kalem, Marcela Jaramillo, se mostr\u00f3 agradecida de ser parte de una actividad convocada por el Municipio, donde se reconocen los logros de estudiantes de la comuna. \u201cNosotros agradecidos de la invitaci\u00f3n que nos hace el se\u00f1or Alcalde, don Julio Uribe, y orgullosos no solamente de los alumnos del colegio Kalem, sino que, de los alumnos en general de la comuna. Nosotros tenemos altas expectativas con nuestros alumnos, nuestros focos son ellos, as\u00ed es que, orgullosos y agradecidos\u201d.<\/p>\n<p style=\"text-align: justify;\">Por su parte, el director del liceo Santa Teresa de Los Andes, Sebasti\u00e1n Steinmeyer, igualmente agradeci\u00f3 la actividad convocada por el Alcalde de la comuna, rescatando que los puntajes destacados de su establecimiento, \u201cson estudiantes que vienen del primer ciclo b\u00e1sico, son aquellos estudiantes a los que les hemos ense\u00f1ado a leer y escribir, que hoy nos enorgullecen demostrando los excelentes resultados. Cabe se\u00f1alar que, Sof\u00eda, fue quien obtuvo el puntaje m\u00e1s alto de las mujeres que rindieron la PAES en la regi\u00f3n de Ays\u00e9n\u201d.<\/p>\n<p style=\"text-align: justify;\">Precisamente, Sof\u00eda Arce, valor\u00f3 el gran apoyo familiar, del colegio, pero tambi\u00e9n remarc\u00f3 que fue en gran parte su inter\u00e9s y empe\u00f1o lo que le permiti\u00f3 obtener un alto puntaje en la PAES. \u201cEstoy muy contenta porque yo estudie harto durante el a\u00f1o, pero tampoco esperaba que me hubiese ido as\u00ed de bien, as\u00ed es que, estoy muy feliz. Quiero estudiar medicina, yo quer\u00eda que me vaya bien, as\u00ed es que, estaba enfocada en eso, el colegio fue parte esencial, los profes siempre estuvieron preocupados de c\u00f3mo nos iba, nos hac\u00edan ensayos, estaban muy pendientes, fue una parte importante para lograr los resultados. Dedicar este logro a mis pap\u00e1s, a mi familia, que siempre estuvieron conmigo, que siempre me apoy\u00f3\u201d.<\/p>\n<p style=\"text-align: justify;\">Daniel Mar\u00edn, otro ex estudiante del colegio Santa Teresa, dijo que el compartir con la autoridad y otros j\u00f3venes fue una muy buena instancia. Adem\u00e1s, indic\u00f3 que los primeros minutos que supo de su resultado en la PAES no lo hab\u00eda tomado muy en cuenta, sino que, hasta despu\u00e9s de que lo comenzaron a llamar para felicitarlo, es ah\u00ed donde agradece el permanente apoyo de su familia, en especial de su madre y por supuesto de su liceo, se\u00f1alando que estudiar\u00e1 para ser un futuro tecn\u00f3logo m\u00e9dico.<\/p>\n<p style=\"text-align: justify;\">Ignacio Uribe, ex alumno del liceo San Jos\u00e9 U.R. al igual que Sof\u00eda y Daniel, obtuvo 989 puntos en la PAES de matem\u00e1ticas. Esto le permite postular a la educaci\u00f3n superior sin mayores inconvenientes, por ello, dio un importante significado al reconocimiento hecho por la Municipalidad de Ays\u00e9n, \u201cencuentro que es una buena oportunidad para dar a conocer a los estudiantes de la regi\u00f3n y que se reconozca el hecho de que nosotros nos esforzamos para llevar estos resultados igual es algo positivo para la comuna y para la regi\u00f3n. Estudi\u00e9 lo suficiente, el liceo me dio muchas oportunidades tambi\u00e9n para estudiar, aprender y obtener el resultado que saqu\u00e9\u201d.<\/p>\n<p style=\"text-align: justify;\">Francisco Saavedra, ex alumno del colegio Kalem, mencion\u00f3 que es muy rescatable un reconocimiento, como as\u00ed mismo, aquellos que, con un saludo, destacan buenos resultados que evidencian a\u00f1os de esfuerzo. \u201cAgradecido de la invitaci\u00f3n, el reconocimiento tambi\u00e9n de algunas t\u00edas del colegio. Es muy importante que reconozcan un puntaje, porque eso reconoce tambi\u00e9n un esfuerzo de muchos a\u00f1os estudiando para la prueba, as\u00ed es que, se agradece la invitaci\u00f3n. Muchas gracias tambi\u00e9n a todos quienes han apoyado este proceso y para lograr este puntaje\u201d.<\/p>\n<p style=\"text-align: justify;\">Por \u00faltimo, Benjam\u00edn Gueicha, del colegio Kalem, agradeci\u00f3 la invitaci\u00f3n a la actividad de camarader\u00eda y en cuanto a su desarrollo para obtener un elevado puntaje en la PAES, no pudo dejar de mencionar los dos a\u00f1os de pandemia, que, sin duda, perjudicaron en cierta medida los aprendizajes, pero, \u201cla verdad desde el colegio, tercero y cuarto a\u00f1o medio, fue mucho el apoyo que nos dieron para nivelar los conocimientos que hab\u00edamos perdido. Ha sido un trabajo complicado, pero al final vali\u00f3 la pena\u201d.<\/p>\n<p style=\"text-align: justify;\">Los j\u00f3venes que en esta oportunidad obtuvieron destacados puntajes en la PAES, enviaron un mensaje a sus compa\u00f1eros que comienzan la ense\u00f1anza media, incluso a los m\u00e1s peque\u00f1os a, ser perseverantes, no abandonar los estudios, reforzar las materias que m\u00e1s les complican, no quedarse con las dudas, investigar y por sobre todo luchar por sus objetivos. Todo se puede lograr, principalmente con el inter\u00e9s propio, el apoyo familiar y el gran trabajo de los colegios donde estudian, remarcaron.<\/p>\n<\/div><\/section><\/div><div  style='height:50px' class='hr hr-invisible   avia-builder-el-6  el_after_av_one_full  el_before_av_social_share '><span class='hr-inner ' ><span class='hr-inner-style'><\/span><\/span><\/div><\/p>\n<div  class='av-social-sharing-box  avia-builder-el-7  el_after_av_hr  el_before_av_hr  '><div class='av-share-box'><h5 class='av-share-link-description av-no-toc '>Compartir esta noticia<\/h5><ul class='av-share-box-list noLightbox'><li class='av-share-link av-social-link-facebook' ><a target=\"_blank\" aria-label=\"Compartir en Facebook\" href='https:\/\/www.facebook.com\/sharer.php?u=https:\/\/radiorevelacionfm.cl\/?p=38662&#038;t=Estudiantes%20que%20obtienen%20altos%20puntajes%20en%20la%20PAES%20valoran%20reconocimiento%20de%20autoridad%20comunal%20Aysenina' aria-hidden='false' data-av_icon='\ue8f3' data-av_iconfont='entypo-fontello' title='' data-avia-related-tooltip='Compartir en Facebook' rel=\"noopener\"><span class='avia_hidden_link_text'>Compartir en Facebook<\/span><\/a><\/li><li class='av-share-link av-social-link-twitter' ><a target=\"_blank\" aria-label=\"Compartir en Twitter\" href='https:\/\/twitter.com\/share?text=Estudiantes%20que%20obtienen%20altos%20puntajes%20en%20la%20PAES%20valoran%20reconocimiento%20de%20autoridad%20comunal%20Aysenina&#038;url=https:\/\/radiorevelacionfm.cl\/?p=38662' aria-hidden='false' data-av_icon='\ue8f1' data-av_iconfont='entypo-fontello' title='' data-avia-related-tooltip='Compartir en Twitter' rel=\"noopener\"><span class='avia_hidden_link_text'>Compartir en Twitter<\/span><\/a><\/li><li class='av-share-link av-social-link-whatsapp' ><a target=\"_blank\" aria-label=\"Compartir en Whatsapp\" href='https:\/\/api.whatsapp.com\/send?text=https:\/\/radiorevelacionfm.cl\/?p=38662' aria-hidden='false' data-av_icon='\uf232' data-av_iconfont='entypo-fontello' title='' data-avia-related-tooltip='Compartir en Whatsapp' rel=\"noopener\"><span class='avia_hidden_link_text'>Compartir en Whatsapp<\/span><\/a><\/li><li class='av-share-link av-social-link-linkedin' ><a target=\"_blank\" aria-label=\"Compartir en LinkedIn\" href='https:\/\/linkedin.com\/shareArticle?mini=true&#038;title=Estudiantes%20que%20obtienen%20altos%20puntajes%20en%20la%20PAES%20valoran%20reconocimiento%20de%20autoridad%20comunal%20Aysenina&#038;url=https:\/\/radiorevelacionfm.cl\/?p=38662' aria-hidden='false' data-av_icon='\ue8fc' data-av_iconfont='entypo-fontello' title='' data-avia-related-tooltip='Compartir en LinkedIn' rel=\"noopener\"><span class='avia_hidden_link_text'>Compartir en LinkedIn<\/span><\/a><\/li><li class='av-share-link av-social-link-mail' ><a  aria-label=\"Compartir por correo\" href='mailto:?subject=Estudiantes%20que%20obtienen%20altos%20puntajes%20en%20la%20PAES%20valoran%20reconocimiento%20de%20autoridad%20comunal%20Aysenina&#038;body=https:\/\/radiorevelacionfm.cl\/?p=38662' aria-hidden='false' data-av_icon='\ue805' data-av_iconfont='entypo-fontello' title='' data-avia-related-tooltip='Compartir por correo'><span class='avia_hidden_link_text'>Compartir por correo<\/span><\/a><\/li><\/ul><\/div><\/div>\n<div  style='height:50px' class='hr hr-invisible   avia-builder-el-8  el_after_av_social_share  el_before_av_comments_list '><span class='hr-inner ' ><span class='hr-inner-style'><\/span><\/span><\/div>\n<div  class='av-buildercomment  av-blog-meta-html-info-disabled av-blog-meta-tag-disabled  '><\/div>\n","protected":false},"excerpt":{"rendered":"","protected":false},"author":1,"featured_media":38663,"comment_status":"open","ping_status":"open","sticky":false,"template":"","format":"standard","meta":{"footnotes":""},"categories":[38],"tags":[],"class_list":["post-38662","post","type-post","status-publish","format-standard","has-post-thumbnail","hentry","category-regional"],"jetpack_featured_media_url":"https:\/\/radiorevelacionfm.cl\/wp-content\/uploads\/2024\/01\/RECONOC-PAES-AYSEN-2-1-1.jpg","_links":{"self":[{"href":"https:\/\/radiorevelacionfm.cl\/index.php?rest_route=\/wp\/v2\/posts\/38662","targetHints":{"allow":["GET"]}}],"collection":[{"href":"https:\/\/radiorevelacionfm.cl\/index.php?rest_route=\/wp\/v2\/posts"}],"about":[{"href":"https:\/\/radiorevelacionfm.cl\/index.php?rest_route=\/wp\/v2\/types\/post"}],"author":[{"embeddable":true,"href":"https:\/\/radiorevelacionfm.cl\/index.php?rest_route=\/wp\/v2\/users\/1"}],"replies":[{"embeddable":true,"href":"https:\/\/radiorevelacionfm.cl\/index.php?rest_route=%2Fwp%2Fv2%2Fcomments&post=38662"}],"version-history":[{"count":1,"href":"https:\/\/radiorevelacionfm.cl\/index.php?rest_route=\/wp\/v2\/posts\/38662\/revisions"}],"predecessor-version":[{"id":38664,"href":"https:\/\/radiorevelacionfm.cl\/index.php?rest_route=\/wp\/v2\/posts\/38662\/revisions\/38664"}],"wp:featuredmedia":[{"embeddable":true,"href":"https:\/\/radiorevelacionfm.cl\/index.php?rest_route=\/wp\/v2\/media\/38663"}],"wp:attachment":[{"href":"https:\/\/radiorevelacionfm.cl\/index.php?rest_route=%2Fwp%2Fv2%2Fmedia&parent=38662"}],"wp:term":[{"taxonomy":"category","embeddable":true,"href":"https:\/\/radiorevelacionfm.cl\/index.php?rest_route=%2Fwp%2Fv2%2Fcategories&post=38662"},{"taxonomy":"post_tag","embeddable":true,"href":"https:\/\/radiorevelacionfm.cl\/index.php?rest_route=%2Fwp%2Fv2%2Ftags&post=38662"}],"curies":[{"name":"wp","href":"https:\/\/api.w.org\/{rel}","templated":true}]}}