{"id":3866,"date":"2021-05-06T16:28:52","date_gmt":"2021-05-06T19:28:52","guid":{"rendered":"https:\/\/radiorevelacionfm.cl\/?p=3866"},"modified":"2021-05-06T16:28:52","modified_gmt":"2021-05-06T19:28:52","slug":"diputado-calisto-resalto-aprobacion-de-proyecto-que-extiende-el-post-natal-de-emergencia","status":"publish","type":"post","link":"https:\/\/radiorevelacionfm.cl\/?p=3866","title":{"rendered":"Diputado Calisto resalt\u00f3 aprobaci\u00f3n de proyecto que extiende el post natal de emergencia"},"content":{"rendered":"<div class=\"flex_column av_one_full  flex_column_div av-zero-column-padding first  avia-builder-el-0  el_before_av_one_full  avia-builder-el-first  \" style='border-radius:0px; '><div  class='avia-image-container  av-styling-    avia-builder-el-1  avia-builder-el-no-sibling  avia-align-center '  itemprop=\"image\" itemscope=\"itemscope\" itemtype=\"https:\/\/schema.org\/ImageObject\"  ><div class='avia-image-container-inner'><div class='avia-image-overlay-wrap'><img decoding=\"async\" class='wp-image-3867 avia-img-lazy-loading-not-3867 avia_image' src=\"https:\/\/radiorevelacionfm.cl\/wp-content\/uploads\/2021\/05\/Calisto31.jpg\" alt='' title='Calisto(3)1' height=\"600\" width=\"899\"  itemprop=\"thumbnailUrl\" srcset=\"https:\/\/radiorevelacionfm.cl\/wp-content\/uploads\/2021\/05\/Calisto31.jpg 899w, https:\/\/radiorevelacionfm.cl\/wp-content\/uploads\/2021\/05\/Calisto31-300x200.jpg 300w, https:\/\/radiorevelacionfm.cl\/wp-content\/uploads\/2021\/05\/Calisto31-768x513.jpg 768w, https:\/\/radiorevelacionfm.cl\/wp-content\/uploads\/2021\/05\/Calisto31-705x471.jpg 705w, https:\/\/radiorevelacionfm.cl\/wp-content\/uploads\/2021\/05\/Calisto31-600x400.jpg 600w\" sizes=\"(max-width: 899px) 100vw, 899px\" \/><\/div><\/div><\/div><\/div><div class=\"flex_column av_one_full  flex_column_div av-zero-column-padding first  avia-builder-el-2  el_after_av_one_full  el_before_av_one_full  column-top-margin\" style='border-radius:0px; '><section class=\"av_textblock_section \"  itemscope=\"itemscope\" itemtype=\"https:\/\/schema.org\/BlogPosting\" itemprop=\"blogPost\" ><div class='avia_textblock  '   itemprop=\"text\" ><p style=\"text-align: center;\"><span style=\"font-size: 18pt;\"><b><span lang=\"ES\">Diputado Calisto resalt\u00f3 aprobaci\u00f3n de proyecto que extiende el post natal de emergencia<\/span><\/b><\/span><\/p>\n<div id=\"gtx-trans\" style=\"position: absolute; left: -50px; top: 4.31534px;\">\n<div class=\"gtx-trans-icon\"><\/div>\n<\/div>\n<\/div><\/section><\/div><div class=\"flex_column av_one_full  flex_column_div av-zero-column-padding first  avia-builder-el-4  el_after_av_one_full  el_before_av_hr  column-top-margin\" style='border-radius:0px; '><section class=\"av_textblock_section \"  itemscope=\"itemscope\" itemtype=\"https:\/\/schema.org\/BlogPosting\" itemprop=\"blogPost\" ><div class='avia_textblock  '   itemprop=\"text\" ><p style=\"font-weight: 400; text-align: justify;\">Con el voto favorable del diputado Miguel \u00c1ngel Calisto, la C\u00e1mara aprob\u00f3 en general el proyecto que busca extender el postnatal de emergencia, iniciativa que fue despachada a ley en julio del a\u00f1o pasado y cuyo plazo de vigencia ya venci\u00f3 para algunas madres, en medio de la segunda ola del covid-19 en el pa\u00eds.<\/p>\n<p style=\"font-weight: 400; text-align: justify;\">Seg\u00fan lo explicado por el diputado Calisto, \u201cla propuesta extiende de 90 a 150 d\u00edas la licencia preventiva y la condiciona a la alerta sanitaria decretada por el Ministerio de Salud. Responde a una necesidad urgente que tiene como principal foco el cuidado de los lactantes por sus madres, es el bien superior que estamos buscando garantizar extendiendo este post natal de emergencia, considerando que la pandemia contin\u00faa\u201d.<\/p>\n<p style=\"font-weight: 400; text-align: justify;\">\u201cActualmente, una vez cumplido el plazo del postnatal parental, se puede acceder a esta licencia que se extiende por un plazo de 30 d\u00edas, pudi\u00e9ndose renovar por un m\u00e1ximo de dos veces por el mismo periodo, mientras se mantenga el estado de excepci\u00f3n constitucional de Cat\u00e1strofe por la pandemia de Covid-19\u201d, indic\u00f3.<\/p>\n<p style=\"font-weight: 400; text-align: justify;\">El legislador afirm\u00f3 que \u201cla propuesta extender\u00eda la aplicaci\u00f3n de este beneficio, permitiendo su renovaci\u00f3n por un m\u00e1ximo de cuatro veces y elimina la condicionante del estado de excepci\u00f3n constitucional, reemplaz\u00e1ndolo por el de alerta sanitaria decretada por el Ministerio de Salud\u201d.<\/p>\n<p style=\"font-weight: 400; text-align: justify;\">\u201cLa licencia establecida en este proyecto deber\u00e1 otorgarse por jornada completa y, si la o el trabajador estuviese haciendo uso de otra licencia m\u00e9dica, deber\u00e1 esperar al t\u00e9rmino de ella para poder hacer uso de la preventiva parental. Por medio de un art\u00edculo transitorio, se establece que quienes, al momento de la publicaci\u00f3n de esta ley, ya hubiesen hecho uso de la licencia por el m\u00e1ximo de renovaciones que se permit\u00eda (dos), tendr\u00e1n ahora derecho a usar las dos renovaciones adicionales ya mencionadas, generando un efecto retroactivo de la norma\u201d, indic\u00f3.<\/p>\n<p style=\"font-weight: 400; text-align: justify;\">Finalmente, el diputado miguel \u00c1ngel Calisto asegur\u00f3 que \u201cla iniciativa reemplaza las menciones al estado de excepci\u00f3n por el de alerta sanitaria en las normas que establecen el acuerdo entre el empleador y trabajadoras embarazadas para realizar funciones de teletrabajo o sin contacto al p\u00fablico y que extienden el fuero maternal\u201d.<\/p>\n<\/div><\/section><\/div><div  style='height:50px' class='hr hr-invisible   avia-builder-el-6  el_after_av_one_full  el_before_av_social_share '><span class='hr-inner ' ><span class='hr-inner-style'><\/span><\/span><\/div><\/p>\n<div  class='av-social-sharing-box  avia-builder-el-7  el_after_av_hr  el_before_av_hr  '><div class='av-share-box'><h5 class='av-share-link-description av-no-toc '>Compartir esta noticia<\/h5><ul class='av-share-box-list noLightbox'><li class='av-share-link av-social-link-facebook' ><a target=\"_blank\" aria-label=\"Compartir en Facebook\" href='https:\/\/www.facebook.com\/sharer.php?u=https:\/\/radiorevelacionfm.cl\/?p=3866&#038;t=Diputado%20Calisto%20resalt%C3%B3%20aprobaci%C3%B3n%20de%20proyecto%20que%20extiende%20el%20post%20natal%20de%20emergencia' aria-hidden='false' data-av_icon='\ue8f3' data-av_iconfont='entypo-fontello' title='' data-avia-related-tooltip='Compartir en Facebook' rel=\"noopener\"><span class='avia_hidden_link_text'>Compartir en Facebook<\/span><\/a><\/li><li class='av-share-link av-social-link-twitter' ><a target=\"_blank\" aria-label=\"Compartir en Twitter\" href='https:\/\/twitter.com\/share?text=Diputado%20Calisto%20resalt%C3%B3%20aprobaci%C3%B3n%20de%20proyecto%20que%20extiende%20el%20post%20natal%20de%20emergencia&#038;url=https:\/\/radiorevelacionfm.cl\/?p=3866' aria-hidden='false' data-av_icon='\ue8f1' data-av_iconfont='entypo-fontello' title='' data-avia-related-tooltip='Compartir en Twitter' rel=\"noopener\"><span class='avia_hidden_link_text'>Compartir en Twitter<\/span><\/a><\/li><li class='av-share-link av-social-link-whatsapp' ><a target=\"_blank\" aria-label=\"Compartir en Whatsapp\" href='https:\/\/api.whatsapp.com\/send?text=https:\/\/radiorevelacionfm.cl\/?p=3866' aria-hidden='false' data-av_icon='\uf232' data-av_iconfont='entypo-fontello' title='' data-avia-related-tooltip='Compartir en Whatsapp' rel=\"noopener\"><span class='avia_hidden_link_text'>Compartir en Whatsapp<\/span><\/a><\/li><li class='av-share-link av-social-link-linkedin' ><a target=\"_blank\" aria-label=\"Compartir en LinkedIn\" href='https:\/\/linkedin.com\/shareArticle?mini=true&#038;title=Diputado%20Calisto%20resalt%C3%B3%20aprobaci%C3%B3n%20de%20proyecto%20que%20extiende%20el%20post%20natal%20de%20emergencia&#038;url=https:\/\/radiorevelacionfm.cl\/?p=3866' aria-hidden='false' data-av_icon='\ue8fc' data-av_iconfont='entypo-fontello' title='' data-avia-related-tooltip='Compartir en LinkedIn' rel=\"noopener\"><span class='avia_hidden_link_text'>Compartir en LinkedIn<\/span><\/a><\/li><li class='av-share-link av-social-link-mail' ><a  aria-label=\"Compartir por correo\" href='mailto:?subject=Diputado%20Calisto%20resalt%C3%B3%20aprobaci%C3%B3n%20de%20proyecto%20que%20extiende%20el%20post%20natal%20de%20emergencia&#038;body=https:\/\/radiorevelacionfm.cl\/?p=3866' aria-hidden='false' data-av_icon='\ue805' data-av_iconfont='entypo-fontello' title='' data-avia-related-tooltip='Compartir por correo'><span class='avia_hidden_link_text'>Compartir por correo<\/span><\/a><\/li><\/ul><\/div><\/div>\n<div  style='height:50px' class='hr hr-invisible   avia-builder-el-8  el_after_av_social_share  el_before_av_comments_list '><span class='hr-inner ' ><span class='hr-inner-style'><\/span><\/span><\/div>\n<div  class='av-buildercomment  av-blog-meta-html-info-disabled av-blog-meta-tag-disabled  '><\/div>\n","protected":false},"excerpt":{"rendered":"","protected":false},"author":1,"featured_media":3867,"comment_status":"open","ping_status":"open","sticky":false,"template":"","format":"standard","meta":{"footnotes":""},"categories":[35],"tags":[],"class_list":["post-3866","post","type-post","status-publish","format-standard","has-post-thumbnail","hentry","category-politica"],"jetpack_featured_media_url":"https:\/\/radiorevelacionfm.cl\/wp-content\/uploads\/2021\/05\/Calisto31.jpg","_links":{"self":[{"href":"https:\/\/radiorevelacionfm.cl\/index.php?rest_route=\/wp\/v2\/posts\/3866","targetHints":{"allow":["GET"]}}],"collection":[{"href":"https:\/\/radiorevelacionfm.cl\/index.php?rest_route=\/wp\/v2\/posts"}],"about":[{"href":"https:\/\/radiorevelacionfm.cl\/index.php?rest_route=\/wp\/v2\/types\/post"}],"author":[{"embeddable":true,"href":"https:\/\/radiorevelacionfm.cl\/index.php?rest_route=\/wp\/v2\/users\/1"}],"replies":[{"embeddable":true,"href":"https:\/\/radiorevelacionfm.cl\/index.php?rest_route=%2Fwp%2Fv2%2Fcomments&post=3866"}],"version-history":[{"count":1,"href":"https:\/\/radiorevelacionfm.cl\/index.php?rest_route=\/wp\/v2\/posts\/3866\/revisions"}],"predecessor-version":[{"id":3868,"href":"https:\/\/radiorevelacionfm.cl\/index.php?rest_route=\/wp\/v2\/posts\/3866\/revisions\/3868"}],"wp:featuredmedia":[{"embeddable":true,"href":"https:\/\/radiorevelacionfm.cl\/index.php?rest_route=\/wp\/v2\/media\/3867"}],"wp:attachment":[{"href":"https:\/\/radiorevelacionfm.cl\/index.php?rest_route=%2Fwp%2Fv2%2Fmedia&parent=3866"}],"wp:term":[{"taxonomy":"category","embeddable":true,"href":"https:\/\/radiorevelacionfm.cl\/index.php?rest_route=%2Fwp%2Fv2%2Fcategories&post=3866"},{"taxonomy":"post_tag","embeddable":true,"href":"https:\/\/radiorevelacionfm.cl\/index.php?rest_route=%2Fwp%2Fv2%2Ftags&post=3866"}],"curies":[{"name":"wp","href":"https:\/\/api.w.org\/{rel}","templated":true}]}}