{"id":38659,"date":"2024-01-07T20:55:17","date_gmt":"2024-01-07T23:55:17","guid":{"rendered":"https:\/\/radiorevelacionfm.cl\/?p=38659"},"modified":"2024-01-07T20:55:17","modified_gmt":"2024-01-07T23:55:17","slug":"seremi-karina-acevedo-refuerza-compromiso-de-gobierno-en-aysen-tras-resultado-de-estudio-nacional-de-discapacidad","status":"publish","type":"post","link":"https:\/\/radiorevelacionfm.cl\/?p=38659","title":{"rendered":"Seremi Karina Acevedo refuerza compromiso de gobierno en Ays\u00e9n tras resultado de estudio nacional de discapacidad"},"content":{"rendered":"<div class=\"flex_column av_one_full  flex_column_div av-zero-column-padding first  avia-builder-el-0  el_before_av_one_full  avia-builder-el-first  \" style='border-radius:0px; '><div  class='avia-image-container  av-styling-    avia-builder-el-1  avia-builder-el-no-sibling  avia-align-center '  itemprop=\"image\" itemscope=\"itemscope\" itemtype=\"https:\/\/schema.org\/ImageObject\"  ><div class='avia-image-container-inner'><div class='avia-image-overlay-wrap'><img decoding=\"async\" class='wp-image-38660 avia-img-lazy-loading-not-38660 avia_image' src=\"https:\/\/radiorevelacionfm.cl\/wp-content\/uploads\/2024\/01\/seremiestudio-1_optimized-1.jpeg\" alt='' title='seremiestudio-(1)_optimized (1)' height=\"600\" width=\"1067\"  itemprop=\"thumbnailUrl\" srcset=\"https:\/\/radiorevelacionfm.cl\/wp-content\/uploads\/2024\/01\/seremiestudio-1_optimized-1.jpeg 1067w, https:\/\/radiorevelacionfm.cl\/wp-content\/uploads\/2024\/01\/seremiestudio-1_optimized-1-300x169.jpeg 300w, https:\/\/radiorevelacionfm.cl\/wp-content\/uploads\/2024\/01\/seremiestudio-1_optimized-1-1030x579.jpeg 1030w, https:\/\/radiorevelacionfm.cl\/wp-content\/uploads\/2024\/01\/seremiestudio-1_optimized-1-768x432.jpeg 768w, https:\/\/radiorevelacionfm.cl\/wp-content\/uploads\/2024\/01\/seremiestudio-1_optimized-1-705x396.jpeg 705w, https:\/\/radiorevelacionfm.cl\/wp-content\/uploads\/2024\/01\/seremiestudio-1_optimized-1-450x253.jpeg 450w, https:\/\/radiorevelacionfm.cl\/wp-content\/uploads\/2024\/01\/seremiestudio-1_optimized-1-600x337.jpeg 600w\" sizes=\"(max-width: 1067px) 100vw, 1067px\" \/><\/div><\/div><\/div><\/div><div class=\"flex_column av_one_full  flex_column_div av-zero-column-padding first  avia-builder-el-2  el_after_av_one_full  el_before_av_one_full  column-top-margin\" style='border-radius:0px; '><section class=\"av_textblock_section \"  itemscope=\"itemscope\" itemtype=\"https:\/\/schema.org\/BlogPosting\" itemprop=\"blogPost\" ><div class='avia_textblock  '   itemprop=\"text\" ><p style=\"text-align: center;\"><strong><span style=\"font-size: 18pt;\">Seremi Karina Acevedo refuerza compromiso de gobierno en Ays\u00e9n tras resultado de estudio nacional de discapacidad <\/span><\/strong><\/p>\n<div id=\"gtx-trans\" style=\"position: absolute; left: -50px; top: 4.31534px;\">\n<div class=\"gtx-trans-icon\"><\/div>\n<\/div>\n<\/div><\/section><\/div><div class=\"flex_column av_one_full  flex_column_div av-zero-column-padding first  avia-builder-el-4  el_after_av_one_full  el_before_av_hr  column-top-margin\" style='border-radius:0px; '><section class=\"av_textblock_section \"  itemscope=\"itemscope\" itemtype=\"https:\/\/schema.org\/BlogPosting\" itemprop=\"blogPost\" ><div class='avia_textblock  '   itemprop=\"text\" ><p class=\"v1MsoNormal\" style=\"text-align: justify;\"><i><span class=\"v1ContentPasted0\">La Seremi de Desarrollo Social y Familia enfatiz\u00f3 tras alto \u00edndice de discapacidad y dependencia en la regi\u00f3n de Ays\u00e9n que \u00abEste estudio valida que debemos sacar adelante un Sistema Nacional de Apoyos y Cuidados\u00bb.\u00a0<\/span><\/i><\/p>\n<p class=\"v1MsoNormal\" style=\"text-align: justify;\"><span class=\"v1ContentPasted0\">Un\u00a019,6% de la poblaci\u00f3n adulta de la regi\u00f3n\u00a0de Ays\u00e9n\u00a0son personas con discapacidad, una proporci\u00f3n mayor que el porcentaje de la poblaci\u00f3n nacional de 17,6%, seg\u00fan arroj\u00f3 el Estudio Nacional de Discapacidad (ENDISC) 2022 que\u00a0<\/span><span class=\"v1ContentPasted0\">presenta una visi\u00f3n actualizada sobre la discapacidad en el pa\u00eds.\u00a0<\/span><\/p>\n<p class=\"v1MsoNormal\" style=\"text-align: justify;\"><span class=\"v1ContentPasted0\">Hay que recordar que el \u00faltimo estudio se realiz\u00f3 en el a\u00f1o 2015, por lo que los nuevos antecedentes entregados fueron valorados por la Seremi de Desarrollo Social y Familia Karina Acevedo Auad<\/span><span class=\"v1ContentPasted0\">, quien se\u00f1al\u00f3 que van en concordancia con la construcci\u00f3n del Sistema Nacional de Apoyos y Cuidados\u00a0<\/span><span class=\"v1normaltextrun\"><span class=\"v1ContentPasted0\" lang=\"ES-MX\">\u00abYa contamos con los datos del Estudio de Discapacidad y Dependencia a nivel nacional, lo cuales validan profundamente el esfuerzo que estamos haciendo junto al presidente Gabriel Boric para poder potenciar y sacar adelante un Sistema Nacional de Apoyos y Cuidados, lo que nos valida el trabajo del d\u00eda a d\u00eda y no solamente a nivel nacional, sino tambi\u00e9n aqu\u00ed en la regi\u00f3n de Ays\u00e9n\u00bb.\u00a0<\/span><\/span><span class=\"v1eop\">\u00a0<\/span><\/p>\n<p class=\"v1MsoNormal\" style=\"text-align: justify;\"><span class=\"v1ContentPasted0\">En cuanto al desglose regional, un total de\u00a0<\/span><span class=\"v1ContentPasted0\">15.748 personas adultas presentan discapacidad, mientras que el total a nivel pa\u00eds alcanza a 2.703.893 personas que equivale al 17,6%. Tambi\u00e9n se observa que las mujeres presentan una mayor prevalencia de discapacidad (23,7%) que los hombres (15,6%).<\/span><\/p>\n<p class=\"v1MsoNormal\" style=\"text-align: justify;\"><span class=\"v1ContentPasted0\">Al respecto la Seremi de Desarrollo Social y Familia Karina Acevedo mencion\u00f3 que l<\/span><span class=\"v1normaltextrun\"><span class=\"v1ContentPasted0\">os antecedentes regionales son<\/span><\/span><span class=\"v1normaltextrun\"><span class=\"v1ContentPasted0\" lang=\"ES-MX\">\u00a0importantes, ya que permiten construir una pol\u00edtica p\u00fablica adecuada en el territorio \u00abTenemos una gran brecha de inclusi\u00f3n social, la que debemos trabajar intersectorialmente, por otro lado, aumentamos en la regi\u00f3n de\u00a0<\/span><span class=\"v1ContentPasted0\">Ays\u00e9n a un 19,6% de discapacidad y dependencia, que es un n\u00famero m\u00e1s alto de lo que tenemos a nivel nacional, aumentamos dos puntos a lo cual debemos estar atentos. Otro antecedente es que el 53% de las personas que tienen discapacidad, tiene dependencia de moderada a severa. Son datos que nos dicen que debemos actualizar nuestra forma de trabajar y poder, adem\u00e1s, ajustar la pol\u00edtica p\u00fablica y dar respuesta a esta demanda que tenemos en la ciudadan\u00eda\u00bb.\u00a0\u00a0En relaci\u00f3n a estos n\u00fameros agreg\u00f3 que \u00abHoy d\u00eda el Sistema Nacional de Apoyos y Cuidados nos permite dar respuesta a un desarrollo futuro porque a mayor edad, mayor discapacidad y mayor dependencia, as\u00ed que nos estamos preparando como Estado, para poder abordar un Sistema, que es de todos en su conjunto\u00bb.\u00a0<\/span><\/span><\/p>\n<p class=\"v1MsoNormal\" style=\"text-align: justify;\"><span class=\"v1ContentPasted0\">Entre los detalles de<\/span><span class=\"v1ContentPasted0\">\u00a0este estudio se considera la participaci\u00f3n directa de ni\u00f1as, ni\u00f1os y adolescentes entre los 2 y 17 a\u00f1os en donde la prevalencia nacional de discapacidad en esta poblaci\u00f3n es de\u00a0<\/span><span class=\"v1ContentPasted0\">587.709, lo que equivale a un 14,7%.\u00a0<\/span><span class=\"v1ContentPasted0\">En lo que respecta al entorno y al ambiente, las personas con discapacidad en gran medida perciben como barreras (dif\u00edcil o muy f\u00e1cil de utilizar) el uso de los espacios p\u00fablicos (28,6%), tiendas, bancos o comercios (24,4%), sistema de transporte p\u00fablico (38,4%) y servicios de salud (38,3%).\u00a0\u00a0<\/span><\/p>\n<p class=\"v1MsoNormal\" style=\"text-align: justify;\"><span class=\"v1ContentPasted0\">Asimismo, las personas con discapacidad indican tener mayor dificultad que personas sin discapacidad para conseguir ayuda de parientes o familiares cercanos (27,3%), de amigos o compa\u00f1eros de trabajo o estudio (28%) y de vecinos o conocidos (36,9%).<\/span><span class=\"v1ContentPasted0\">\u00a0\u00a0<\/span><\/p>\n<p class=\"v1MsoNormal\" style=\"text-align: justify;\"><span class=\"v1ContentPasted0\">El libro completo se puede revisar en:\u00a0<\/span><a id=\"v1OWAe26fabe2-bf93-fbca-1bd4-373a565ccbc9\" class=\"v1OWAAutoLink v1ContentPasted0\" href=\"https:\/\/www.senadis.gob.cl\/pag\/693\/2004\/iii_estudio_nacional_de_la_discapacidad\" target=\"_blank\" rel=\"noopener noreferrer\">https:\/\/www.senadis.gob.cl\/pag\/693\/2004\/iii_estudio_nacional_de_la_discapacidad<\/a><\/p>\n<\/div><\/section><\/div><div  style='height:50px' class='hr hr-invisible   avia-builder-el-6  el_after_av_one_full  el_before_av_social_share '><span class='hr-inner ' ><span class='hr-inner-style'><\/span><\/span><\/div><\/p>\n<div  class='av-social-sharing-box  avia-builder-el-7  el_after_av_hr  el_before_av_hr  '><div class='av-share-box'><h5 class='av-share-link-description av-no-toc '>Compartir esta noticia<\/h5><ul class='av-share-box-list noLightbox'><li class='av-share-link av-social-link-facebook' ><a target=\"_blank\" aria-label=\"Compartir en Facebook\" href='https:\/\/www.facebook.com\/sharer.php?u=https:\/\/radiorevelacionfm.cl\/?p=38659&#038;t=Seremi%20Karina%20Acevedo%20refuerza%20compromiso%20de%20gobierno%20en%20Ays%C3%A9n%20tras%20resultado%20de%20estudio%20nacional%20de%20discapacidad' aria-hidden='false' data-av_icon='\ue8f3' data-av_iconfont='entypo-fontello' title='' data-avia-related-tooltip='Compartir en Facebook' rel=\"noopener\"><span class='avia_hidden_link_text'>Compartir en Facebook<\/span><\/a><\/li><li class='av-share-link av-social-link-twitter' ><a target=\"_blank\" aria-label=\"Compartir en Twitter\" href='https:\/\/twitter.com\/share?text=Seremi%20Karina%20Acevedo%20refuerza%20compromiso%20de%20gobierno%20en%20Ays%C3%A9n%20tras%20resultado%20de%20estudio%20nacional%20de%20discapacidad&#038;url=https:\/\/radiorevelacionfm.cl\/?p=38659' aria-hidden='false' data-av_icon='\ue8f1' data-av_iconfont='entypo-fontello' title='' data-avia-related-tooltip='Compartir en Twitter' rel=\"noopener\"><span class='avia_hidden_link_text'>Compartir en Twitter<\/span><\/a><\/li><li class='av-share-link av-social-link-whatsapp' ><a target=\"_blank\" aria-label=\"Compartir en Whatsapp\" href='https:\/\/api.whatsapp.com\/send?text=https:\/\/radiorevelacionfm.cl\/?p=38659' aria-hidden='false' data-av_icon='\uf232' data-av_iconfont='entypo-fontello' title='' data-avia-related-tooltip='Compartir en Whatsapp' rel=\"noopener\"><span class='avia_hidden_link_text'>Compartir en Whatsapp<\/span><\/a><\/li><li class='av-share-link av-social-link-linkedin' ><a target=\"_blank\" aria-label=\"Compartir en LinkedIn\" href='https:\/\/linkedin.com\/shareArticle?mini=true&#038;title=Seremi%20Karina%20Acevedo%20refuerza%20compromiso%20de%20gobierno%20en%20Ays%C3%A9n%20tras%20resultado%20de%20estudio%20nacional%20de%20discapacidad&#038;url=https:\/\/radiorevelacionfm.cl\/?p=38659' aria-hidden='false' data-av_icon='\ue8fc' data-av_iconfont='entypo-fontello' title='' data-avia-related-tooltip='Compartir en LinkedIn' rel=\"noopener\"><span class='avia_hidden_link_text'>Compartir en LinkedIn<\/span><\/a><\/li><li class='av-share-link av-social-link-mail' ><a  aria-label=\"Compartir por correo\" href='mailto:?subject=Seremi%20Karina%20Acevedo%20refuerza%20compromiso%20de%20gobierno%20en%20Ays%C3%A9n%20tras%20resultado%20de%20estudio%20nacional%20de%20discapacidad&#038;body=https:\/\/radiorevelacionfm.cl\/?p=38659' aria-hidden='false' data-av_icon='\ue805' data-av_iconfont='entypo-fontello' title='' data-avia-related-tooltip='Compartir por correo'><span class='avia_hidden_link_text'>Compartir por correo<\/span><\/a><\/li><\/ul><\/div><\/div>\n<div  style='height:50px' class='hr hr-invisible   avia-builder-el-8  el_after_av_social_share  el_before_av_comments_list '><span class='hr-inner ' ><span class='hr-inner-style'><\/span><\/span><\/div>\n<div  class='av-buildercomment  av-blog-meta-html-info-disabled av-blog-meta-tag-disabled  '><\/div>\n","protected":false},"excerpt":{"rendered":"","protected":false},"author":1,"featured_media":38660,"comment_status":"open","ping_status":"open","sticky":false,"template":"","format":"standard","meta":{"footnotes":""},"categories":[38],"tags":[],"class_list":["post-38659","post","type-post","status-publish","format-standard","has-post-thumbnail","hentry","category-regional"],"jetpack_featured_media_url":"https:\/\/radiorevelacionfm.cl\/wp-content\/uploads\/2024\/01\/seremiestudio-1_optimized-1.jpeg","_links":{"self":[{"href":"https:\/\/radiorevelacionfm.cl\/index.php?rest_route=\/wp\/v2\/posts\/38659","targetHints":{"allow":["GET"]}}],"collection":[{"href":"https:\/\/radiorevelacionfm.cl\/index.php?rest_route=\/wp\/v2\/posts"}],"about":[{"href":"https:\/\/radiorevelacionfm.cl\/index.php?rest_route=\/wp\/v2\/types\/post"}],"author":[{"embeddable":true,"href":"https:\/\/radiorevelacionfm.cl\/index.php?rest_route=\/wp\/v2\/users\/1"}],"replies":[{"embeddable":true,"href":"https:\/\/radiorevelacionfm.cl\/index.php?rest_route=%2Fwp%2Fv2%2Fcomments&post=38659"}],"version-history":[{"count":1,"href":"https:\/\/radiorevelacionfm.cl\/index.php?rest_route=\/wp\/v2\/posts\/38659\/revisions"}],"predecessor-version":[{"id":38661,"href":"https:\/\/radiorevelacionfm.cl\/index.php?rest_route=\/wp\/v2\/posts\/38659\/revisions\/38661"}],"wp:featuredmedia":[{"embeddable":true,"href":"https:\/\/radiorevelacionfm.cl\/index.php?rest_route=\/wp\/v2\/media\/38660"}],"wp:attachment":[{"href":"https:\/\/radiorevelacionfm.cl\/index.php?rest_route=%2Fwp%2Fv2%2Fmedia&parent=38659"}],"wp:term":[{"taxonomy":"category","embeddable":true,"href":"https:\/\/radiorevelacionfm.cl\/index.php?rest_route=%2Fwp%2Fv2%2Fcategories&post=38659"},{"taxonomy":"post_tag","embeddable":true,"href":"https:\/\/radiorevelacionfm.cl\/index.php?rest_route=%2Fwp%2Fv2%2Ftags&post=38659"}],"curies":[{"name":"wp","href":"https:\/\/api.w.org\/{rel}","templated":true}]}}