{"id":38656,"date":"2024-01-07T20:41:32","date_gmt":"2024-01-07T23:41:32","guid":{"rendered":"https:\/\/radiorevelacionfm.cl\/?p=38656"},"modified":"2024-01-07T20:41:32","modified_gmt":"2024-01-07T23:41:32","slug":"sigue-la-tradicion-lanzan-la-septima-edicion-de-corre-con-un-bombero","status":"publish","type":"post","link":"https:\/\/radiorevelacionfm.cl\/?p=38656","title":{"rendered":"Sigue la tradici\u00f3n: lanzan la s\u00e9ptima edici\u00f3n de \u201cCorre con un Bombero\u201d"},"content":{"rendered":"<div class=\"flex_column av_one_full  flex_column_div av-zero-column-padding first  avia-builder-el-0  el_before_av_one_full  avia-builder-el-first  \" style='border-radius:0px; '><div  class='avia-image-container  av-styling-    avia-builder-el-1  avia-builder-el-no-sibling  avia-align-center '  itemprop=\"image\" itemscope=\"itemscope\" itemtype=\"https:\/\/schema.org\/ImageObject\"  ><div class='avia-image-container-inner'><div class='avia-image-overlay-wrap'><img decoding=\"async\" class='wp-image-38657 avia-img-lazy-loading-not-38657 avia_image' src=\"https:\/\/radiorevelacionfm.cl\/wp-content\/uploads\/2024\/01\/20240105_112342-1-1.jpg\" alt='' title='20240105_112342 (1) (1)' height=\"600\" width=\"800\"  itemprop=\"thumbnailUrl\" srcset=\"https:\/\/radiorevelacionfm.cl\/wp-content\/uploads\/2024\/01\/20240105_112342-1-1.jpg 800w, https:\/\/radiorevelacionfm.cl\/wp-content\/uploads\/2024\/01\/20240105_112342-1-1-300x225.jpg 300w, https:\/\/radiorevelacionfm.cl\/wp-content\/uploads\/2024\/01\/20240105_112342-1-1-768x576.jpg 768w, https:\/\/radiorevelacionfm.cl\/wp-content\/uploads\/2024\/01\/20240105_112342-1-1-705x529.jpg 705w, https:\/\/radiorevelacionfm.cl\/wp-content\/uploads\/2024\/01\/20240105_112342-1-1-450x338.jpg 450w, https:\/\/radiorevelacionfm.cl\/wp-content\/uploads\/2024\/01\/20240105_112342-1-1-600x450.jpg 600w\" sizes=\"(max-width: 800px) 100vw, 800px\" \/><\/div><\/div><\/div><\/div><div class=\"flex_column av_one_full  flex_column_div av-zero-column-padding first  avia-builder-el-2  el_after_av_one_full  el_before_av_one_full  column-top-margin\" style='border-radius:0px; '><section class=\"av_textblock_section \"  itemscope=\"itemscope\" itemtype=\"https:\/\/schema.org\/BlogPosting\" itemprop=\"blogPost\" ><div class='avia_textblock  '   itemprop=\"text\" ><p style=\"text-align: center;\"><strong><span style=\"font-size: 18pt;\">Sigue la tradici\u00f3n: lanzan la s\u00e9ptima edici\u00f3n de \u201cCorre con un Bombero\u201d<\/span><\/strong><\/p>\n<div id=\"gtx-trans\" style=\"position: absolute; left: -50px; top: 4.31534px;\">\n<div class=\"gtx-trans-icon\"><\/div>\n<\/div>\n<\/div><\/section><\/div><div class=\"flex_column av_one_full  flex_column_div av-zero-column-padding first  avia-builder-el-4  el_after_av_one_full  el_before_av_hr  column-top-margin\" style='border-radius:0px; '><section class=\"av_textblock_section \"  itemscope=\"itemscope\" itemtype=\"https:\/\/schema.org\/BlogPosting\" itemprop=\"blogPost\" ><div class='avia_textblock  '   itemprop=\"text\" ><p style=\"text-align: justify;\"><em>Los bomberos de Ays\u00e9n nuevamente realizar\u00e1n su actividad anual \u201cCorre con un Bombero\u201d en el marco del 96 Aniversario de Puerto Ays\u00e9n.<\/em><\/p>\n<p style=\"text-align: justify;\">La actividad se realizar\u00e1 el pr\u00f3ximo 21 de enero, comenzando el recorrido a las 16:00 hrs desde el Polideportivo 21 de abril, pasando por calles Benigno D\u00edaz y Constantino Kalstromm, siguiendo por la ruta 240 hacia la rotonda y de vuelta en direcci\u00f3n al puente Presidente Ib\u00e1\u00f1ez, terminando por Sargento Aldea hasta la plaza de armas de la ciudad.<\/p>\n<p style=\"text-align: justify;\">El director de la Primera Compa\u00f1\u00eda de Bomberos de Ays\u00e9n, Flavio Ovando, invita a que la gente participe de este hito \u201cLa versi\u00f3n de Corre con un bombero es abierta a toda la comunidad, para el que quiera participar tambi\u00e9n con equipo estructural est\u00e1 cordialmente invitado. En cuanto a la inscripci\u00f3n, los civiles la deben hacer mediante el Polideportivo y los bomberos lo veremos nosotros de forma interna en la compa\u00f1\u00eda\u201d.<\/p>\n<p style=\"text-align: justify;\">Para el alcalde de Ays\u00e9n, Julio Uribe, la carrera es ya una tradici\u00f3n de la ciudad y asevera que es \u00fanica en el pa\u00eds, adem\u00e1s comenta que \u201ces importante destacar la vinculaci\u00f3n que hoy el municipio tiene con bomberos, nosotros estamos desarrollando proyectos de infraestructura como tambi\u00e9n le damos una subvenci\u00f3n y estas actividades vienen a realzar nuestro aniversario, tanto los 96 a\u00f1os Ays\u00e9n como los 93 del cuerpo bomberos\u201d.<\/p>\n<p style=\"text-align: justify;\">En esta ocasi\u00f3n se dispondr\u00e1n de trajes de bomberos para la gente que quiera vivir la experiencia de correr con esta, as\u00ed podr\u00e1n competir 2,5 km de los 6 km totales de la carrera con la dificultad extra que tienen los voluntarios a la hora de arriesgar combatir los incendios. Una forma para entender el esfuerzo y la valent\u00eda que tienen los bomberos de Chile.<\/p>\n<\/div><\/section><\/div><div  style='height:50px' class='hr hr-invisible   avia-builder-el-6  el_after_av_one_full  el_before_av_social_share '><span class='hr-inner ' ><span class='hr-inner-style'><\/span><\/span><\/div><\/p>\n<div  class='av-social-sharing-box  avia-builder-el-7  el_after_av_hr  el_before_av_hr  '><div class='av-share-box'><h5 class='av-share-link-description av-no-toc '>Compartir esta noticia<\/h5><ul class='av-share-box-list noLightbox'><li class='av-share-link av-social-link-facebook' ><a target=\"_blank\" aria-label=\"Compartir en Facebook\" href='https:\/\/www.facebook.com\/sharer.php?u=https:\/\/radiorevelacionfm.cl\/?p=38656&#038;t=Sigue%20la%20tradici%C3%B3n%3A%20lanzan%20la%20s%C3%A9ptima%20edici%C3%B3n%20de%20%E2%80%9CCorre%20con%20un%20Bombero%E2%80%9D' aria-hidden='false' data-av_icon='\ue8f3' data-av_iconfont='entypo-fontello' title='' data-avia-related-tooltip='Compartir en Facebook' rel=\"noopener\"><span class='avia_hidden_link_text'>Compartir en Facebook<\/span><\/a><\/li><li class='av-share-link av-social-link-twitter' ><a target=\"_blank\" aria-label=\"Compartir en Twitter\" href='https:\/\/twitter.com\/share?text=Sigue%20la%20tradici%C3%B3n%3A%20lanzan%20la%20s%C3%A9ptima%20edici%C3%B3n%20de%20%E2%80%9CCorre%20con%20un%20Bombero%E2%80%9D&#038;url=https:\/\/radiorevelacionfm.cl\/?p=38656' aria-hidden='false' data-av_icon='\ue8f1' data-av_iconfont='entypo-fontello' title='' data-avia-related-tooltip='Compartir en Twitter' rel=\"noopener\"><span class='avia_hidden_link_text'>Compartir en Twitter<\/span><\/a><\/li><li class='av-share-link av-social-link-whatsapp' ><a target=\"_blank\" aria-label=\"Compartir en Whatsapp\" href='https:\/\/api.whatsapp.com\/send?text=https:\/\/radiorevelacionfm.cl\/?p=38656' aria-hidden='false' data-av_icon='\uf232' data-av_iconfont='entypo-fontello' title='' data-avia-related-tooltip='Compartir en Whatsapp' rel=\"noopener\"><span class='avia_hidden_link_text'>Compartir en Whatsapp<\/span><\/a><\/li><li class='av-share-link av-social-link-linkedin' ><a target=\"_blank\" aria-label=\"Compartir en LinkedIn\" href='https:\/\/linkedin.com\/shareArticle?mini=true&#038;title=Sigue%20la%20tradici%C3%B3n%3A%20lanzan%20la%20s%C3%A9ptima%20edici%C3%B3n%20de%20%E2%80%9CCorre%20con%20un%20Bombero%E2%80%9D&#038;url=https:\/\/radiorevelacionfm.cl\/?p=38656' aria-hidden='false' data-av_icon='\ue8fc' data-av_iconfont='entypo-fontello' title='' data-avia-related-tooltip='Compartir en LinkedIn' rel=\"noopener\"><span class='avia_hidden_link_text'>Compartir en LinkedIn<\/span><\/a><\/li><li class='av-share-link av-social-link-mail' ><a  aria-label=\"Compartir por correo\" href='mailto:?subject=Sigue%20la%20tradici%C3%B3n%3A%20lanzan%20la%20s%C3%A9ptima%20edici%C3%B3n%20de%20%E2%80%9CCorre%20con%20un%20Bombero%E2%80%9D&#038;body=https:\/\/radiorevelacionfm.cl\/?p=38656' aria-hidden='false' data-av_icon='\ue805' data-av_iconfont='entypo-fontello' title='' data-avia-related-tooltip='Compartir por correo'><span class='avia_hidden_link_text'>Compartir por correo<\/span><\/a><\/li><\/ul><\/div><\/div>\n<div  style='height:50px' class='hr hr-invisible   avia-builder-el-8  el_after_av_social_share  el_before_av_comments_list '><span class='hr-inner ' ><span class='hr-inner-style'><\/span><\/span><\/div>\n<div  class='av-buildercomment  av-blog-meta-html-info-disabled av-blog-meta-tag-disabled  '><\/div>\n","protected":false},"excerpt":{"rendered":"","protected":false},"author":1,"featured_media":38657,"comment_status":"open","ping_status":"open","sticky":false,"template":"","format":"standard","meta":{"footnotes":""},"categories":[38],"tags":[],"class_list":["post-38656","post","type-post","status-publish","format-standard","has-post-thumbnail","hentry","category-regional"],"jetpack_featured_media_url":"https:\/\/radiorevelacionfm.cl\/wp-content\/uploads\/2024\/01\/20240105_112342-1-1.jpg","_links":{"self":[{"href":"https:\/\/radiorevelacionfm.cl\/index.php?rest_route=\/wp\/v2\/posts\/38656","targetHints":{"allow":["GET"]}}],"collection":[{"href":"https:\/\/radiorevelacionfm.cl\/index.php?rest_route=\/wp\/v2\/posts"}],"about":[{"href":"https:\/\/radiorevelacionfm.cl\/index.php?rest_route=\/wp\/v2\/types\/post"}],"author":[{"embeddable":true,"href":"https:\/\/radiorevelacionfm.cl\/index.php?rest_route=\/wp\/v2\/users\/1"}],"replies":[{"embeddable":true,"href":"https:\/\/radiorevelacionfm.cl\/index.php?rest_route=%2Fwp%2Fv2%2Fcomments&post=38656"}],"version-history":[{"count":1,"href":"https:\/\/radiorevelacionfm.cl\/index.php?rest_route=\/wp\/v2\/posts\/38656\/revisions"}],"predecessor-version":[{"id":38658,"href":"https:\/\/radiorevelacionfm.cl\/index.php?rest_route=\/wp\/v2\/posts\/38656\/revisions\/38658"}],"wp:featuredmedia":[{"embeddable":true,"href":"https:\/\/radiorevelacionfm.cl\/index.php?rest_route=\/wp\/v2\/media\/38657"}],"wp:attachment":[{"href":"https:\/\/radiorevelacionfm.cl\/index.php?rest_route=%2Fwp%2Fv2%2Fmedia&parent=38656"}],"wp:term":[{"taxonomy":"category","embeddable":true,"href":"https:\/\/radiorevelacionfm.cl\/index.php?rest_route=%2Fwp%2Fv2%2Fcategories&post=38656"},{"taxonomy":"post_tag","embeddable":true,"href":"https:\/\/radiorevelacionfm.cl\/index.php?rest_route=%2Fwp%2Fv2%2Ftags&post=38656"}],"curies":[{"name":"wp","href":"https:\/\/api.w.org\/{rel}","templated":true}]}}