{"id":38653,"date":"2024-01-07T14:56:42","date_gmt":"2024-01-07T17:56:42","guid":{"rendered":"https:\/\/radiorevelacionfm.cl\/?p=38653"},"modified":"2024-01-07T14:56:42","modified_gmt":"2024-01-07T17:56:42","slug":"proyecto-sentara-las-bases-para-un-futuro-observatorio-de-turismo-sustentable-y-cambio-climatico-en-lago-general-carrera","status":"publish","type":"post","link":"https:\/\/radiorevelacionfm.cl\/?p=38653","title":{"rendered":"Proyecto sentar\u00e1 las bases para un futuro Observatorio de Turismo Sustentable y Cambio Clim\u00e1tico en Lago General Carrera"},"content":{"rendered":"<div class=\"flex_column av_one_full  flex_column_div av-zero-column-padding first  avia-builder-el-0  el_before_av_one_full  avia-builder-el-first  \" style='border-radius:0px; '><div  class='avia-image-container  av-styling-    avia-builder-el-1  avia-builder-el-no-sibling  avia-align-center '  itemprop=\"image\" itemscope=\"itemscope\" itemtype=\"https:\/\/schema.org\/ImageObject\"  ><div class='avia-image-container-inner'><div class='avia-image-overlay-wrap'><img decoding=\"async\" class='wp-image-38654 avia-img-lazy-loading-not-38654 avia_image' src=\"https:\/\/radiorevelacionfm.cl\/wp-content\/uploads\/2024\/01\/5-83-1_optimized.jpg\" alt='' title='5-(83)-(1)_optimized' height=\"600\" width=\"904\"  itemprop=\"thumbnailUrl\" srcset=\"https:\/\/radiorevelacionfm.cl\/wp-content\/uploads\/2024\/01\/5-83-1_optimized.jpg 904w, https:\/\/radiorevelacionfm.cl\/wp-content\/uploads\/2024\/01\/5-83-1_optimized-300x199.jpg 300w, https:\/\/radiorevelacionfm.cl\/wp-content\/uploads\/2024\/01\/5-83-1_optimized-768x510.jpg 768w, https:\/\/radiorevelacionfm.cl\/wp-content\/uploads\/2024\/01\/5-83-1_optimized-705x468.jpg 705w, https:\/\/radiorevelacionfm.cl\/wp-content\/uploads\/2024\/01\/5-83-1_optimized-450x299.jpg 450w, https:\/\/radiorevelacionfm.cl\/wp-content\/uploads\/2024\/01\/5-83-1_optimized-600x398.jpg 600w\" sizes=\"(max-width: 904px) 100vw, 904px\" \/><\/div><\/div><\/div><\/div><div class=\"flex_column av_one_full  flex_column_div av-zero-column-padding first  avia-builder-el-2  el_after_av_one_full  el_before_av_one_full  column-top-margin\" style='border-radius:0px; '><section class=\"av_textblock_section \"  itemscope=\"itemscope\" itemtype=\"https:\/\/schema.org\/BlogPosting\" itemprop=\"blogPost\" ><div class='avia_textblock  '   itemprop=\"text\" ><p style=\"text-align: center;\"><strong><span style=\"font-size: 18pt;\">Proyecto sentar\u00e1 las bases para un futuro Observatorio de Turismo Sustentable y Cambio Clim\u00e1tico en Lago General Carrera<\/span><\/strong><\/p>\n<div id=\"gtx-trans\" style=\"position: absolute; left: -50px; top: 4.31534px;\">\n<div class=\"gtx-trans-icon\"><\/div>\n<\/div>\n<\/div><\/section><\/div><div class=\"flex_column av_one_full  flex_column_div av-zero-column-padding first  avia-builder-el-4  el_after_av_one_full  el_before_av_hr  column-top-margin\" style='border-radius:0px; '><section class=\"av_textblock_section \"  itemscope=\"itemscope\" itemtype=\"https:\/\/schema.org\/BlogPosting\" itemprop=\"blogPost\" ><div class='avia_textblock  '   itemprop=\"text\" ><p dir=\"ltr\" style=\"text-align: justify;\"><em>Se trabajar\u00e1 en dos experiencias piloto con 20 empresas y actores del \u00e1mbito tur\u00edstico cada una: cocina huella cero y gesti\u00f3n integral de residuos, que ser\u00e1n parte del proceso para generar informaci\u00f3n para la propuesta gobernanza del observatorio, identificaci\u00f3n de variables, y proceso de colecta de datos, su procesamiento y mecanismos de puesta a disposici\u00f3n de los emprendedores regionales, tomadores de decisiones y comunidad en general.<\/em><\/p>\n<p dir=\"ltr\" style=\"text-align: justify;\">Sentar las bases para la futura instalaci\u00f3n de un Observatorio de Turismo Sustentable y Cambio Clim\u00e1tico en la cuenca del lago General Carrera, y eventualmente en la regi\u00f3n, es uno de los objetivos del proyecto que la Corporaci\u00f3n Chelenko ejecutar\u00e1 durante los pr\u00f3ximos dos a\u00f1os.\u00a0 La entidad se adjudic\u00f3 el fondo Bienes P\u00fablicos de Corfo, que busca fomentar \u00absoluciones que aborden y busquen resolver asimetr\u00edas de informaci\u00f3n, que aborden fallas de mercado y\/o de coordinaci\u00f3n y faciliten la toma de decisiones productivas de las empresas, con impacto en las regiones\u00bb.<\/p>\n<p dir=\"ltr\" style=\"text-align: justify;\">Uno de los llamados de este a\u00f1o a\u00f1o tuvo como foco la adaptaci\u00f3n al cambio clim\u00e1tico, en materias vinculadas a la gesti\u00f3n de residuos s\u00f3lidos domiciliarios, residuos s\u00f3lidos org\u00e1nicos y residuos de sustancias qu\u00edmicas peligrosas.<\/p>\n<p dir=\"ltr\" style=\"text-align: justify;\">Corfo contribuir\u00e1 con el 75 % del monto total de $157 millones del proyecto, bajo la supervisi\u00f3n del Servicio Nacional de Turismo (Sernatur) que opera en calidad de mandante. A lo largo de la implementaci\u00f3n de esta iniciativa, dicho aporte posibilitar\u00e1 a la Corporaci\u00f3n Chelenko desarrollar los tres componentes establecidos, los cuales est\u00e1n relacionados con la gesti\u00f3n de residuos, la promoci\u00f3n de la gastronom\u00eda local y, finalmente, la gobernanza y la recopilaci\u00f3n de datos para la toma de decisiones. La entidad encargada de la ejecuci\u00f3n est\u00e1 compuesta por 12 asociaciones que representan el turismo local familiar y de peque\u00f1a escala en diversas localidades, como Bah\u00eda Murta, Puerto S\u00e1nchez, Puerto R\u00edo Tranquilo, El Le\u00f3n, Puerto Guadal y Puerto Bertrand.<\/p>\n<p dir=\"ltr\" style=\"text-align: justify;\">El proyecto, denominado \u00abTurismo Cero Impacto: Valor agregado y adaptaci\u00f3n clim\u00e1tica con cocina local y gesti\u00f3n de residuos\u00bb, se enmarca en el Programa de Desarrollo Productivo Sostenible (DPS), una pol\u00edtica integral dise\u00f1ada por el gobierno del presidente Gabriel Boric, con el prop\u00f3sito de potenciar la productividad y diversificar la econom\u00eda de manera colaborativa, involucrando a distintos sectores, como el p\u00fablico, privado, acad\u00e9mico y la sociedad civil.<\/p>\n<p dir=\"ltr\" style=\"text-align: justify;\">L\u00edneas de trabajo<\/p>\n<p dir=\"ltr\" style=\"text-align: justify;\">En una labor mancomunada con Sernatur como requirente del proceso, se trabajar\u00e1 con la coejecuci\u00f3n del Centro de Investigaci\u00f3n en Ecosistemas de la Patagonia (CIEP), la Corporaci\u00f3n Privada para el Desarrollo de Ays\u00e9n (CODESA), la Fundaci\u00f3n Lenga parte de la alianza Basura Cero y el investigador culinario regional especializado en gastronom\u00eda local\u00a0 Christian Balboa.<\/p>\n<p dir=\"ltr\" style=\"text-align: justify;\">La idea es generar en el plazo de dos a\u00f1os tres instrumentos para el turismo regional mediante iniciativas piloto en el territorio Chelenko, que incluyan la sistematizaci\u00f3n y consolidaci\u00f3n de procesos ya existentes en el \u00e1rea y que sean replicables en los \u00e1mbitos de gesti\u00f3n integral de residuos s\u00f3lidos, v\u00eda econom\u00eda circular y gesti\u00f3n 9R; y la gastronom\u00eda local que avance hacia una Cocina Huella Cero. Los componentes identificados ser\u00e1n insumos para sentar las bases para un Observatorio de Turismo Sustentable y Cambio Clim\u00e1tico, que presente una propuesta de gobernanza, identificaci\u00f3n de variables, y proceso de colecta de datos, su procesamiento y mecanismos de puesta a disposici\u00f3n de los emprendedores regionales, tomadores de decisiones y comunidad en general.<\/p>\n<p dir=\"ltr\" style=\"text-align: justify;\">Para esto, tanto en el proceso de cocina huella cero a cargo de Christian Balboa como de gesti\u00f3n integral de residuos la Fundaci\u00f3n Lenga se identificar\u00e1n 20 empresas y actores del \u00e1mbito tur\u00edstico que formen parte de las organizaciones que conforman la Corporaci\u00f3n Chelenko, para participar en cada uno de los pilotos durante el a\u00f1o 2024. \u00a0 Estos tendr\u00e1n como producto un documental en el caso de la gesti\u00f3n de residuos y una gu\u00eda en de la cocina huella cero, que sistematicen los procesos para que puedan ser replicados (y mejorados) a partir de 2025 tanto en la cuenca como a nivel regional y nacional, por parte de Sernatur.\u00a0 Este trabajo ser\u00e1 en paralelo al informe del observatorio que, junto con el trabajo del CIEP, los investigadores Fabien Bourlon y Pascal Mao, adem\u00e1s de CODESA como entidad enfocada en medio ambiente y cambio clim\u00e1tico, se vincular\u00e1 con los pilotos para levantar las variables a considerar.<\/p>\n<p dir=\"ltr\" style=\"text-align: justify;\">Para Jasmia Y\u00e1\u00f1ez, presidenta de la Corporaci\u00f3n Chelenko, \u00abeste proyecto va en sinton\u00eda directa con el trabajo que desde hace varios a\u00f1os m\u00faltiples actores regionales, entre organizaciones y emprendedores del turismo, estamos desarrollando en la cuenca del lago General Carrera, en pos de una actividad que se haga cargo de las capacidades de carga y cuidado del territorio.\u00a0 Esto es parte de nuestra visi\u00f3n como organizaci\u00f3n, que ha ido marcando hitos a trav\u00e9s de acciones enfocadas en la sustentabilidad\u00bb.\u00a0 Esto, con el fin de que \u00absea parte de una propuesta de desarrollo concreto, sustentable, en coherencia con los desaf\u00edos que imprime la crisis clim\u00e1tica como lo ha priorizado Corfo\u00bb.<\/p>\n<p dir=\"ltr\" style=\"text-align: justify;\">En tanto, el director de Sernatur Ays\u00e9n Claudio Montecinos indic\u00f3 que \u00abeste proyecto de\u00a0 Bienes P\u00fablicos, y los productos esperados, va en plena coherencia con los objetivos de nuestra instituci\u00f3n.\u00a0 Y espec\u00edficamente con los lineamientos estrat\u00e9gicos establecidos actualmente por Sernatur, m\u00e1s a\u00fan en el actual momento de crisis clim\u00e1tica y de los grandes desaf\u00edos que \u00e9ste representa para el sector turismo\u00bb.\u00a0 Agreg\u00f3 que \u00abel proyecto Bienes P\u00fablicos, ejecutado por la Corporaci\u00f3n Chelenko y donde Sernatur es mandante, considera avanzar en la construcci\u00f3n de las bases de un Observatorio de Turismo Sustentable y Cambio Clim\u00e1tico, lo que consideramos estrat\u00e9gico para el desarrollo sustentable de nuestro destino\u00bb.<\/p>\n<p dir=\"ltr\" style=\"text-align: justify;\">Por su parte, Humberto Mar\u00edn Leiva, director de Corfo Ays\u00e9n, valor\u00f3 el trabajo conjunto con Sernatur y la Corporaci\u00f3n Chelenko para fomentar el turismo sostenible. \u00abLa iniciativa, alineada con el programa de Desarrollo Productivo Sostenible, busca enriquecer la oferta tur\u00edstica local mediante la adaptaci\u00f3n al cambio clim\u00e1tico, poniendo \u00e9nfasis en la gesti\u00f3n de residuos y promoviendo una Cocina Huella Cero con ingredientes locales. Dicho programa no solo constituye una pol\u00edtica de Estado, sino tambi\u00e9n una oportunidad para sumarse a los cambios necesarios en nuestro modelo productivo, con el objetivo de mejorar la productividad y diversificar la econom\u00eda\u00bb.\u00a0 En este contexto, agreg\u00f3 que al finalizar la iniciativa, se proyecta contar con tres instrumentos ejecutados en el territorio Chelenko, \u00abque permitan establecer las bases para la creaci\u00f3n de un Observatorio de Turismo Sustentable y Cambio Clim\u00e1tico, esencial para futuras iniciativas tanto p\u00fablicas como privadas.\u00bb<\/p>\n<\/div><\/section><\/div><div  style='height:50px' class='hr hr-invisible   avia-builder-el-6  el_after_av_one_full  el_before_av_social_share '><span class='hr-inner ' ><span class='hr-inner-style'><\/span><\/span><\/div><\/p>\n<div  class='av-social-sharing-box  avia-builder-el-7  el_after_av_hr  el_before_av_hr  '><div class='av-share-box'><h5 class='av-share-link-description av-no-toc '>Compartir esta noticia<\/h5><ul class='av-share-box-list noLightbox'><li class='av-share-link av-social-link-facebook' ><a target=\"_blank\" aria-label=\"Compartir en Facebook\" href='https:\/\/www.facebook.com\/sharer.php?u=https:\/\/radiorevelacionfm.cl\/?p=38653&#038;t=Proyecto%20sentar%C3%A1%20las%20bases%20para%20un%20futuro%20Observatorio%20de%20Turismo%20Sustentable%20y%20Cambio%20Clim%C3%A1tico%20en%20Lago%20General%20Carrera' aria-hidden='false' data-av_icon='\ue8f3' data-av_iconfont='entypo-fontello' title='' data-avia-related-tooltip='Compartir en Facebook' rel=\"noopener\"><span class='avia_hidden_link_text'>Compartir en Facebook<\/span><\/a><\/li><li class='av-share-link av-social-link-twitter' ><a target=\"_blank\" aria-label=\"Compartir en Twitter\" href='https:\/\/twitter.com\/share?text=Proyecto%20sentar%C3%A1%20las%20bases%20para%20un%20futuro%20Observatorio%20de%20Turismo%20Sustentable%20y%20Cambio%20Clim%C3%A1tico%20en%20Lago%20General%20Carrera&#038;url=https:\/\/radiorevelacionfm.cl\/?p=38653' aria-hidden='false' data-av_icon='\ue8f1' data-av_iconfont='entypo-fontello' title='' data-avia-related-tooltip='Compartir en Twitter' rel=\"noopener\"><span class='avia_hidden_link_text'>Compartir en Twitter<\/span><\/a><\/li><li class='av-share-link av-social-link-whatsapp' ><a target=\"_blank\" aria-label=\"Compartir en Whatsapp\" href='https:\/\/api.whatsapp.com\/send?text=https:\/\/radiorevelacionfm.cl\/?p=38653' aria-hidden='false' data-av_icon='\uf232' data-av_iconfont='entypo-fontello' title='' data-avia-related-tooltip='Compartir en Whatsapp' rel=\"noopener\"><span class='avia_hidden_link_text'>Compartir en Whatsapp<\/span><\/a><\/li><li class='av-share-link av-social-link-linkedin' ><a target=\"_blank\" aria-label=\"Compartir en LinkedIn\" href='https:\/\/linkedin.com\/shareArticle?mini=true&#038;title=Proyecto%20sentar%C3%A1%20las%20bases%20para%20un%20futuro%20Observatorio%20de%20Turismo%20Sustentable%20y%20Cambio%20Clim%C3%A1tico%20en%20Lago%20General%20Carrera&#038;url=https:\/\/radiorevelacionfm.cl\/?p=38653' aria-hidden='false' data-av_icon='\ue8fc' data-av_iconfont='entypo-fontello' title='' data-avia-related-tooltip='Compartir en LinkedIn' rel=\"noopener\"><span class='avia_hidden_link_text'>Compartir en LinkedIn<\/span><\/a><\/li><li class='av-share-link av-social-link-mail' ><a  aria-label=\"Compartir por correo\" href='mailto:?subject=Proyecto%20sentar%C3%A1%20las%20bases%20para%20un%20futuro%20Observatorio%20de%20Turismo%20Sustentable%20y%20Cambio%20Clim%C3%A1tico%20en%20Lago%20General%20Carrera&#038;body=https:\/\/radiorevelacionfm.cl\/?p=38653' aria-hidden='false' data-av_icon='\ue805' data-av_iconfont='entypo-fontello' title='' data-avia-related-tooltip='Compartir por correo'><span class='avia_hidden_link_text'>Compartir por correo<\/span><\/a><\/li><\/ul><\/div><\/div>\n<div  style='height:50px' class='hr hr-invisible   avia-builder-el-8  el_after_av_social_share  el_before_av_comments_list '><span class='hr-inner ' ><span class='hr-inner-style'><\/span><\/span><\/div>\n<div  class='av-buildercomment  av-blog-meta-html-info-disabled av-blog-meta-tag-disabled  '><\/div>\n","protected":false},"excerpt":{"rendered":"","protected":false},"author":1,"featured_media":38654,"comment_status":"open","ping_status":"open","sticky":false,"template":"","format":"standard","meta":{"footnotes":""},"categories":[38],"tags":[],"class_list":["post-38653","post","type-post","status-publish","format-standard","has-post-thumbnail","hentry","category-regional"],"jetpack_featured_media_url":"https:\/\/radiorevelacionfm.cl\/wp-content\/uploads\/2024\/01\/5-83-1_optimized.jpg","_links":{"self":[{"href":"https:\/\/radiorevelacionfm.cl\/index.php?rest_route=\/wp\/v2\/posts\/38653","targetHints":{"allow":["GET"]}}],"collection":[{"href":"https:\/\/radiorevelacionfm.cl\/index.php?rest_route=\/wp\/v2\/posts"}],"about":[{"href":"https:\/\/radiorevelacionfm.cl\/index.php?rest_route=\/wp\/v2\/types\/post"}],"author":[{"embeddable":true,"href":"https:\/\/radiorevelacionfm.cl\/index.php?rest_route=\/wp\/v2\/users\/1"}],"replies":[{"embeddable":true,"href":"https:\/\/radiorevelacionfm.cl\/index.php?rest_route=%2Fwp%2Fv2%2Fcomments&post=38653"}],"version-history":[{"count":1,"href":"https:\/\/radiorevelacionfm.cl\/index.php?rest_route=\/wp\/v2\/posts\/38653\/revisions"}],"predecessor-version":[{"id":38655,"href":"https:\/\/radiorevelacionfm.cl\/index.php?rest_route=\/wp\/v2\/posts\/38653\/revisions\/38655"}],"wp:featuredmedia":[{"embeddable":true,"href":"https:\/\/radiorevelacionfm.cl\/index.php?rest_route=\/wp\/v2\/media\/38654"}],"wp:attachment":[{"href":"https:\/\/radiorevelacionfm.cl\/index.php?rest_route=%2Fwp%2Fv2%2Fmedia&parent=38653"}],"wp:term":[{"taxonomy":"category","embeddable":true,"href":"https:\/\/radiorevelacionfm.cl\/index.php?rest_route=%2Fwp%2Fv2%2Fcategories&post=38653"},{"taxonomy":"post_tag","embeddable":true,"href":"https:\/\/radiorevelacionfm.cl\/index.php?rest_route=%2Fwp%2Fv2%2Ftags&post=38653"}],"curies":[{"name":"wp","href":"https:\/\/api.w.org\/{rel}","templated":true}]}}