{"id":38648,"date":"2024-01-06T21:47:38","date_gmt":"2024-01-07T00:47:38","guid":{"rendered":"https:\/\/radiorevelacionfm.cl\/?p=38648"},"modified":"2024-01-06T21:47:38","modified_gmt":"2024-01-07T00:47:38","slug":"injuv-y-culturas-firman-convenio-para-potenciar-agenda-programatica-y-espacios-de-creacion-para-la-juventud-aysenina","status":"publish","type":"post","link":"https:\/\/radiorevelacionfm.cl\/?p=38648","title":{"rendered":"Injuv y Culturas firman convenio para potenciar agenda program\u00e1tica y espacios de creaci\u00f3n para la juventud aysenina"},"content":{"rendered":"<div class=\"flex_column av_one_full  flex_column_div av-zero-column-padding first  avia-builder-el-0  el_before_av_one_full  avia-builder-el-first  \" style='border-radius:0px; '><div  class='avia-image-container  av-styling-    avia-builder-el-1  avia-builder-el-no-sibling  avia-align-center '  itemprop=\"image\" itemscope=\"itemscope\" itemtype=\"https:\/\/schema.org\/ImageObject\"  ><div class='avia-image-container-inner'><div class='avia-image-overlay-wrap'><img decoding=\"async\" class='wp-image-38649 avia-img-lazy-loading-not-38649 avia_image' src=\"https:\/\/radiorevelacionfm.cl\/wp-content\/uploads\/2024\/01\/foto-1-27-1_optimized.jpg\" alt='' title='foto-1-(27)-(1)_optimized' height=\"600\" width=\"951\"  itemprop=\"thumbnailUrl\" srcset=\"https:\/\/radiorevelacionfm.cl\/wp-content\/uploads\/2024\/01\/foto-1-27-1_optimized.jpg 951w, https:\/\/radiorevelacionfm.cl\/wp-content\/uploads\/2024\/01\/foto-1-27-1_optimized-300x189.jpg 300w, https:\/\/radiorevelacionfm.cl\/wp-content\/uploads\/2024\/01\/foto-1-27-1_optimized-768x485.jpg 768w, https:\/\/radiorevelacionfm.cl\/wp-content\/uploads\/2024\/01\/foto-1-27-1_optimized-705x445.jpg 705w, https:\/\/radiorevelacionfm.cl\/wp-content\/uploads\/2024\/01\/foto-1-27-1_optimized-450x284.jpg 450w, https:\/\/radiorevelacionfm.cl\/wp-content\/uploads\/2024\/01\/foto-1-27-1_optimized-600x379.jpg 600w\" sizes=\"(max-width: 951px) 100vw, 951px\" \/><\/div><\/div><\/div><\/div><div class=\"flex_column av_one_full  flex_column_div av-zero-column-padding first  avia-builder-el-2  el_after_av_one_full  el_before_av_one_full  column-top-margin\" style='border-radius:0px; '><section class=\"av_textblock_section \"  itemscope=\"itemscope\" itemtype=\"https:\/\/schema.org\/BlogPosting\" itemprop=\"blogPost\" ><div class='avia_textblock  '   itemprop=\"text\" ><p style=\"text-align: center;\"><strong><span style=\"font-size: 18pt;\">Injuv y Culturas firman convenio para potenciar agenda program\u00e1tica y espacios de creaci\u00f3n para la juventud aysenina<\/span><\/strong><\/p>\n<div id=\"gtx-trans\" style=\"position: absolute; left: -50px; top: 4.31534px;\">\n<div class=\"gtx-trans-icon\"><\/div>\n<\/div>\n<\/div><\/section><\/div><div class=\"flex_column av_one_full  flex_column_div av-zero-column-padding first  avia-builder-el-4  el_after_av_one_full  el_before_av_hr  column-top-margin\" style='border-radius:0px; '><section class=\"av_textblock_section \"  itemscope=\"itemscope\" itemtype=\"https:\/\/schema.org\/BlogPosting\" itemprop=\"blogPost\" ><div class='avia_textblock  '   itemprop=\"text\" ><p style=\"text-align: justify;\">En el \u00e1rea de trabajo colaborativo del Instituto Nacional de la Juventud Ays\u00e9n y en presencia de los colectivos Cantaries, Mala Pasada y el joven cantautor regional, Renato Lema, la instituci\u00f3n firm\u00f3 un convenio de colaboraci\u00f3n con la Seremi de Culturas Ays\u00e9n para fortalecer el trabajo conjunto y potenciar la agenda program\u00e1tica y los espacios de creaci\u00f3n para la juventud aysenina.<\/p>\n<p style=\"text-align: justify;\">El seremi de Culturas Ays\u00e9n, Felipe Quiroz, y el director del Injuv Ays\u00e9n, Camilo Trivi\u00f1o, suscribieron el acuerdo que compromete a ambos servicios a un apoyo mutuo para generar acciones que vinculen y fortalezcan el trabajo cultural con las juventudes en el territorio.<\/p>\n<p style=\"text-align: justify;\">Felipe Quiroz dijo que \u201choy hemos escuchado la interpretaci\u00f3n de Renato Lema, joven creador regional que canta con profunda identidad sus propias letras. Tambi\u00e9n estamos con juventudes del colectivo Cantaries y del grupo Mala Pasada. A trav\u00e9s de este convenio queremos con Injuv ir tejiendo una red de trabajo con todos los y las j\u00f3venes de la Regi\u00f3n de Ays\u00e9n. Que ellos sean quienes alimenten su propia agenda de contenidos, que sus inquietudes se vean reflejadas. Comenzaremos en las pr\u00f3ximas semanas con di\u00e1logos con la juventud tendientes a reunir una programaci\u00f3n que sea un espejo de sus deseos\u201d.<\/p>\n<p style=\"text-align: justify;\">El director del Injuv Ays\u00e9n, Camilo Trivi\u00f1o, piensa que \u00abpara nosotros como direcci\u00f3n regional es un paso muy importante el que acabamos de dar. Es por esto que hacemos el llamado a las juventudes para que puedan estar atentos\/as a las pr\u00f3ximas instancias que se generar\u00e1n, en donde, a trav\u00e9s de di\u00e1logos participativos buscaremos establecer una agenda program\u00e1tica juvenil con pertinencia territorial, comprendiendo las diversas expresiones existentes en nuestro territorio\u201d.<\/p>\n<p style=\"text-align: justify;\">Renato Lema, tras interpretar varias de sus creaciones, expres\u00f3 que \u201cme parece muy bien el convenio de Injuv y Cultura para que nosotros podamos mostrar nuestros talentos.\u00a0\u00a0Soy Renato Lema, tengo 16 a\u00f1os y empec\u00e9 a cantar y tocar guitarra hace un a\u00f1o atr\u00e1s, de por s\u00ed viene de mi abuelo y mis bisabuelos que tocaban instrumentos y ah\u00ed naci\u00f3 todo, el a\u00f1o pasado ya empec\u00e9 a tocar guitarra y un profesor me ense\u00f1\u00f3 a escribir letra en el Liceo Agr\u00edcola, entonces ah\u00ed ya empec\u00e9 a escribir letra, me empez\u00f3 a gustar y a practicar,\u00a0\u00a0empec\u00e9 a escribir una canci\u00f3n y as\u00ed fui de a poco. Mi objetivo como joven cantautor es que me conozca la gente, salvar las tradiciones, salvar la m\u00fasica regional y tocar en todos los lugares de la regi\u00f3n\u201d.<\/p>\n<\/div><\/section><\/div><\/p>\n<div  style='height:50px' class='hr hr-invisible   avia-builder-el-6  el_after_av_one_full  el_before_av_social_share '><span class='hr-inner ' ><span class='hr-inner-style'><\/span><\/span><\/div>\n<div  class='av-social-sharing-box  avia-builder-el-7  el_after_av_hr  el_before_av_hr  '><div class='av-share-box'><h5 class='av-share-link-description av-no-toc '>Compartir esta noticia<\/h5><ul class='av-share-box-list noLightbox'><li class='av-share-link av-social-link-facebook' ><a target=\"_blank\" aria-label=\"Compartir en Facebook\" href='https:\/\/www.facebook.com\/sharer.php?u=https:\/\/radiorevelacionfm.cl\/?p=38648&#038;t=Injuv%20y%20Culturas%20firman%20convenio%20para%20potenciar%20agenda%20program%C3%A1tica%20y%20espacios%20de%20creaci%C3%B3n%20para%20la%20juventud%20aysenina' aria-hidden='false' data-av_icon='\ue8f3' data-av_iconfont='entypo-fontello' title='' data-avia-related-tooltip='Compartir en Facebook' rel=\"noopener\"><span class='avia_hidden_link_text'>Compartir en Facebook<\/span><\/a><\/li><li class='av-share-link av-social-link-twitter' ><a target=\"_blank\" aria-label=\"Compartir en Twitter\" href='https:\/\/twitter.com\/share?text=Injuv%20y%20Culturas%20firman%20convenio%20para%20potenciar%20agenda%20program%C3%A1tica%20y%20espacios%20de%20creaci%C3%B3n%20para%20la%20juventud%20aysenina&#038;url=https:\/\/radiorevelacionfm.cl\/?p=38648' aria-hidden='false' data-av_icon='\ue8f1' data-av_iconfont='entypo-fontello' title='' data-avia-related-tooltip='Compartir en Twitter' rel=\"noopener\"><span class='avia_hidden_link_text'>Compartir en Twitter<\/span><\/a><\/li><li class='av-share-link av-social-link-whatsapp' ><a target=\"_blank\" aria-label=\"Compartir en Whatsapp\" href='https:\/\/api.whatsapp.com\/send?text=https:\/\/radiorevelacionfm.cl\/?p=38648' aria-hidden='false' data-av_icon='\uf232' data-av_iconfont='entypo-fontello' title='' data-avia-related-tooltip='Compartir en Whatsapp' rel=\"noopener\"><span class='avia_hidden_link_text'>Compartir en Whatsapp<\/span><\/a><\/li><li class='av-share-link av-social-link-linkedin' ><a target=\"_blank\" aria-label=\"Compartir en LinkedIn\" href='https:\/\/linkedin.com\/shareArticle?mini=true&#038;title=Injuv%20y%20Culturas%20firman%20convenio%20para%20potenciar%20agenda%20program%C3%A1tica%20y%20espacios%20de%20creaci%C3%B3n%20para%20la%20juventud%20aysenina&#038;url=https:\/\/radiorevelacionfm.cl\/?p=38648' aria-hidden='false' data-av_icon='\ue8fc' data-av_iconfont='entypo-fontello' title='' data-avia-related-tooltip='Compartir en LinkedIn' rel=\"noopener\"><span class='avia_hidden_link_text'>Compartir en LinkedIn<\/span><\/a><\/li><li class='av-share-link av-social-link-mail' ><a  aria-label=\"Compartir por correo\" href='mailto:?subject=Injuv%20y%20Culturas%20firman%20convenio%20para%20potenciar%20agenda%20program%C3%A1tica%20y%20espacios%20de%20creaci%C3%B3n%20para%20la%20juventud%20aysenina&#038;body=https:\/\/radiorevelacionfm.cl\/?p=38648' aria-hidden='false' data-av_icon='\ue805' data-av_iconfont='entypo-fontello' title='' data-avia-related-tooltip='Compartir por correo'><span class='avia_hidden_link_text'>Compartir por correo<\/span><\/a><\/li><\/ul><\/div><\/div>\n<div  style='height:50px' class='hr hr-invisible   avia-builder-el-8  el_after_av_social_share  el_before_av_comments_list '><span class='hr-inner ' ><span class='hr-inner-style'><\/span><\/span><\/div>\n<div  class='av-buildercomment  av-blog-meta-html-info-disabled av-blog-meta-tag-disabled  '><\/div>\n","protected":false},"excerpt":{"rendered":"","protected":false},"author":1,"featured_media":38649,"comment_status":"open","ping_status":"open","sticky":false,"template":"","format":"standard","meta":{"footnotes":""},"categories":[38],"tags":[],"class_list":["post-38648","post","type-post","status-publish","format-standard","has-post-thumbnail","hentry","category-regional"],"jetpack_featured_media_url":"https:\/\/radiorevelacionfm.cl\/wp-content\/uploads\/2024\/01\/foto-1-27-1_optimized.jpg","_links":{"self":[{"href":"https:\/\/radiorevelacionfm.cl\/index.php?rest_route=\/wp\/v2\/posts\/38648","targetHints":{"allow":["GET"]}}],"collection":[{"href":"https:\/\/radiorevelacionfm.cl\/index.php?rest_route=\/wp\/v2\/posts"}],"about":[{"href":"https:\/\/radiorevelacionfm.cl\/index.php?rest_route=\/wp\/v2\/types\/post"}],"author":[{"embeddable":true,"href":"https:\/\/radiorevelacionfm.cl\/index.php?rest_route=\/wp\/v2\/users\/1"}],"replies":[{"embeddable":true,"href":"https:\/\/radiorevelacionfm.cl\/index.php?rest_route=%2Fwp%2Fv2%2Fcomments&post=38648"}],"version-history":[{"count":1,"href":"https:\/\/radiorevelacionfm.cl\/index.php?rest_route=\/wp\/v2\/posts\/38648\/revisions"}],"predecessor-version":[{"id":38650,"href":"https:\/\/radiorevelacionfm.cl\/index.php?rest_route=\/wp\/v2\/posts\/38648\/revisions\/38650"}],"wp:featuredmedia":[{"embeddable":true,"href":"https:\/\/radiorevelacionfm.cl\/index.php?rest_route=\/wp\/v2\/media\/38649"}],"wp:attachment":[{"href":"https:\/\/radiorevelacionfm.cl\/index.php?rest_route=%2Fwp%2Fv2%2Fmedia&parent=38648"}],"wp:term":[{"taxonomy":"category","embeddable":true,"href":"https:\/\/radiorevelacionfm.cl\/index.php?rest_route=%2Fwp%2Fv2%2Fcategories&post=38648"},{"taxonomy":"post_tag","embeddable":true,"href":"https:\/\/radiorevelacionfm.cl\/index.php?rest_route=%2Fwp%2Fv2%2Ftags&post=38648"}],"curies":[{"name":"wp","href":"https:\/\/api.w.org\/{rel}","templated":true}]}}