{"id":38645,"date":"2024-01-06T12:01:26","date_gmt":"2024-01-06T15:01:26","guid":{"rendered":"https:\/\/radiorevelacionfm.cl\/?p=38645"},"modified":"2024-01-06T12:01:26","modified_gmt":"2024-01-06T15:01:26","slug":"el-lunes-8-de-enero-se-inicia-la-vi-version-de-patagonia-chelofest-2024","status":"publish","type":"post","link":"https:\/\/radiorevelacionfm.cl\/?p=38645","title":{"rendered":"El lunes 8 de enero se inicia la VI Versi\u00f3n de Patagonia Chelofest 2024"},"content":{"rendered":"<div class=\"flex_column av_one_full  flex_column_div av-zero-column-padding first  avia-builder-el-0  el_before_av_one_full  avia-builder-el-first  \" style='border-radius:0px; '><div  class='avia-image-container  av-styling-    avia-builder-el-1  avia-builder-el-no-sibling  avia-align-center '  itemprop=\"image\" itemscope=\"itemscope\" itemtype=\"https:\/\/schema.org\/ImageObject\"  ><div class='avia-image-container-inner'><div class='avia-image-overlay-wrap'><img decoding=\"async\" class='wp-image-38646 avia-img-lazy-loading-not-38646 avia_image' src=\"https:\/\/radiorevelacionfm.cl\/wp-content\/uploads\/2024\/01\/1-6-1-1-2.jpg\" alt='' title='1 (6) (1) (1) (2)' height=\"600\" width=\"793\"  itemprop=\"thumbnailUrl\" srcset=\"https:\/\/radiorevelacionfm.cl\/wp-content\/uploads\/2024\/01\/1-6-1-1-2.jpg 793w, https:\/\/radiorevelacionfm.cl\/wp-content\/uploads\/2024\/01\/1-6-1-1-2-300x227.jpg 300w, https:\/\/radiorevelacionfm.cl\/wp-content\/uploads\/2024\/01\/1-6-1-1-2-768x581.jpg 768w, https:\/\/radiorevelacionfm.cl\/wp-content\/uploads\/2024\/01\/1-6-1-1-2-705x533.jpg 705w, https:\/\/radiorevelacionfm.cl\/wp-content\/uploads\/2024\/01\/1-6-1-1-2-450x340.jpg 450w, https:\/\/radiorevelacionfm.cl\/wp-content\/uploads\/2024\/01\/1-6-1-1-2-600x454.jpg 600w\" sizes=\"(max-width: 793px) 100vw, 793px\" \/><\/div><\/div><\/div><\/div><div class=\"flex_column av_one_full  flex_column_div av-zero-column-padding first  avia-builder-el-2  el_after_av_one_full  el_before_av_one_full  column-top-margin\" style='border-radius:0px; '><section class=\"av_textblock_section \"  itemscope=\"itemscope\" itemtype=\"https:\/\/schema.org\/BlogPosting\" itemprop=\"blogPost\" ><div class='avia_textblock  '   itemprop=\"text\" ><p style=\"text-align: center;\"><strong><span style=\"font-size: 18pt;\">El lunes 8 de enero se inicia la VI Versi\u00f3n de Patagonia Chelofest 2024<\/span><\/strong><\/p>\n<div id=\"gtx-trans\" style=\"position: absolute; left: -50px; top: 4.31534px;\">\n<div class=\"gtx-trans-icon\"><\/div>\n<\/div>\n<\/div><\/section><\/div><div class=\"flex_column av_one_full  flex_column_div av-zero-column-padding first  avia-builder-el-4  el_after_av_one_full  el_before_av_hr  column-top-margin\" style='border-radius:0px; '><section class=\"av_textblock_section \"  itemscope=\"itemscope\" itemtype=\"https:\/\/schema.org\/BlogPosting\" itemprop=\"blogPost\" ><div class='avia_textblock  '   itemprop=\"text\" ><p style=\"font-weight: 400; text-align: justify;\">Inscritos cuyas edades fluct\u00faan entre los 9 y los 31 a\u00f1os, participar\u00e1n a partir del 8 de enero, en Coyhaique, de la VI Versi\u00f3n de PatagoniaCheloFest 2024.\u00a0<a href=\"http:\/\/www.patagoniachelofest.cl\/\" data-saferedirecturl=\"https:\/\/www.google.com\/url?q=http:\/\/www.patagoniachelofest.cl&amp;source=gmail&amp;ust=1704590930301000&amp;usg=AOvVaw1-yjjXLxEmWZweCdkYaVpU\">www.patagoniachelofest.cl<\/a>.<\/p>\n<p style=\"font-weight: 400; text-align: justify;\">Provenientes de Talca, La Serena, Santa B\u00e1rbara, Temuco, Chillan, Antofagasta, Puerto Natales y otras zonas de Chile, junto a violonchelistas de Argentina, Uruguay, Colombia y Venezuela y de las comunas de Ays\u00e9n y Coyhaique, los participantes se preparan para recibir clases con los Maestros Marcio Carneiro, Mat\u00edas de Oliveira Pinto, Fernanda Guerra, H\u00e9ctor M\u00e9ndez Domingo Fazzio y Magdalena Rosas.<\/p>\n<p style=\"font-weight: 400; text-align: justify;\">Adem\u00e1s de ello el programa de una semana contempla tocar en conjunto y hacer m\u00fasica de c\u00e1mara con la pianista acompa\u00f1ante Risa Adachi proveniente de Alemania.<\/p>\n<p style=\"font-weight: 400; text-align: justify;\">\u201cMe parece impresionante la convocatoria de estudiantes, conozco otros festivales \u00a0que no convocan tanto como este\u201d. Expres\u00f3 Mat\u00edas de Oliveira Pinto Director Musical del Festival. Magdalena Rosas Ossa directora ejecutiva agrega \u201cEs el Festival de violonchelos m\u00e1s importante del pa\u00eds, y estamos muy felices de hacerlos sostenido desde el a\u00f1o 2019 ininterrumpidamente a pesar de la pandemia, en que aprendimos a hacer festivales on line con mucho \u00e9xito\u201d.<\/p>\n<p style=\"font-weight: 400; text-align: justify;\">El Festival contempla 6 conciertos abiertos a la comunidad, intervenciones musicales en la ciudad y un importante trabajo de t\u00e9cnica y repertorio del violonchelo durante la semana.<\/p>\n<p style=\"font-weight: 400; text-align: justify;\">Por primera vez este a\u00f1o, PatagoniaCheloFest convoc\u00f3 al <strong>Premio de Composici\u00f3n PatagoniaCheloFest, <\/strong>cuyo jurado integrado por Marcio Carneiro como Presidente, los compositores Tamara M\u00fcller, compositora residente en Alemania y Sebasti\u00e1n Errazuriz, compositor y director de orquesta, Mat\u00edas de Oliveira Pinto Director Musical del Festival \u00a0y H\u00e9ctor M\u00e9ndez Alvarado violoncellista director de la Orquesta de la Universidad de Ays\u00e9n, dieron por ganadoras las siguientes obras:<\/p>\n<p style=\"font-weight: 400; text-align: justify;\">\u201cFiguras de un esp\u00edritu atormentado\u201d de Ren\u00e1n Moreira<\/p>\n<p style=\"font-weight: 400; text-align: justify;\">\u201cBossa Nova\u201d de Aruan Moura<\/p>\n<p style=\"font-weight: 400; text-align: justify;\">\u201cDos corales para 12 cellos\u201d de Mario Oyanedel<\/p>\n<p style=\"font-weight: 400; text-align: justify;\">Estas obras ser\u00e1n interpretadas por los Ensambles del festival, el d\u00eda s\u00e1bado 13 de enero en el concierto en la Catedral de Coyhaique.<\/p>\n<p style=\"font-weight: 400; text-align: justify;\">PatagoniaCheloFest se realiza todos los a\u00f1os en el Museo Regional de Ays\u00e9n y cuenta con financiamiento principal del Gobierno Regional de Ays\u00e9n, Empresarios locales de la regi\u00f3n de Ays\u00e9n, Universidad de Ays\u00e9n, Seremi de Cultura de Ays\u00e9n, Municipalidad de Coyhaique, Fundaci\u00f3n de Orquestas Infantiles y Juveniles de Chile y personas naturales que apoyan cada a\u00f1o este, festival de violoncellos m\u00e1s austral del mundo.<\/p>\n<p style=\"font-weight: 400; text-align: justify;\">El concierto inaugural se realizar\u00e1 el lunes 8 de enero a las 20:00 en la Catedral de Coyhaique.<\/p>\n<\/div><\/section><\/div><div  style='height:50px' class='hr hr-invisible   avia-builder-el-6  el_after_av_one_full  el_before_av_social_share '><span class='hr-inner ' ><span class='hr-inner-style'><\/span><\/span><\/div><\/p>\n<div  class='av-social-sharing-box  avia-builder-el-7  el_after_av_hr  el_before_av_hr  '><div class='av-share-box'><h5 class='av-share-link-description av-no-toc '>Compartir esta noticia<\/h5><ul class='av-share-box-list noLightbox'><li class='av-share-link av-social-link-facebook' ><a target=\"_blank\" aria-label=\"Compartir en Facebook\" href='https:\/\/www.facebook.com\/sharer.php?u=https:\/\/radiorevelacionfm.cl\/?p=38645&#038;t=El%20lunes%208%20de%20enero%20se%20inicia%20la%20VI%20Versi%C3%B3n%20de%20Patagonia%20Chelofest%202024' aria-hidden='false' data-av_icon='\ue8f3' data-av_iconfont='entypo-fontello' title='' data-avia-related-tooltip='Compartir en Facebook' rel=\"noopener\"><span class='avia_hidden_link_text'>Compartir en Facebook<\/span><\/a><\/li><li class='av-share-link av-social-link-twitter' ><a target=\"_blank\" aria-label=\"Compartir en Twitter\" href='https:\/\/twitter.com\/share?text=El%20lunes%208%20de%20enero%20se%20inicia%20la%20VI%20Versi%C3%B3n%20de%20Patagonia%20Chelofest%202024&#038;url=https:\/\/radiorevelacionfm.cl\/?p=38645' aria-hidden='false' data-av_icon='\ue8f1' data-av_iconfont='entypo-fontello' title='' data-avia-related-tooltip='Compartir en Twitter' rel=\"noopener\"><span class='avia_hidden_link_text'>Compartir en Twitter<\/span><\/a><\/li><li class='av-share-link av-social-link-whatsapp' ><a target=\"_blank\" aria-label=\"Compartir en Whatsapp\" href='https:\/\/api.whatsapp.com\/send?text=https:\/\/radiorevelacionfm.cl\/?p=38645' aria-hidden='false' data-av_icon='\uf232' data-av_iconfont='entypo-fontello' title='' data-avia-related-tooltip='Compartir en Whatsapp' rel=\"noopener\"><span class='avia_hidden_link_text'>Compartir en Whatsapp<\/span><\/a><\/li><li class='av-share-link av-social-link-linkedin' ><a target=\"_blank\" aria-label=\"Compartir en LinkedIn\" href='https:\/\/linkedin.com\/shareArticle?mini=true&#038;title=El%20lunes%208%20de%20enero%20se%20inicia%20la%20VI%20Versi%C3%B3n%20de%20Patagonia%20Chelofest%202024&#038;url=https:\/\/radiorevelacionfm.cl\/?p=38645' aria-hidden='false' data-av_icon='\ue8fc' data-av_iconfont='entypo-fontello' title='' data-avia-related-tooltip='Compartir en LinkedIn' rel=\"noopener\"><span class='avia_hidden_link_text'>Compartir en LinkedIn<\/span><\/a><\/li><li class='av-share-link av-social-link-mail' ><a  aria-label=\"Compartir por correo\" href='mailto:?subject=El%20lunes%208%20de%20enero%20se%20inicia%20la%20VI%20Versi%C3%B3n%20de%20Patagonia%20Chelofest%202024&#038;body=https:\/\/radiorevelacionfm.cl\/?p=38645' aria-hidden='false' data-av_icon='\ue805' data-av_iconfont='entypo-fontello' title='' data-avia-related-tooltip='Compartir por correo'><span class='avia_hidden_link_text'>Compartir por correo<\/span><\/a><\/li><\/ul><\/div><\/div>\n<div  style='height:50px' class='hr hr-invisible   avia-builder-el-8  el_after_av_social_share  el_before_av_comments_list '><span class='hr-inner ' ><span class='hr-inner-style'><\/span><\/span><\/div>\n<div  class='av-buildercomment  av-blog-meta-html-info-disabled av-blog-meta-tag-disabled  '><\/div>\n","protected":false},"excerpt":{"rendered":"","protected":false},"author":1,"featured_media":38646,"comment_status":"open","ping_status":"open","sticky":false,"template":"","format":"standard","meta":{"footnotes":""},"categories":[52],"tags":[],"class_list":["post-38645","post","type-post","status-publish","format-standard","has-post-thumbnail","hentry","category-cultura"],"jetpack_featured_media_url":"https:\/\/radiorevelacionfm.cl\/wp-content\/uploads\/2024\/01\/1-6-1-1-2.jpg","_links":{"self":[{"href":"https:\/\/radiorevelacionfm.cl\/index.php?rest_route=\/wp\/v2\/posts\/38645","targetHints":{"allow":["GET"]}}],"collection":[{"href":"https:\/\/radiorevelacionfm.cl\/index.php?rest_route=\/wp\/v2\/posts"}],"about":[{"href":"https:\/\/radiorevelacionfm.cl\/index.php?rest_route=\/wp\/v2\/types\/post"}],"author":[{"embeddable":true,"href":"https:\/\/radiorevelacionfm.cl\/index.php?rest_route=\/wp\/v2\/users\/1"}],"replies":[{"embeddable":true,"href":"https:\/\/radiorevelacionfm.cl\/index.php?rest_route=%2Fwp%2Fv2%2Fcomments&post=38645"}],"version-history":[{"count":1,"href":"https:\/\/radiorevelacionfm.cl\/index.php?rest_route=\/wp\/v2\/posts\/38645\/revisions"}],"predecessor-version":[{"id":38647,"href":"https:\/\/radiorevelacionfm.cl\/index.php?rest_route=\/wp\/v2\/posts\/38645\/revisions\/38647"}],"wp:featuredmedia":[{"embeddable":true,"href":"https:\/\/radiorevelacionfm.cl\/index.php?rest_route=\/wp\/v2\/media\/38646"}],"wp:attachment":[{"href":"https:\/\/radiorevelacionfm.cl\/index.php?rest_route=%2Fwp%2Fv2%2Fmedia&parent=38645"}],"wp:term":[{"taxonomy":"category","embeddable":true,"href":"https:\/\/radiorevelacionfm.cl\/index.php?rest_route=%2Fwp%2Fv2%2Fcategories&post=38645"},{"taxonomy":"post_tag","embeddable":true,"href":"https:\/\/radiorevelacionfm.cl\/index.php?rest_route=%2Fwp%2Fv2%2Ftags&post=38645"}],"curies":[{"name":"wp","href":"https:\/\/api.w.org\/{rel}","templated":true}]}}