{"id":38642,"date":"2024-01-06T11:04:11","date_gmt":"2024-01-06T14:04:11","guid":{"rendered":"https:\/\/radiorevelacionfm.cl\/?p=38642"},"modified":"2024-01-06T11:04:11","modified_gmt":"2024-01-06T14:04:11","slug":"jardines-infantiles-se-preparan-para-el-programa-vacaciones-en-mi-jardin-2024","status":"publish","type":"post","link":"https:\/\/radiorevelacionfm.cl\/?p=38642","title":{"rendered":"Jardines Infantiles se preparan para el programa \u201cVacaciones en Mi Jard\u00edn\u201d 2024"},"content":{"rendered":"<div class=\"flex_column av_one_full  flex_column_div av-zero-column-padding first  avia-builder-el-0  el_before_av_one_full  avia-builder-el-first  \" style='border-radius:0px; '><div  class='avia-image-container  av-styling-    avia-builder-el-1  avia-builder-el-no-sibling  avia-align-center '  itemprop=\"image\" itemscope=\"itemscope\" itemtype=\"https:\/\/schema.org\/ImageObject\"  ><div class='avia-image-container-inner'><div class='avia-image-overlay-wrap'><img decoding=\"async\" class='wp-image-38643 avia-img-lazy-loading-not-38643 avia_image' src=\"https:\/\/radiorevelacionfm.cl\/wp-content\/uploads\/2024\/01\/2-min-1-1-1.jpg\" alt='' title='2-min (1) (1) (1)' height=\"600\" width=\"902\"  itemprop=\"thumbnailUrl\" srcset=\"https:\/\/radiorevelacionfm.cl\/wp-content\/uploads\/2024\/01\/2-min-1-1-1.jpg 902w, https:\/\/radiorevelacionfm.cl\/wp-content\/uploads\/2024\/01\/2-min-1-1-1-300x200.jpg 300w, https:\/\/radiorevelacionfm.cl\/wp-content\/uploads\/2024\/01\/2-min-1-1-1-768x511.jpg 768w, https:\/\/radiorevelacionfm.cl\/wp-content\/uploads\/2024\/01\/2-min-1-1-1-705x469.jpg 705w, https:\/\/radiorevelacionfm.cl\/wp-content\/uploads\/2024\/01\/2-min-1-1-1-450x299.jpg 450w, https:\/\/radiorevelacionfm.cl\/wp-content\/uploads\/2024\/01\/2-min-1-1-1-600x399.jpg 600w\" sizes=\"(max-width: 902px) 100vw, 902px\" \/><\/div><\/div><\/div><\/div><div class=\"flex_column av_one_full  flex_column_div av-zero-column-padding first  avia-builder-el-2  el_after_av_one_full  el_before_av_one_full  column-top-margin\" style='border-radius:0px; '><section class=\"av_textblock_section \"  itemscope=\"itemscope\" itemtype=\"https:\/\/schema.org\/BlogPosting\" itemprop=\"blogPost\" ><div class='avia_textblock  '   itemprop=\"text\" ><p style=\"text-align: center;\"><strong><span style=\"font-size: 18pt;\">Jardines Infantiles se preparan para el programa \u201cVacaciones en Mi Jard\u00edn\u201d 2024<\/span><\/strong><\/p>\n<div id=\"gtx-trans\" style=\"position: absolute; left: -50px; top: 4.31534px;\">\n<div class=\"gtx-trans-icon\"><\/div>\n<\/div>\n<\/div><\/section><\/div><div class=\"flex_column av_one_full  flex_column_div av-zero-column-padding first  avia-builder-el-4  el_after_av_one_full  el_before_av_hr  column-top-margin\" style='border-radius:0px; '><section class=\"av_textblock_section \"  itemscope=\"itemscope\" itemtype=\"https:\/\/schema.org\/BlogPosting\" itemprop=\"blogPost\" ><div class='avia_textblock  '   itemprop=\"text\" ><p style=\"font-weight: 400; text-align: justify;\">Del 15 de enero al 23 de febrero se desarrollar\u00e1 una nueva versi\u00f3n del programa \u201cVacaciones en Mi Jard\u00edn\u201d (VMJ), acci\u00f3n que permitir\u00e1 atender a 116 ni\u00f1as y ni\u00f1os entre los 3 meses y 5 a\u00f1os de edad de las ciudades de Coyhaique y Puerto Ays\u00e9n.\u00a0 Es en ese contexto que Fundaci\u00f3n Integra ya est\u00e1 capacitando a los equipos educativos de los Jardines Infantiles \u201cMackay\u201d (Coyhaique) y \u201cLos Chilcos\u201d (Puerto Ays\u00e9n) que estar\u00e1n a cargo de esta misi\u00f3n para entregar un espacio acorde a los objetivos del Programa.<\/p>\n<p style=\"font-weight: 400; text-align: justify;\">Desde la instituci\u00f3n recalcan que este programa busca hacer una alternativa recreativo vacacional para las familias que lo necesitan, pero con una diferencia respecto a la propuesta que habitualmente desarrollan los jardines infantiles durante el a\u00f1o y, por consiguiente, lo que realizan ni\u00f1os y las ni\u00f1as en periodos normales.<\/p>\n<p style=\"font-weight: 400; text-align: justify;\">Leticia Araya Norambuena, directora regional de Fundaci\u00f3n Integra recalca que este espacio sirve para \u201creforzar lineamientos institucionales como el protagonismo, buentrato, adultos significativos, ambientes educativos como tercer formador, que nos permiten relevar esos aspectos con quienes trabajar\u00e1n con los ni\u00f1os y que se entienda lo que queremos que suceda en este espacio durante este periodo\u201d.<\/p>\n<p style=\"font-weight: 400; text-align: justify;\">Para la puesta en marcha de este programa, Fundaci\u00f3n Integra est\u00e1 desarrollando una capacitaci\u00f3n de una (1) semana a los equipos educativos de ambos establecimientos, considerando diversos \u00e1mbitos de acci\u00f3n.<\/p>\n<p style=\"font-weight: 400; text-align: justify;\">La directora regional de Fundaci\u00f3n Integra recalca que \u201clo que nosotros esperamos (del VMJ) es que sea un espacio recreativo, donde se priorice el juego, donde ni\u00f1os y ni\u00f1as sean protagonistas, pero en un espacio de vacaciones. Que ellos puedan disfrutar o hacer lo que hacen las familias en vacaciones, salir a explorar, tardes de cine, actividades que le permitan a los ni\u00f1os sentir que est\u00e1n en vacaciones\u201d.<\/p>\n<p style=\"font-weight: 400; text-align: justify;\">Dato no menor es que en esta semana de capacitaci\u00f3n los equipos educativos recibir\u00e1n informaci\u00f3n que es relevante para el funcionamiento del VMJ como lo es conocer el perfil de los p\u00e1rvulos que formar\u00e1n parte del VMJ, procesos de gesti\u00f3n administrativa, contexto institucional, bienestar del equipo educativo, prevenci\u00f3n del desgaste laboral, entre otros, propendiendo a que el programa logre los objetivos esperados.<\/p>\n<p style=\"font-weight: 400; text-align: justify;\">Vinka Salazar, directora del VMJ en el jard\u00edn infantil \u201cLos Chilcos\u201d se\u00f1ala que \u201cesta capacitaci\u00f3n es vital para nosotras y poder empaparnos de la misi\u00f3n y visi\u00f3n que tiene Fundaci\u00f3n Integra para este programa\u201d. A la vez, destac\u00f3 que \u201crelevar esta instancia porque nos permite conocernos (equipo educativo), compartir, colaborar y escuchar las diferentes opiniones nos acerca y nos permite trabajar de manera colaborativa, en pos de los ni\u00f1os y ni\u00f1as\u201d.<\/p>\n<p style=\"font-weight: 400; text-align: justify;\">Por su parte, Pamela Espinoza, directora del VMJ del jard\u00edn infantil \u201cMackay\u201d refuerza que el objetivo que tiene este Programa en los p\u00e1rvulos destacando que \u201ctenemos que tener en cuenta que todos los ni\u00f1os (que forman parte del VMJ) est\u00e1n todo el a\u00f1o en el jard\u00edn infantil, por lo que este tiempo de verano va a ser de compartir, un vivir distinto a lo que ellos desarrollan normalmente durante el a\u00f1o\u201d.<\/p>\n<p style=\"font-weight: 400; text-align: justify;\">Como en cada versi\u00f3n, esta capacitaci\u00f3n tiene como objetivo desarrollar competencias t\u00e9cnicas en los equipos educativos a cargo del Programa como lo son conocimientos, procedimientos y actitudes relacionadas con los principios, caracter\u00edsticas y lineamientos de dicho programa.<\/p>\n<p style=\"font-weight: 400; text-align: justify;\">Con 33 a\u00f1os de experiencia y m\u00e1s de 1.200 salas cuna y jardines infantiles gratuitos en todo el pa\u00eds, Fundaci\u00f3n Integra trabaja para lograr el desarrollo integral, bienestar y aprendizajes significativos de ni\u00f1os y ni\u00f1as, poniendo a su disposici\u00f3n espacios educativos diversos, estimulantes y de calidad.<\/p>\n<\/div><\/section><\/div><div  style='height:50px' class='hr hr-invisible   avia-builder-el-6  el_after_av_one_full  el_before_av_social_share '><span class='hr-inner ' ><span class='hr-inner-style'><\/span><\/span><\/div><\/p>\n<div  class='av-social-sharing-box  avia-builder-el-7  el_after_av_hr  el_before_av_hr  '><div class='av-share-box'><h5 class='av-share-link-description av-no-toc '>Compartir esta noticia<\/h5><ul class='av-share-box-list noLightbox'><li class='av-share-link av-social-link-facebook' ><a target=\"_blank\" aria-label=\"Compartir en Facebook\" href='https:\/\/www.facebook.com\/sharer.php?u=https:\/\/radiorevelacionfm.cl\/?p=38642&#038;t=Jardines%20Infantiles%20se%20preparan%20para%20el%20programa%20%E2%80%9CVacaciones%20en%20Mi%20Jard%C3%ADn%E2%80%9D%202024' aria-hidden='false' data-av_icon='\ue8f3' data-av_iconfont='entypo-fontello' title='' data-avia-related-tooltip='Compartir en Facebook' rel=\"noopener\"><span class='avia_hidden_link_text'>Compartir en Facebook<\/span><\/a><\/li><li class='av-share-link av-social-link-twitter' ><a target=\"_blank\" aria-label=\"Compartir en Twitter\" href='https:\/\/twitter.com\/share?text=Jardines%20Infantiles%20se%20preparan%20para%20el%20programa%20%E2%80%9CVacaciones%20en%20Mi%20Jard%C3%ADn%E2%80%9D%202024&#038;url=https:\/\/radiorevelacionfm.cl\/?p=38642' aria-hidden='false' data-av_icon='\ue8f1' data-av_iconfont='entypo-fontello' title='' data-avia-related-tooltip='Compartir en Twitter' rel=\"noopener\"><span class='avia_hidden_link_text'>Compartir en Twitter<\/span><\/a><\/li><li class='av-share-link av-social-link-whatsapp' ><a target=\"_blank\" aria-label=\"Compartir en Whatsapp\" href='https:\/\/api.whatsapp.com\/send?text=https:\/\/radiorevelacionfm.cl\/?p=38642' aria-hidden='false' data-av_icon='\uf232' data-av_iconfont='entypo-fontello' title='' data-avia-related-tooltip='Compartir en Whatsapp' rel=\"noopener\"><span class='avia_hidden_link_text'>Compartir en Whatsapp<\/span><\/a><\/li><li class='av-share-link av-social-link-linkedin' ><a target=\"_blank\" aria-label=\"Compartir en LinkedIn\" href='https:\/\/linkedin.com\/shareArticle?mini=true&#038;title=Jardines%20Infantiles%20se%20preparan%20para%20el%20programa%20%E2%80%9CVacaciones%20en%20Mi%20Jard%C3%ADn%E2%80%9D%202024&#038;url=https:\/\/radiorevelacionfm.cl\/?p=38642' aria-hidden='false' data-av_icon='\ue8fc' data-av_iconfont='entypo-fontello' title='' data-avia-related-tooltip='Compartir en LinkedIn' rel=\"noopener\"><span class='avia_hidden_link_text'>Compartir en LinkedIn<\/span><\/a><\/li><li class='av-share-link av-social-link-mail' ><a  aria-label=\"Compartir por correo\" href='mailto:?subject=Jardines%20Infantiles%20se%20preparan%20para%20el%20programa%20%E2%80%9CVacaciones%20en%20Mi%20Jard%C3%ADn%E2%80%9D%202024&#038;body=https:\/\/radiorevelacionfm.cl\/?p=38642' aria-hidden='false' data-av_icon='\ue805' data-av_iconfont='entypo-fontello' title='' data-avia-related-tooltip='Compartir por correo'><span class='avia_hidden_link_text'>Compartir por correo<\/span><\/a><\/li><\/ul><\/div><\/div>\n<div  style='height:50px' class='hr hr-invisible   avia-builder-el-8  el_after_av_social_share  el_before_av_comments_list '><span class='hr-inner ' ><span class='hr-inner-style'><\/span><\/span><\/div>\n<div  class='av-buildercomment  av-blog-meta-html-info-disabled av-blog-meta-tag-disabled  '><\/div>\n","protected":false},"excerpt":{"rendered":"","protected":false},"author":1,"featured_media":38643,"comment_status":"open","ping_status":"open","sticky":false,"template":"","format":"standard","meta":{"footnotes":""},"categories":[49],"tags":[],"class_list":["post-38642","post","type-post","status-publish","format-standard","has-post-thumbnail","hentry","category-educacion"],"jetpack_featured_media_url":"https:\/\/radiorevelacionfm.cl\/wp-content\/uploads\/2024\/01\/2-min-1-1-1.jpg","_links":{"self":[{"href":"https:\/\/radiorevelacionfm.cl\/index.php?rest_route=\/wp\/v2\/posts\/38642","targetHints":{"allow":["GET"]}}],"collection":[{"href":"https:\/\/radiorevelacionfm.cl\/index.php?rest_route=\/wp\/v2\/posts"}],"about":[{"href":"https:\/\/radiorevelacionfm.cl\/index.php?rest_route=\/wp\/v2\/types\/post"}],"author":[{"embeddable":true,"href":"https:\/\/radiorevelacionfm.cl\/index.php?rest_route=\/wp\/v2\/users\/1"}],"replies":[{"embeddable":true,"href":"https:\/\/radiorevelacionfm.cl\/index.php?rest_route=%2Fwp%2Fv2%2Fcomments&post=38642"}],"version-history":[{"count":1,"href":"https:\/\/radiorevelacionfm.cl\/index.php?rest_route=\/wp\/v2\/posts\/38642\/revisions"}],"predecessor-version":[{"id":38644,"href":"https:\/\/radiorevelacionfm.cl\/index.php?rest_route=\/wp\/v2\/posts\/38642\/revisions\/38644"}],"wp:featuredmedia":[{"embeddable":true,"href":"https:\/\/radiorevelacionfm.cl\/index.php?rest_route=\/wp\/v2\/media\/38643"}],"wp:attachment":[{"href":"https:\/\/radiorevelacionfm.cl\/index.php?rest_route=%2Fwp%2Fv2%2Fmedia&parent=38642"}],"wp:term":[{"taxonomy":"category","embeddable":true,"href":"https:\/\/radiorevelacionfm.cl\/index.php?rest_route=%2Fwp%2Fv2%2Fcategories&post=38642"},{"taxonomy":"post_tag","embeddable":true,"href":"https:\/\/radiorevelacionfm.cl\/index.php?rest_route=%2Fwp%2Fv2%2Ftags&post=38642"}],"curies":[{"name":"wp","href":"https:\/\/api.w.org\/{rel}","templated":true}]}}