{"id":38638,"date":"2024-01-05T19:36:46","date_gmt":"2024-01-05T22:36:46","guid":{"rendered":"https:\/\/radiorevelacionfm.cl\/?p=38638"},"modified":"2024-01-05T19:36:46","modified_gmt":"2024-01-05T22:36:46","slug":"10-festival-internacional-de-musica-en-la-patagonia-preambulo-a-una-decada-de-armonia-musical","status":"publish","type":"post","link":"https:\/\/radiorevelacionfm.cl\/?p=38638","title":{"rendered":"10\u00b0 Festival Internacional de M\u00fasica en la Patagonia: Pre\u00e1mbulo a una d\u00e9cada de armon\u00eda musical"},"content":{"rendered":"<div class=\"flex_column av_one_full  flex_column_div av-zero-column-padding first  avia-builder-el-0  el_before_av_one_full  avia-builder-el-first  \" style='border-radius:0px; '><div  class='avia-image-container  av-styling-    avia-builder-el-1  avia-builder-el-no-sibling  avia-align-center '  itemprop=\"image\" itemscope=\"itemscope\" itemtype=\"https:\/\/schema.org\/ImageObject\"  ><div class='avia-image-container-inner'><div class='avia-image-overlay-wrap'><img decoding=\"async\" class='wp-image-38639 avia-img-lazy-loading-not-38639 avia_image' src=\"https:\/\/radiorevelacionfm.cl\/wp-content\/uploads\/2024\/01\/86317160_1107066529638440_4528616506199638016_n-1-1.jpg\" alt='' title='86317160_1107066529638440_4528616506199638016_n (1) (1)' height=\"600\" width=\"906\"  itemprop=\"thumbnailUrl\" srcset=\"https:\/\/radiorevelacionfm.cl\/wp-content\/uploads\/2024\/01\/86317160_1107066529638440_4528616506199638016_n-1-1.jpg 906w, https:\/\/radiorevelacionfm.cl\/wp-content\/uploads\/2024\/01\/86317160_1107066529638440_4528616506199638016_n-1-1-300x199.jpg 300w, https:\/\/radiorevelacionfm.cl\/wp-content\/uploads\/2024\/01\/86317160_1107066529638440_4528616506199638016_n-1-1-768x509.jpg 768w, https:\/\/radiorevelacionfm.cl\/wp-content\/uploads\/2024\/01\/86317160_1107066529638440_4528616506199638016_n-1-1-705x467.jpg 705w, https:\/\/radiorevelacionfm.cl\/wp-content\/uploads\/2024\/01\/86317160_1107066529638440_4528616506199638016_n-1-1-450x298.jpg 450w, https:\/\/radiorevelacionfm.cl\/wp-content\/uploads\/2024\/01\/86317160_1107066529638440_4528616506199638016_n-1-1-600x397.jpg 600w\" sizes=\"(max-width: 906px) 100vw, 906px\" \/><\/div><\/div><\/div><\/div><div class=\"flex_column av_one_full  flex_column_div av-zero-column-padding first  avia-builder-el-2  el_after_av_one_full  el_before_av_one_full  column-top-margin\" style='border-radius:0px; '><section class=\"av_textblock_section \"  itemscope=\"itemscope\" itemtype=\"https:\/\/schema.org\/BlogPosting\" itemprop=\"blogPost\" ><div class='avia_textblock  '   itemprop=\"text\" ><p style=\"text-align: center;\"><strong><span style=\"font-size: 18pt;\">10\u00b0 Festival Internacional de M\u00fasica en la Patagonia: Pre\u00e1mbulo a una d\u00e9cada de armon\u00eda musical<\/span><\/strong><\/p>\n<div id=\"gtx-trans\" style=\"position: absolute; left: -50px; top: 4.31534px;\">\n<div class=\"gtx-trans-icon\"><\/div>\n<\/div>\n<\/div><\/section><\/div><div class=\"flex_column av_one_full  flex_column_div av-zero-column-padding first  avia-builder-el-4  el_after_av_one_full  el_before_av_hr  column-top-margin\" style='border-radius:0px; '><section class=\"av_textblock_section \"  itemscope=\"itemscope\" itemtype=\"https:\/\/schema.org\/BlogPosting\" itemprop=\"blogPost\" ><div class='avia_textblock  '   itemprop=\"text\" ><p style=\"text-align: justify;\">A medida que se acerca la d\u00e9cima edici\u00f3n del Festival Internacional de M\u00fasica en la Patagonia (FIMP), el escenario se prepara para recibir a talentosos artistas nacionales e internacionales en el Centro Cultural Coyhaique, del 3 al 9 de febrero.<\/p>\n<p style=\"text-align: justify;\">Este a\u00f1o el proyecto es financiado por el Fondo de la M\u00fasica, L\u00ednea de M\u00fasica en Vivo, Modalidad Festivales de Trayectoria, Convocatoria 2023. Antes del evento principal se han anunciado algunos aspectos clave del festival.<\/p>\n<p style=\"text-align: justify;\"><strong>Convocatoria a Artistas Regionales<\/strong><\/p>\n<p style=\"text-align: justify;\">El FIMP abre sus puertas a los artistas locales que deseen ser parte de esta destacada celebraci\u00f3n musical. Los interesados pueden postularse ingresando al sitio web oficial del festival, www.fimp.cl, donde encontrar\u00e1n el formulario de inscripci\u00f3n. La convocatoria permanecer\u00e1 abierta hasta el 12 de enero, brindando una oportunidad \u00fanica para que los talentos regionales compartan su arte en el escenario.<\/p>\n<p style=\"text-align: justify;\"><strong>Programa Apoya a un Estudiante<\/strong><\/p>\n<p style=\"text-align: justify;\">En esta edici\u00f3n, el festival tambi\u00e9n presentar\u00e1 su d\u00e9cima Academia de Verano FIMP, la cual ha logrado convocar a 40 estudiantes de todo Chile y el extranjero, comprometidos en beneficiarse de forma gratuita con la presencia de los artistas invitados al festival, participando activamente en clases magistrales, charlas y conversatorios. En un gesto de comunidad, los residentes de Coyhaique tienen la oportunidad de participar activamente en el evento mediante el programa \u00abApoya a un Estudiante\u00bb. Desde la organizaci\u00f3n se invita a aquellos que deseen abrir las puertas de sus hogares para brindar alojamiento a un estudiante de la Academia FIMP, permiti\u00e9ndoles participar en la experiencia del festival. Las postulaciones est\u00e1n abiertas, y los detalles se encuentran disponibles en el sitio web www.fimp.cl.<\/p>\n<p style=\"text-align: justify;\"><strong>Entradas Gratuitas y Donaciones<\/strong><\/p>\n<p style=\"text-align: justify;\">Las entradas para el FIMP son gratuitas y est\u00e1n disponibles en la p\u00e1gina web de Portal Ticket, asegurando que la m\u00fasica sea accesible para todos. Adem\u00e1s, se invita a quienes deseen contribuir al crecimiento continuo del festival a realizar donaciones a trav\u00e9s del sitio web oficial del FIMP, apoyando as\u00ed la promoci\u00f3n de la cultura y las artes en la regi\u00f3n.<\/p>\n<p style=\"text-align: justify;\"><strong>Podcast de Pre-Festival<\/strong><\/p>\n<p style=\"text-align: justify;\">A partir de este viernes, los amantes de la m\u00fasica podr\u00e1n sumergirse en el mundo FIMP a trav\u00e9s de un fascinante podcast. En cada episodio, se entrevistar\u00e1 a los artistas nacionales e internacionales que dar\u00e1n vida a esta d\u00e9cima edici\u00f3n del festival, brindando a los oyentes una visi\u00f3n \u00fanica de las voces y las historias detr\u00e1s de la m\u00fasica.<\/p>\n<p style=\"text-align: justify;\">El FIMP 2024 promete ser una experiencia inolvidable, fusionando la belleza natural de la Patagonia con la maestr\u00eda musical de artistas de clase mundial. Para mayor informaci\u00f3n, pueden revisar la p\u00e1gina web del FIMP o sus redes sociales (@fimpcoyhaique).<\/p>\n<\/div><\/section><\/div><div  style='height:50px' class='hr hr-invisible   avia-builder-el-6  el_after_av_one_full  el_before_av_social_share '><span class='hr-inner ' ><span class='hr-inner-style'><\/span><\/span><\/div><\/p>\n<div  class='av-social-sharing-box  avia-builder-el-7  el_after_av_hr  el_before_av_hr  '><div class='av-share-box'><h5 class='av-share-link-description av-no-toc '>Compartir esta noticia<\/h5><ul class='av-share-box-list noLightbox'><li class='av-share-link av-social-link-facebook' ><a target=\"_blank\" aria-label=\"Compartir en Facebook\" href='https:\/\/www.facebook.com\/sharer.php?u=https:\/\/radiorevelacionfm.cl\/?p=38638&#038;t=10%C2%B0%20Festival%20Internacional%20de%20M%C3%BAsica%20en%20la%20Patagonia%3A%20Pre%C3%A1mbulo%20a%20una%20d%C3%A9cada%20de%20armon%C3%ADa%20musical' aria-hidden='false' data-av_icon='\ue8f3' data-av_iconfont='entypo-fontello' title='' data-avia-related-tooltip='Compartir en Facebook' rel=\"noopener\"><span class='avia_hidden_link_text'>Compartir en Facebook<\/span><\/a><\/li><li class='av-share-link av-social-link-twitter' ><a target=\"_blank\" aria-label=\"Compartir en Twitter\" href='https:\/\/twitter.com\/share?text=10%C2%B0%20Festival%20Internacional%20de%20M%C3%BAsica%20en%20la%20Patagonia%3A%20Pre%C3%A1mbulo%20a%20una%20d%C3%A9cada%20de%20armon%C3%ADa%20musical&#038;url=https:\/\/radiorevelacionfm.cl\/?p=38638' aria-hidden='false' data-av_icon='\ue8f1' data-av_iconfont='entypo-fontello' title='' data-avia-related-tooltip='Compartir en Twitter' rel=\"noopener\"><span class='avia_hidden_link_text'>Compartir en Twitter<\/span><\/a><\/li><li class='av-share-link av-social-link-whatsapp' ><a target=\"_blank\" aria-label=\"Compartir en Whatsapp\" href='https:\/\/api.whatsapp.com\/send?text=https:\/\/radiorevelacionfm.cl\/?p=38638' aria-hidden='false' data-av_icon='\uf232' data-av_iconfont='entypo-fontello' title='' data-avia-related-tooltip='Compartir en Whatsapp' rel=\"noopener\"><span class='avia_hidden_link_text'>Compartir en Whatsapp<\/span><\/a><\/li><li class='av-share-link av-social-link-linkedin' ><a target=\"_blank\" aria-label=\"Compartir en LinkedIn\" href='https:\/\/linkedin.com\/shareArticle?mini=true&#038;title=10%C2%B0%20Festival%20Internacional%20de%20M%C3%BAsica%20en%20la%20Patagonia%3A%20Pre%C3%A1mbulo%20a%20una%20d%C3%A9cada%20de%20armon%C3%ADa%20musical&#038;url=https:\/\/radiorevelacionfm.cl\/?p=38638' aria-hidden='false' data-av_icon='\ue8fc' data-av_iconfont='entypo-fontello' title='' data-avia-related-tooltip='Compartir en LinkedIn' rel=\"noopener\"><span class='avia_hidden_link_text'>Compartir en LinkedIn<\/span><\/a><\/li><li class='av-share-link av-social-link-mail' ><a  aria-label=\"Compartir por correo\" href='mailto:?subject=10%C2%B0%20Festival%20Internacional%20de%20M%C3%BAsica%20en%20la%20Patagonia%3A%20Pre%C3%A1mbulo%20a%20una%20d%C3%A9cada%20de%20armon%C3%ADa%20musical&#038;body=https:\/\/radiorevelacionfm.cl\/?p=38638' aria-hidden='false' data-av_icon='\ue805' data-av_iconfont='entypo-fontello' title='' data-avia-related-tooltip='Compartir por correo'><span class='avia_hidden_link_text'>Compartir por correo<\/span><\/a><\/li><\/ul><\/div><\/div>\n<div  style='height:50px' class='hr hr-invisible   avia-builder-el-8  el_after_av_social_share  el_before_av_comments_list '><span class='hr-inner ' ><span class='hr-inner-style'><\/span><\/span><\/div>\n<div  class='av-buildercomment  av-blog-meta-html-info-disabled av-blog-meta-tag-disabled  '><\/div>\n","protected":false},"excerpt":{"rendered":"","protected":false},"author":1,"featured_media":38639,"comment_status":"open","ping_status":"open","sticky":false,"template":"","format":"standard","meta":{"footnotes":""},"categories":[43],"tags":[],"class_list":["post-38638","post","type-post","status-publish","format-standard","has-post-thumbnail","hentry","category-musica"],"jetpack_featured_media_url":"https:\/\/radiorevelacionfm.cl\/wp-content\/uploads\/2024\/01\/86317160_1107066529638440_4528616506199638016_n-1-1.jpg","_links":{"self":[{"href":"https:\/\/radiorevelacionfm.cl\/index.php?rest_route=\/wp\/v2\/posts\/38638","targetHints":{"allow":["GET"]}}],"collection":[{"href":"https:\/\/radiorevelacionfm.cl\/index.php?rest_route=\/wp\/v2\/posts"}],"about":[{"href":"https:\/\/radiorevelacionfm.cl\/index.php?rest_route=\/wp\/v2\/types\/post"}],"author":[{"embeddable":true,"href":"https:\/\/radiorevelacionfm.cl\/index.php?rest_route=\/wp\/v2\/users\/1"}],"replies":[{"embeddable":true,"href":"https:\/\/radiorevelacionfm.cl\/index.php?rest_route=%2Fwp%2Fv2%2Fcomments&post=38638"}],"version-history":[{"count":1,"href":"https:\/\/radiorevelacionfm.cl\/index.php?rest_route=\/wp\/v2\/posts\/38638\/revisions"}],"predecessor-version":[{"id":38640,"href":"https:\/\/radiorevelacionfm.cl\/index.php?rest_route=\/wp\/v2\/posts\/38638\/revisions\/38640"}],"wp:featuredmedia":[{"embeddable":true,"href":"https:\/\/radiorevelacionfm.cl\/index.php?rest_route=\/wp\/v2\/media\/38639"}],"wp:attachment":[{"href":"https:\/\/radiorevelacionfm.cl\/index.php?rest_route=%2Fwp%2Fv2%2Fmedia&parent=38638"}],"wp:term":[{"taxonomy":"category","embeddable":true,"href":"https:\/\/radiorevelacionfm.cl\/index.php?rest_route=%2Fwp%2Fv2%2Fcategories&post=38638"},{"taxonomy":"post_tag","embeddable":true,"href":"https:\/\/radiorevelacionfm.cl\/index.php?rest_route=%2Fwp%2Fv2%2Ftags&post=38638"}],"curies":[{"name":"wp","href":"https:\/\/api.w.org\/{rel}","templated":true}]}}