{"id":3863,"date":"2021-05-06T15:29:19","date_gmt":"2021-05-06T18:29:19","guid":{"rendered":"https:\/\/radiorevelacionfm.cl\/?p=3863"},"modified":"2021-05-06T15:29:19","modified_gmt":"2021-05-06T18:29:19","slug":"comunidad-de-bahia-murta-cuenta-con-nueva-posta-de-salud-rural","status":"publish","type":"post","link":"https:\/\/radiorevelacionfm.cl\/?p=3863","title":{"rendered":"Comunidad de Bah\u00eda Murta cuenta con nueva Posta de Salud Rural"},"content":{"rendered":"<div class=\"flex_column av_one_full  flex_column_div av-zero-column-padding first  avia-builder-el-0  el_before_av_one_full  avia-builder-el-first  \" style='border-radius:0px; '><div  class='avia-image-container  av-styling-    avia-builder-el-1  avia-builder-el-no-sibling  avia-align-center '  itemprop=\"image\" itemscope=\"itemscope\" itemtype=\"https:\/\/schema.org\/ImageObject\"  ><div class='avia-image-container-inner'><div class='avia-image-overlay-wrap'><img decoding=\"async\" class='wp-image-0 avia-img-lazy-loading-not-0 avia_image' src=\"https:\/\/radiorevelacionfm.cl\/wp-content\/uploads\/2021\/05\/1-11_optimized.jpeg\" alt='' title=''   itemprop=\"thumbnailUrl\"  \/><\/div><\/div><\/div><\/div><div class=\"flex_column av_one_full  flex_column_div av-zero-column-padding first  avia-builder-el-2  el_after_av_one_full  el_before_av_one_full  column-top-margin\" style='border-radius:0px; '><section class=\"av_textblock_section \"  itemscope=\"itemscope\" itemtype=\"https:\/\/schema.org\/BlogPosting\" itemprop=\"blogPost\" ><div class='avia_textblock  '   itemprop=\"text\" ><p style=\"text-align: center;\"><span style=\"font-size: 18pt;\"><strong>Comunidad de Bah\u00eda Murta cuenta con nueva Posta de Salud Rural <\/strong><\/span><\/p>\n<div id=\"gtx-trans\" style=\"position: absolute; left: -50px; top: 4.31534px;\">\n<div class=\"gtx-trans-icon\"><\/div>\n<\/div>\n<\/div><\/section><\/div><div class=\"flex_column av_one_full  flex_column_div av-zero-column-padding first  avia-builder-el-4  el_after_av_one_full  el_before_av_hr  column-top-margin\" style='border-radius:0px; '><section class=\"av_textblock_section \"  itemscope=\"itemscope\" itemtype=\"https:\/\/schema.org\/BlogPosting\" itemprop=\"blogPost\" ><div class='avia_textblock  '   itemprop=\"text\" ><p style=\"text-align: justify;\">Con una peque\u00f1a y emotiva ceremonia al aire libre la comunidad de Bah\u00eda Murta celebr\u00f3 la inauguraci\u00f3n de la nueva Posta de Salud Rural de la localidad, que brindar\u00e1 atenci\u00f3n a los m\u00e1s de 205 habitantes del sector, otorg\u00e1ndoles atenciones oportunas y de calidad a los usuarios\/as.<\/p>\n<p style=\"text-align: justify;\">La ceremonia fue encabezada por la Intendenta Margarita Ossa, y el director del Servicio de Salud Ays\u00e9n, Gabriel Burgos, quienes fueron acompa\u00f1ados por el Consejero Regional, Washington Medina; la seremi de Salud, Alejandra Valdebenito; adem\u00e1s de dirigentes sociales y vecinos, entre otros.<\/p>\n<p style=\"text-align: justify;\">Margarita Ossa, Intendenta Regional de Ays\u00e9n, manifest\u00f3 que \u201ces un momento de mucha felicidad e importante para los vecinos de Bah\u00eda Murta. Este es un proyecto anhelado por los habitantes del sector, quienes detectaron la necesidad de tener una nueva posta en su localidad y hoy se cumple ese sue\u00f1o. Es una posta de primera categor\u00eda y sobre todo es un proyecto que parte -como nos pide el Presidente Sebasti\u00e1n Pi\u00f1era- en una cirug\u00eda mayor a la salud, y as\u00ed se logra con este tipo de avances e infraestructura, donde las personas logran efectivamente tener accesos no solo a una mejor salud, sino tambi\u00e9n a una mejor calidad de vida, y eso es tremendamente importante\u201d.<\/p>\n<p style=\"text-align: justify;\">Las obras contemplaron una infraestructura de un total de 440 metros cuadrados, donde 158 m2 corresponden a dos viviendas para funcionarios y 281 m2 a dependencias de la nueva Posta de Salud Rural de Bah\u00eda Murta.<\/p>\n<p style=\"text-align: justify;\">Gabriel Burgos, director del Servicio de Salud Ays\u00e9n, indic\u00f3 que \u201ceste es un gran d\u00eda, ya que contar con un nuevo establecimiento era un anhelo para los habitantes del sector. Despu\u00e9s que en el a\u00f1o 2019 se contar\u00e1 con el lugar para poder implementar la Posta Rural, hoy es una realidad y la entregamos a la comunidad con una habitabilidad muy importante, con un cambio profundo, que va a significar para los funcionarios una mejor entrega de las prestaciones a los usuarios, con los mejores est\u00e1ndares de calidad para que puedan atenderse de mejor manera los requerimientos de los pacientes, por lo que estamos muy contentos como Servicio\u201d.<\/p>\n<p style=\"text-align: justify;\">La construcci\u00f3n fue financiada por el Gobierno Regional de Ays\u00e9n por un monto que super\u00f3 los 665 millones de pesos, incluyendo equipos, equipamientos, consultor\u00edas, gastos administrativos y obras civiles.<\/p>\n<p style=\"text-align: justify;\">Elia Bello, presidenta del Consejo de Desarrollo de la Posta Rural Bah\u00eda Murta, enfatiz\u00f3 que \u201cestamos muy contentos y emocionados por tener nuestra so\u00f1ada posta, ya que tenemos lo que tanto anhel\u00e1bamos. Es realmente hermosa, casi una cl\u00ednica, porque en esta localidad tener una infraestructura as\u00ed yo creo que nunca nos imaginamos, pero cuando se quiere se puede, as\u00ed que no queda m\u00e1s que agradecer a todas las autoridades que nos apoyaron\u201d.<\/p>\n<p style=\"text-align: justify;\">Por su parte, Marcelo Espinoza, Encargado de la Posta de Salud de Bah\u00eda Murta, indic\u00f3 que \u201ces una alegr\u00eda enorme ver despu\u00e9s de a\u00f1os concretado un proyecto de esta magnitud, ya que permite entregar dignidad y una mejor salud a la poblaci\u00f3n, y m\u00e1s a\u00fan en este contexto de pandemia donde la salud es un tema primordial para nuestros usuarios\u201d.<\/p>\n<p style=\"text-align: justify;\">Cabe destacar, que la nueva Posta de Salud Rural de Bah\u00eda Murta cuenta con box dental, box gineco obst\u00e9trico, box de procedimientos y observaciones, box m\u00e9dico, box de enfermer\u00eda, \u00e1reas administrativas de SOME y archivo, adem\u00e1s de servicios de apoyo como esterilizaci\u00f3n, ba\u00f1os de acceso universal, personal, bodegas, entre otros.<\/p>\n<\/div><\/section><\/div><div  style='height:50px' class='hr hr-invisible   avia-builder-el-6  el_after_av_one_full  el_before_av_social_share '><span class='hr-inner ' ><span class='hr-inner-style'><\/span><\/span><\/div><\/p>\n<div  class='av-social-sharing-box  avia-builder-el-7  el_after_av_hr  el_before_av_hr  '><div class='av-share-box'><h5 class='av-share-link-description av-no-toc '>Compartir esta noticia<\/h5><ul class='av-share-box-list noLightbox'><li class='av-share-link av-social-link-facebook' ><a target=\"_blank\" aria-label=\"Compartir en Facebook\" href='https:\/\/www.facebook.com\/sharer.php?u=https:\/\/radiorevelacionfm.cl\/?p=3863&#038;t=Comunidad%20de%20Bah%C3%ADa%20Murta%20cuenta%20con%20nueva%20Posta%20de%20Salud%20Rural' aria-hidden='false' data-av_icon='\ue8f3' data-av_iconfont='entypo-fontello' title='' data-avia-related-tooltip='Compartir en Facebook' rel=\"noopener\"><span class='avia_hidden_link_text'>Compartir en Facebook<\/span><\/a><\/li><li class='av-share-link av-social-link-twitter' ><a target=\"_blank\" aria-label=\"Compartir en Twitter\" href='https:\/\/twitter.com\/share?text=Comunidad%20de%20Bah%C3%ADa%20Murta%20cuenta%20con%20nueva%20Posta%20de%20Salud%20Rural&#038;url=https:\/\/radiorevelacionfm.cl\/?p=3863' aria-hidden='false' data-av_icon='\ue8f1' data-av_iconfont='entypo-fontello' title='' data-avia-related-tooltip='Compartir en Twitter' rel=\"noopener\"><span class='avia_hidden_link_text'>Compartir en Twitter<\/span><\/a><\/li><li class='av-share-link av-social-link-whatsapp' ><a target=\"_blank\" aria-label=\"Compartir en Whatsapp\" href='https:\/\/api.whatsapp.com\/send?text=https:\/\/radiorevelacionfm.cl\/?p=3863' aria-hidden='false' data-av_icon='\uf232' data-av_iconfont='entypo-fontello' title='' data-avia-related-tooltip='Compartir en Whatsapp' rel=\"noopener\"><span class='avia_hidden_link_text'>Compartir en Whatsapp<\/span><\/a><\/li><li class='av-share-link av-social-link-linkedin' ><a target=\"_blank\" aria-label=\"Compartir en LinkedIn\" href='https:\/\/linkedin.com\/shareArticle?mini=true&#038;title=Comunidad%20de%20Bah%C3%ADa%20Murta%20cuenta%20con%20nueva%20Posta%20de%20Salud%20Rural&#038;url=https:\/\/radiorevelacionfm.cl\/?p=3863' aria-hidden='false' data-av_icon='\ue8fc' data-av_iconfont='entypo-fontello' title='' data-avia-related-tooltip='Compartir en LinkedIn' rel=\"noopener\"><span class='avia_hidden_link_text'>Compartir en LinkedIn<\/span><\/a><\/li><li class='av-share-link av-social-link-mail' ><a  aria-label=\"Compartir por correo\" href='mailto:?subject=Comunidad%20de%20Bah%C3%ADa%20Murta%20cuenta%20con%20nueva%20Posta%20de%20Salud%20Rural&#038;body=https:\/\/radiorevelacionfm.cl\/?p=3863' aria-hidden='false' data-av_icon='\ue805' data-av_iconfont='entypo-fontello' title='' data-avia-related-tooltip='Compartir por correo'><span class='avia_hidden_link_text'>Compartir por correo<\/span><\/a><\/li><\/ul><\/div><\/div>\n<div  style='height:50px' class='hr hr-invisible   avia-builder-el-8  el_after_av_social_share  el_before_av_comments_list '><span class='hr-inner ' ><span class='hr-inner-style'><\/span><\/span><\/div>\n<div  class='av-buildercomment  av-blog-meta-html-info-disabled av-blog-meta-tag-disabled  '><\/div>\n","protected":false},"excerpt":{"rendered":"","protected":false},"author":1,"featured_media":0,"comment_status":"open","ping_status":"open","sticky":false,"template":"","format":"standard","meta":{"footnotes":""},"categories":[46],"tags":[],"class_list":["post-3863","post","type-post","status-publish","format-standard","hentry","category-salud"],"jetpack_featured_media_url":"","_links":{"self":[{"href":"https:\/\/radiorevelacionfm.cl\/index.php?rest_route=\/wp\/v2\/posts\/3863","targetHints":{"allow":["GET"]}}],"collection":[{"href":"https:\/\/radiorevelacionfm.cl\/index.php?rest_route=\/wp\/v2\/posts"}],"about":[{"href":"https:\/\/radiorevelacionfm.cl\/index.php?rest_route=\/wp\/v2\/types\/post"}],"author":[{"embeddable":true,"href":"https:\/\/radiorevelacionfm.cl\/index.php?rest_route=\/wp\/v2\/users\/1"}],"replies":[{"embeddable":true,"href":"https:\/\/radiorevelacionfm.cl\/index.php?rest_route=%2Fwp%2Fv2%2Fcomments&post=3863"}],"version-history":[{"count":1,"href":"https:\/\/radiorevelacionfm.cl\/index.php?rest_route=\/wp\/v2\/posts\/3863\/revisions"}],"predecessor-version":[{"id":3865,"href":"https:\/\/radiorevelacionfm.cl\/index.php?rest_route=\/wp\/v2\/posts\/3863\/revisions\/3865"}],"wp:attachment":[{"href":"https:\/\/radiorevelacionfm.cl\/index.php?rest_route=%2Fwp%2Fv2%2Fmedia&parent=3863"}],"wp:term":[{"taxonomy":"category","embeddable":true,"href":"https:\/\/radiorevelacionfm.cl\/index.php?rest_route=%2Fwp%2Fv2%2Fcategories&post=3863"},{"taxonomy":"post_tag","embeddable":true,"href":"https:\/\/radiorevelacionfm.cl\/index.php?rest_route=%2Fwp%2Fv2%2Ftags&post=3863"}],"curies":[{"name":"wp","href":"https:\/\/api.w.org\/{rel}","templated":true}]}}