{"id":3860,"date":"2021-05-06T13:50:56","date_gmt":"2021-05-06T16:50:56","guid":{"rendered":"https:\/\/radiorevelacionfm.cl\/?p=3860"},"modified":"2021-05-06T13:50:56","modified_gmt":"2021-05-06T16:50:56","slug":"centro-general-de-alumnos-del-liceo-bicentenario-de-chile-chico-inicia-gestion-con-enfasis-en-la-pandemia","status":"publish","type":"post","link":"https:\/\/radiorevelacionfm.cl\/?p=3860","title":{"rendered":"Centro General de Alumnos del liceo Bicentenario de Chile Chico inicia gesti\u00f3n con \u00e9nfasis en la pandemia"},"content":{"rendered":"<div class=\"flex_column av_one_full  flex_column_div av-zero-column-padding first  avia-builder-el-0  el_before_av_one_full  avia-builder-el-first  \" style='border-radius:0px; '><div  class='avia-image-container  av-styling-    avia-builder-el-1  avia-builder-el-no-sibling  avia-align-center '  itemprop=\"image\" itemscope=\"itemscope\" itemtype=\"https:\/\/schema.org\/ImageObject\"  ><div class='avia-image-container-inner'><div class='avia-image-overlay-wrap'><img decoding=\"async\" class='wp-image-0 avia-img-lazy-loading-not-0 avia_image' src=\"https:\/\/radiorevelacionfm.cl\/wp-content\/uploads\/2021\/05\/DIRECTIVA-CGA-LICEO-CHILE-CHICO.jpg\" alt='' title=''   itemprop=\"thumbnailUrl\"  \/><\/div><\/div><\/div><\/div><div class=\"flex_column av_one_full  flex_column_div av-zero-column-padding first  avia-builder-el-2  el_after_av_one_full  el_before_av_one_full  column-top-margin\" style='border-radius:0px; '><section class=\"av_textblock_section \"  itemscope=\"itemscope\" itemtype=\"https:\/\/schema.org\/BlogPosting\" itemprop=\"blogPost\" ><div class='avia_textblock  '   itemprop=\"text\" ><p style=\"text-align: center;\"><strong><span style=\"font-size: 18pt;\">Centro General de Alumnos del liceo Bicentenario de Chile Chico inicia gesti\u00f3n con \u00e9nfasis en la pandemia<\/span><\/strong><\/p>\n<div id=\"gtx-trans\" style=\"position: absolute; left: -50px; top: 4.31534px;\">\n<div class=\"gtx-trans-icon\"><\/div>\n<\/div>\n<\/div><\/section><\/div><div class=\"flex_column av_one_full  flex_column_div av-zero-column-padding first  avia-builder-el-4  el_after_av_one_full  el_before_av_hr  column-top-margin\" style='border-radius:0px; '><section class=\"av_textblock_section \"  itemscope=\"itemscope\" itemtype=\"https:\/\/schema.org\/BlogPosting\" itemprop=\"blogPost\" ><div class='avia_textblock  '   itemprop=\"text\" ><p style=\"text-align: justify;\">Una lista \u00fanica fue la que se present\u00f3 en las elecciones de la nueva directiva del Centro General de Alumnos del liceo Bicentenario Luisa Rabanal Palma de Chile Chico, la que fue sometida a la aprobaci\u00f3n o rechazo de los estudiantes, resultando que 245 votos validaron la lista y \u00a039 rechazaron esta opci\u00f3n.<\/p>\n<p style=\"text-align: justify;\">De esta forma, se fijan los nuevos representantes estudiantiles del establecimiento municipal de la ciudad del sol, los que est\u00e1n liderados por Isabella C\u00e1rdenas, quien remarc\u00f3 que este es un a\u00f1o dif\u00edcil, pero trabajar\u00e1n con \u00e9nfasis en la pandemia.<\/p>\n<p style=\"text-align: justify;\">\u201cLa verdad es que este desaf\u00edo lo tomo con todas las ganas, estamos con mi equipo de delegados, tesorero, secretario, todos contentos y dispuestos a trabajar por todo nuestro establecimiento y nuestros compa\u00f1eros durante este a\u00f1o. Sabemos que este a\u00f1o se nos viene dif\u00edcil, pero aun as\u00ed estamos con todas las ganas de poder hacer hartas actividades. Como estamos en pandemia, la idea es realizar actividades que fortalezcan el aprendizaje y que todos los alumnos se puedan sentir c\u00f3modos en el liceo, realizando todas estas actividades, entonces, tenemos que ir trabajando y coordinando con las directivas de cada curso\u201d, manifest\u00f3 Isabella C\u00e1rdenas.<\/p>\n<p style=\"text-align: justify;\">En tanto, el director del liceo Bicentenario Luisa Rabanal Palma de Chile Chico, Valko Duran, resalt\u00f3 la importancia de la representatividad de los j\u00f3venes, quienes fueron validados por la gran mayor\u00eda de sus compa\u00f1eros.<\/p>\n<p style=\"text-align: justify;\">\u201cPara nosotros es muy importante, tuve la primera reuni\u00f3n con la nueva directiva del Centro General de Alumnos, constituido por cuatro damas y dos varones. Fue solo una lista la que present\u00f3, la que fue sometida al escrutinio de los dem\u00e1s estudiantes para su apruebo o rechazo y fue aprobada por la mayor\u00eda 245 votos y 39 que rechazaron la elecci\u00f3n. Por lo tanto, cuenta con el respaldo no solamente de este director, de todos los funcionarios, profesores, sino que tambi\u00e9n, lo m\u00e1s importante cuenta con el respaldo de sus estudiantes\u201d.<\/p>\n<p style=\"text-align: justify;\">La nueva directiva del Centro General de Alumnos del liceo Bicentenario Luisa Rabanal Palma de Chile Chico, qued\u00f3 conformada por Isabella C\u00e1rdenas, Nicole Cea, Constanza Duran, Crisly Chac\u00f3n, Jos\u00e9 Cadagan y Jorge Pe\u00f1a.<\/p>\n<\/div><\/section><\/div><div  style='height:50px' class='hr hr-invisible   avia-builder-el-6  el_after_av_one_full  el_before_av_social_share '><span class='hr-inner ' ><span class='hr-inner-style'><\/span><\/span><\/div><\/p>\n<div  class='av-social-sharing-box  avia-builder-el-7  el_after_av_hr  el_before_av_hr  '><div class='av-share-box'><h5 class='av-share-link-description av-no-toc '>Compartir esta noticia<\/h5><ul class='av-share-box-list noLightbox'><li class='av-share-link av-social-link-facebook' ><a target=\"_blank\" aria-label=\"Compartir en Facebook\" href='https:\/\/www.facebook.com\/sharer.php?u=https:\/\/radiorevelacionfm.cl\/?p=3860&#038;t=Centro%20General%20de%20Alumnos%20del%20liceo%20Bicentenario%20de%20Chile%20Chico%20inicia%20gesti%C3%B3n%20con%20%C3%A9nfasis%20en%20la%20pandemia' aria-hidden='false' data-av_icon='\ue8f3' data-av_iconfont='entypo-fontello' title='' data-avia-related-tooltip='Compartir en Facebook' rel=\"noopener\"><span class='avia_hidden_link_text'>Compartir en Facebook<\/span><\/a><\/li><li class='av-share-link av-social-link-twitter' ><a target=\"_blank\" aria-label=\"Compartir en Twitter\" href='https:\/\/twitter.com\/share?text=Centro%20General%20de%20Alumnos%20del%20liceo%20Bicentenario%20de%20Chile%20Chico%20inicia%20gesti%C3%B3n%20con%20%C3%A9nfasis%20en%20la%20pandemia&#038;url=https:\/\/radiorevelacionfm.cl\/?p=3860' aria-hidden='false' data-av_icon='\ue8f1' data-av_iconfont='entypo-fontello' title='' data-avia-related-tooltip='Compartir en Twitter' rel=\"noopener\"><span class='avia_hidden_link_text'>Compartir en Twitter<\/span><\/a><\/li><li class='av-share-link av-social-link-whatsapp' ><a target=\"_blank\" aria-label=\"Compartir en Whatsapp\" href='https:\/\/api.whatsapp.com\/send?text=https:\/\/radiorevelacionfm.cl\/?p=3860' aria-hidden='false' data-av_icon='\uf232' data-av_iconfont='entypo-fontello' title='' data-avia-related-tooltip='Compartir en Whatsapp' rel=\"noopener\"><span class='avia_hidden_link_text'>Compartir en Whatsapp<\/span><\/a><\/li><li class='av-share-link av-social-link-linkedin' ><a target=\"_blank\" aria-label=\"Compartir en LinkedIn\" href='https:\/\/linkedin.com\/shareArticle?mini=true&#038;title=Centro%20General%20de%20Alumnos%20del%20liceo%20Bicentenario%20de%20Chile%20Chico%20inicia%20gesti%C3%B3n%20con%20%C3%A9nfasis%20en%20la%20pandemia&#038;url=https:\/\/radiorevelacionfm.cl\/?p=3860' aria-hidden='false' data-av_icon='\ue8fc' data-av_iconfont='entypo-fontello' title='' data-avia-related-tooltip='Compartir en LinkedIn' rel=\"noopener\"><span class='avia_hidden_link_text'>Compartir en LinkedIn<\/span><\/a><\/li><li class='av-share-link av-social-link-mail' ><a  aria-label=\"Compartir por correo\" href='mailto:?subject=Centro%20General%20de%20Alumnos%20del%20liceo%20Bicentenario%20de%20Chile%20Chico%20inicia%20gesti%C3%B3n%20con%20%C3%A9nfasis%20en%20la%20pandemia&#038;body=https:\/\/radiorevelacionfm.cl\/?p=3860' aria-hidden='false' data-av_icon='\ue805' data-av_iconfont='entypo-fontello' title='' data-avia-related-tooltip='Compartir por correo'><span class='avia_hidden_link_text'>Compartir por correo<\/span><\/a><\/li><\/ul><\/div><\/div>\n<div  style='height:50px' class='hr hr-invisible   avia-builder-el-8  el_after_av_social_share  el_before_av_comments_list '><span class='hr-inner ' ><span class='hr-inner-style'><\/span><\/span><\/div>\n<div  class='av-buildercomment  av-blog-meta-html-info-disabled av-blog-meta-tag-disabled  '><\/div>\n","protected":false},"excerpt":{"rendered":"","protected":false},"author":1,"featured_media":0,"comment_status":"open","ping_status":"open","sticky":false,"template":"","format":"standard","meta":{"footnotes":""},"categories":[49],"tags":[],"class_list":["post-3860","post","type-post","status-publish","format-standard","hentry","category-educacion"],"jetpack_featured_media_url":"","_links":{"self":[{"href":"https:\/\/radiorevelacionfm.cl\/index.php?rest_route=\/wp\/v2\/posts\/3860","targetHints":{"allow":["GET"]}}],"collection":[{"href":"https:\/\/radiorevelacionfm.cl\/index.php?rest_route=\/wp\/v2\/posts"}],"about":[{"href":"https:\/\/radiorevelacionfm.cl\/index.php?rest_route=\/wp\/v2\/types\/post"}],"author":[{"embeddable":true,"href":"https:\/\/radiorevelacionfm.cl\/index.php?rest_route=\/wp\/v2\/users\/1"}],"replies":[{"embeddable":true,"href":"https:\/\/radiorevelacionfm.cl\/index.php?rest_route=%2Fwp%2Fv2%2Fcomments&post=3860"}],"version-history":[{"count":1,"href":"https:\/\/radiorevelacionfm.cl\/index.php?rest_route=\/wp\/v2\/posts\/3860\/revisions"}],"predecessor-version":[{"id":3862,"href":"https:\/\/radiorevelacionfm.cl\/index.php?rest_route=\/wp\/v2\/posts\/3860\/revisions\/3862"}],"wp:attachment":[{"href":"https:\/\/radiorevelacionfm.cl\/index.php?rest_route=%2Fwp%2Fv2%2Fmedia&parent=3860"}],"wp:term":[{"taxonomy":"category","embeddable":true,"href":"https:\/\/radiorevelacionfm.cl\/index.php?rest_route=%2Fwp%2Fv2%2Fcategories&post=3860"},{"taxonomy":"post_tag","embeddable":true,"href":"https:\/\/radiorevelacionfm.cl\/index.php?rest_route=%2Fwp%2Fv2%2Ftags&post=3860"}],"curies":[{"name":"wp","href":"https:\/\/api.w.org\/{rel}","templated":true}]}}