{"id":38595,"date":"2024-01-05T10:25:59","date_gmt":"2024-01-05T13:25:59","guid":{"rendered":"https:\/\/radiorevelacionfm.cl\/?p=38595"},"modified":"2024-01-05T10:25:59","modified_gmt":"2024-01-05T13:25:59","slug":"llaman-a-postular-a-licitacion-publica-del-observatorio-laboral-aysen","status":"publish","type":"post","link":"https:\/\/radiorevelacionfm.cl\/?p=38595","title":{"rendered":"Llaman a postular a licitaci\u00f3n p\u00fablica del Observatorio Laboral Ays\u00e9n"},"content":{"rendered":"<div class=\"flex_column av_one_full  flex_column_div av-zero-column-padding first  avia-builder-el-0  el_before_av_one_full  avia-builder-el-first  \" style='border-radius:0px; '><div  class='avia-image-container  av-styling-    avia-builder-el-1  avia-builder-el-no-sibling  avia-align-center '  itemprop=\"image\" itemscope=\"itemscope\" itemtype=\"https:\/\/schema.org\/ImageObject\"  ><div class='avia-image-container-inner'><div class='avia-image-overlay-wrap'><img decoding=\"async\" class='wp-image-38597 avia-img-lazy-loading-not-38597 avia_image' src=\"https:\/\/radiorevelacionfm.cl\/wp-content\/uploads\/2024\/01\/seremirdiaz_villaortega-1_optimized-1.jpg\" alt='' title='seremirdiaz_villaortega-(1)_optimized (1)' height=\"600\" width=\"857\"  itemprop=\"thumbnailUrl\" srcset=\"https:\/\/radiorevelacionfm.cl\/wp-content\/uploads\/2024\/01\/seremirdiaz_villaortega-1_optimized-1.jpg 857w, https:\/\/radiorevelacionfm.cl\/wp-content\/uploads\/2024\/01\/seremirdiaz_villaortega-1_optimized-1-300x210.jpg 300w, https:\/\/radiorevelacionfm.cl\/wp-content\/uploads\/2024\/01\/seremirdiaz_villaortega-1_optimized-1-768x538.jpg 768w, https:\/\/radiorevelacionfm.cl\/wp-content\/uploads\/2024\/01\/seremirdiaz_villaortega-1_optimized-1-705x494.jpg 705w, https:\/\/radiorevelacionfm.cl\/wp-content\/uploads\/2024\/01\/seremirdiaz_villaortega-1_optimized-1-450x315.jpg 450w, https:\/\/radiorevelacionfm.cl\/wp-content\/uploads\/2024\/01\/seremirdiaz_villaortega-1_optimized-1-600x420.jpg 600w\" sizes=\"(max-width: 857px) 100vw, 857px\" \/><\/div><\/div><\/div><\/div><div class=\"flex_column av_one_full  flex_column_div av-zero-column-padding first  avia-builder-el-2  el_after_av_one_full  el_before_av_one_full  column-top-margin\" style='border-radius:0px; '><section class=\"av_textblock_section \"  itemscope=\"itemscope\" itemtype=\"https:\/\/schema.org\/BlogPosting\" itemprop=\"blogPost\" ><div class='avia_textblock  '   itemprop=\"text\" ><p style=\"text-align: center;\"><strong><span style=\"font-size: 18pt;\">Llaman a postular a licitaci\u00f3n p\u00fablica del Observatorio Laboral Ays\u00e9n<\/span><\/strong><\/p>\n<div id=\"gtx-trans\" style=\"position: absolute; left: -50px; top: 4.31534px;\">\n<div class=\"gtx-trans-icon\"><\/div>\n<\/div>\n<\/div><\/section><\/div><div class=\"flex_column av_one_full  flex_column_div av-zero-column-padding first  avia-builder-el-4  el_after_av_one_full  el_before_av_hr  column-top-margin\" style='border-radius:0px; '><section class=\"av_textblock_section \"  itemscope=\"itemscope\" itemtype=\"https:\/\/schema.org\/BlogPosting\" itemprop=\"blogPost\" ><div class='avia_textblock  '   itemprop=\"text\" ><div>\n<p style=\"text-align: justify;\"><span lang=\"ES\">Ya est\u00e1 publicada en el portal de Mercado P\u00fablico la licitaci\u00f3n para la ejecuci\u00f3n de 15 Observatorios Laborales, bajo el alero de la Subsecretar\u00eda del Trabajo.<\/span><\/p>\n<p style=\"text-align: justify;\"><span lang=\"ES\">Al respecto, el Seremi de Trabajo y Previsi\u00f3n Social, Rodrigo D\u00edaz Cordaro explic\u00f3 \u00abLa Subsecretar\u00eda del Trabajo requiere contratar el servicio de\u00a0Ejecuci\u00f3n\u00a0de los Observatorios Laborales Regionales a lo largo del pa\u00eds, incluyendo el de nuestra Regi\u00f3n de Ays\u00e9n. Esto es parte de la Estrategia Nacional de Prospecci\u00f3n Laboral que est\u00e1 impulsando el Ministerio de Trabajo y Previsi\u00f3n Social, con el prop\u00f3sito de fortalecer el conocimiento territorial y sectorial, a trav\u00e9s del estudio de la oferta y demanda de las diversas ocupaciones presentes en Ays\u00e9n, as\u00ed como de los desaf\u00edos tecnol\u00f3gicos y socioecol\u00f3gicas que enfrentan las y los trabajadores que las realizan\u00bb.<\/span><\/p>\n<p style=\"text-align: justify;\"><span lang=\"ES\">El Seremi Rodrigo D\u00edaz a\u00f1adi\u00f3, \u00abEl Observatorio Laboral nos entrega informaci\u00f3n desagregada que nos permite tomar decisiones en pol\u00edticas p\u00fablicas atingentes a la realidad local y eso es fundamental, por ello, destacamos su labor y su importancia. Buscamos mejorar la empleabilidad de las y los trabajadores y la productividad del pa\u00eds, contando con informaci\u00f3n que apoye la pertinencia de la capacitaci\u00f3n, de la formaci\u00f3n para el trabajo y de las pol\u00edticas de empleo, en general. Hacemos un llamado a revisar las bases de la licitaci\u00f3n y postular\u00bb, especific\u00f3 la autoridad laboral.<\/span><\/p>\n<p style=\"text-align: justify;\"><span lang=\"ES\">Los proveedores pueden revisar los requerimientos y enviar sus ofertas a trav\u00e9s de\u202f<a href=\"http:\/\/www.mercadopublico.cl\/\" target=\"_blank\" rel=\"noopener noreferrer\">www.mercadopublico.cl<\/a>\u00a0con el\u202fID 630-53-LR23. El foro de preguntas ya abierto est\u00e1 abierto y cierra el 12 de enero de 2024. El cierre de recepci\u00f3n de las ofertas es el d\u00eda 06 de febrero de 2024 a las 14:00hrs.<\/span><\/p>\n<\/div>\n<div style=\"text-align: justify;\"><\/div>\n<\/div><\/section><\/div><div  style='height:50px' class='hr hr-invisible   avia-builder-el-6  el_after_av_one_full  el_before_av_social_share '><span class='hr-inner ' ><span class='hr-inner-style'><\/span><\/span><\/div><\/p>\n<div  class='av-social-sharing-box  avia-builder-el-7  el_after_av_hr  el_before_av_hr  '><div class='av-share-box'><h5 class='av-share-link-description av-no-toc '>Compartir esta noticia<\/h5><ul class='av-share-box-list noLightbox'><li class='av-share-link av-social-link-facebook' ><a target=\"_blank\" aria-label=\"Compartir en Facebook\" href='https:\/\/www.facebook.com\/sharer.php?u=https:\/\/radiorevelacionfm.cl\/?p=38595&#038;t=Llaman%20a%20postular%20a%20licitaci%C3%B3n%20p%C3%BAblica%20del%20Observatorio%20Laboral%20Ays%C3%A9n' aria-hidden='false' data-av_icon='\ue8f3' data-av_iconfont='entypo-fontello' title='' data-avia-related-tooltip='Compartir en Facebook' rel=\"noopener\"><span class='avia_hidden_link_text'>Compartir en Facebook<\/span><\/a><\/li><li class='av-share-link av-social-link-twitter' ><a target=\"_blank\" aria-label=\"Compartir en Twitter\" href='https:\/\/twitter.com\/share?text=Llaman%20a%20postular%20a%20licitaci%C3%B3n%20p%C3%BAblica%20del%20Observatorio%20Laboral%20Ays%C3%A9n&#038;url=https:\/\/radiorevelacionfm.cl\/?p=38595' aria-hidden='false' data-av_icon='\ue8f1' data-av_iconfont='entypo-fontello' title='' data-avia-related-tooltip='Compartir en Twitter' rel=\"noopener\"><span class='avia_hidden_link_text'>Compartir en Twitter<\/span><\/a><\/li><li class='av-share-link av-social-link-whatsapp' ><a target=\"_blank\" aria-label=\"Compartir en Whatsapp\" href='https:\/\/api.whatsapp.com\/send?text=https:\/\/radiorevelacionfm.cl\/?p=38595' aria-hidden='false' data-av_icon='\uf232' data-av_iconfont='entypo-fontello' title='' data-avia-related-tooltip='Compartir en Whatsapp' rel=\"noopener\"><span class='avia_hidden_link_text'>Compartir en Whatsapp<\/span><\/a><\/li><li class='av-share-link av-social-link-linkedin' ><a target=\"_blank\" aria-label=\"Compartir en LinkedIn\" href='https:\/\/linkedin.com\/shareArticle?mini=true&#038;title=Llaman%20a%20postular%20a%20licitaci%C3%B3n%20p%C3%BAblica%20del%20Observatorio%20Laboral%20Ays%C3%A9n&#038;url=https:\/\/radiorevelacionfm.cl\/?p=38595' aria-hidden='false' data-av_icon='\ue8fc' data-av_iconfont='entypo-fontello' title='' data-avia-related-tooltip='Compartir en LinkedIn' rel=\"noopener\"><span class='avia_hidden_link_text'>Compartir en LinkedIn<\/span><\/a><\/li><li class='av-share-link av-social-link-mail' ><a  aria-label=\"Compartir por correo\" href='mailto:?subject=Llaman%20a%20postular%20a%20licitaci%C3%B3n%20p%C3%BAblica%20del%20Observatorio%20Laboral%20Ays%C3%A9n&#038;body=https:\/\/radiorevelacionfm.cl\/?p=38595' aria-hidden='false' data-av_icon='\ue805' data-av_iconfont='entypo-fontello' title='' data-avia-related-tooltip='Compartir por correo'><span class='avia_hidden_link_text'>Compartir por correo<\/span><\/a><\/li><\/ul><\/div><\/div>\n<div  style='height:50px' class='hr hr-invisible   avia-builder-el-8  el_after_av_social_share  el_before_av_comments_list '><span class='hr-inner ' ><span class='hr-inner-style'><\/span><\/span><\/div>\n<div  class='av-buildercomment  av-blog-meta-html-info-disabled av-blog-meta-tag-disabled  '><\/div>\n","protected":false},"excerpt":{"rendered":"","protected":false},"author":1,"featured_media":38597,"comment_status":"open","ping_status":"open","sticky":false,"template":"","format":"standard","meta":{"footnotes":""},"categories":[56],"tags":[],"class_list":["post-38595","post","type-post","status-publish","format-standard","has-post-thumbnail","hentry","category-trabajo"],"jetpack_featured_media_url":"https:\/\/radiorevelacionfm.cl\/wp-content\/uploads\/2024\/01\/seremirdiaz_villaortega-1_optimized-1.jpg","_links":{"self":[{"href":"https:\/\/radiorevelacionfm.cl\/index.php?rest_route=\/wp\/v2\/posts\/38595","targetHints":{"allow":["GET"]}}],"collection":[{"href":"https:\/\/radiorevelacionfm.cl\/index.php?rest_route=\/wp\/v2\/posts"}],"about":[{"href":"https:\/\/radiorevelacionfm.cl\/index.php?rest_route=\/wp\/v2\/types\/post"}],"author":[{"embeddable":true,"href":"https:\/\/radiorevelacionfm.cl\/index.php?rest_route=\/wp\/v2\/users\/1"}],"replies":[{"embeddable":true,"href":"https:\/\/radiorevelacionfm.cl\/index.php?rest_route=%2Fwp%2Fv2%2Fcomments&post=38595"}],"version-history":[{"count":1,"href":"https:\/\/radiorevelacionfm.cl\/index.php?rest_route=\/wp\/v2\/posts\/38595\/revisions"}],"predecessor-version":[{"id":38598,"href":"https:\/\/radiorevelacionfm.cl\/index.php?rest_route=\/wp\/v2\/posts\/38595\/revisions\/38598"}],"wp:featuredmedia":[{"embeddable":true,"href":"https:\/\/radiorevelacionfm.cl\/index.php?rest_route=\/wp\/v2\/media\/38597"}],"wp:attachment":[{"href":"https:\/\/radiorevelacionfm.cl\/index.php?rest_route=%2Fwp%2Fv2%2Fmedia&parent=38595"}],"wp:term":[{"taxonomy":"category","embeddable":true,"href":"https:\/\/radiorevelacionfm.cl\/index.php?rest_route=%2Fwp%2Fv2%2Fcategories&post=38595"},{"taxonomy":"post_tag","embeddable":true,"href":"https:\/\/radiorevelacionfm.cl\/index.php?rest_route=%2Fwp%2Fv2%2Ftags&post=38595"}],"curies":[{"name":"wp","href":"https:\/\/api.w.org\/{rel}","templated":true}]}}