{"id":38592,"date":"2024-01-04T15:50:42","date_gmt":"2024-01-04T18:50:42","guid":{"rendered":"https:\/\/radiorevelacionfm.cl\/?p=38592"},"modified":"2024-01-04T15:50:42","modified_gmt":"2024-01-04T18:50:42","slug":"se-establece-la-pesqueria-a-pequena-escala-del-recurso-puye-para-raul-marin-balmaceda","status":"publish","type":"post","link":"https:\/\/radiorevelacionfm.cl\/?p=38592","title":{"rendered":"Se establece la pesquer\u00eda a peque\u00f1a escala del recurso Puye para Ra\u00fal Mar\u00edn Balmaceda"},"content":{"rendered":"<div class=\"flex_column av_one_full  flex_column_div av-zero-column-padding first  avia-builder-el-0  el_before_av_one_full  avia-builder-el-first  \" style='border-radius:0px; '><div  class='avia-image-container  av-styling-    avia-builder-el-1  avia-builder-el-no-sibling  avia-align-center '  itemprop=\"image\" itemscope=\"itemscope\" itemtype=\"https:\/\/schema.org\/ImageObject\"  ><div class='avia-image-container-inner'><div class='avia-image-overlay-wrap'><img decoding=\"async\" class='wp-image-38593 avia-img-lazy-loading-not-38593 avia_image' src=\"https:\/\/radiorevelacionfm.cl\/wp-content\/uploads\/2024\/01\/puye-cristian-balboa-2_optimized.jpg\" alt='' title='puye-cristian-balboa-(2)_optimized' height=\"620\" width=\"813\"  itemprop=\"thumbnailUrl\" srcset=\"https:\/\/radiorevelacionfm.cl\/wp-content\/uploads\/2024\/01\/puye-cristian-balboa-2_optimized.jpg 813w, https:\/\/radiorevelacionfm.cl\/wp-content\/uploads\/2024\/01\/puye-cristian-balboa-2_optimized-300x229.jpg 300w, https:\/\/radiorevelacionfm.cl\/wp-content\/uploads\/2024\/01\/puye-cristian-balboa-2_optimized-768x586.jpg 768w, https:\/\/radiorevelacionfm.cl\/wp-content\/uploads\/2024\/01\/puye-cristian-balboa-2_optimized-705x538.jpg 705w, https:\/\/radiorevelacionfm.cl\/wp-content\/uploads\/2024\/01\/puye-cristian-balboa-2_optimized-450x343.jpg 450w, https:\/\/radiorevelacionfm.cl\/wp-content\/uploads\/2024\/01\/puye-cristian-balboa-2_optimized-600x458.jpg 600w\" sizes=\"(max-width: 813px) 100vw, 813px\" \/><\/div><\/div><\/div><\/div><div class=\"flex_column av_one_full  flex_column_div av-zero-column-padding first  avia-builder-el-2  el_after_av_one_full  el_before_av_one_full  column-top-margin\" style='border-radius:0px; '><section class=\"av_textblock_section \"  itemscope=\"itemscope\" itemtype=\"https:\/\/schema.org\/BlogPosting\" itemprop=\"blogPost\" ><div class='avia_textblock  '   itemprop=\"text\" ><p style=\"text-align: center;\"><strong><span style=\"font-size: 18pt;\">Se establece la pesquer\u00eda a peque\u00f1a escala del recurso Puye para Ra\u00fal Mar\u00edn Balmaceda<\/span><\/strong><\/p>\n<div id=\"gtx-trans\" style=\"position: absolute; left: -50px; top: 4.31534px;\">\n<div class=\"gtx-trans-icon\"><\/div>\n<\/div>\n<\/div><\/section><\/div><div class=\"flex_column av_one_full  flex_column_div av-zero-column-padding first  avia-builder-el-4  el_after_av_one_full  el_before_av_hr  column-top-margin\" style='border-radius:0px; '><section class=\"av_textblock_section \"  itemscope=\"itemscope\" itemtype=\"https:\/\/schema.org\/BlogPosting\" itemprop=\"blogPost\" ><div class='avia_textblock  '   itemprop=\"text\" ><p style=\"text-align: justify;\"><em>El hito se traduce como un reconocimiento hist\u00f3rico a esta actividad en beneficio econ\u00f3mico de quienes la realizan.<\/em><\/p>\n<p style=\"text-align: justify;\">En sesi\u00f3n ordinaria del Consejo Zonal de Pesca de Ays\u00e9n, se aprob\u00f3 de manera un\u00e1nime el establecimiento de la pesquer\u00eda a peque\u00f1a escala del recurso\u00a0Puye\u00a0para la localidad de Ra\u00fal Mar\u00edn Balmaceda. Esta pesquer\u00eda quedar\u00e1 enmarcada en la zona geogr\u00e1fica del \u00e1rea de conservaci\u00f3n de m\u00faltiples usos AMCP-MU (Pitipalena-A\u00f1ihue), generando acciones conjuntas entre el Ministerio de Medio Ambiente, Servicio Nacional de Pesca y Acuicultura, Instituto de Fomento Pesquero IFOP, FAO (GEF), Subsecretaria de Pesca y Acuicultura y la comunidad de Ra\u00fal Mar\u00edn Balmaceda para establecer las medidas de manejo que garanticen el uso sostenible de esta actividad.<\/p>\n<p style=\"text-align: justify;\">El Seremi de Econom\u00eda; Felipe Rojas Pizarro relev\u00f3 este importante hito que significar\u00e1 un notable aumento en la dinamizaci\u00f3n econ\u00f3mica; \u201cEsta es una gran noticia para la comunidad de Ra\u00fal Mar\u00edn Balmaceda, ya que crear\u00e1 oportunidades en torno a la diversificaci\u00f3n productiva, la que a su vez, generar\u00e1 una nueva alternativa econ\u00f3mica para las y los habitantes de la localidad. Desde el punto de vista del turismo, el Puye es parte del patrimonio gastron\u00f3mico de nuestro territorio, y enriquecer\u00e1 la experiencia de visitantes y tambi\u00e9n para quienes habitamos Ays\u00e9n.\u201d<\/p>\n<p style=\"text-align: justify;\">\u00a0Y en relaci\u00f3n al mundo gastron\u00f3mico y el turismo, el nacionalmente reconocido Chef local Cristian Balboa se refiri\u00f3 a la gravitancia de este acontecimiento y mencion\u00f3 que: \u201cLa magia gastron\u00f3mica del Puye radica en que su origen es end\u00e9mico. He conocido y consumido Puye desde muy peque\u00f1o y claramente hoy es uno de los productos premium que dan vida y realzan la cocina local. La gastronom\u00eda es un pilar fundamental del Turismo y productos como este son fundamentales. Es altamente positivo que su recolecci\u00f3n se formalice y ordene con el fin de protegerlo, como as\u00ed tambi\u00e9n para crear m\u00e1s alternativas laborales, pero tambi\u00e9n creo que hay que poner especial \u00e9nfasis en que al momento de la comercializaci\u00f3n, se garantice cierta cantidad para los cocineros locales, para que definitivamente se inserte en la gastronomia de nuestro territorio.\u201d<\/p>\n<p style=\"text-align: justify;\">Todo lo anterior qued\u00f3 normado y regulado por parte de la Subsecretaria de Pesca y Acuicultura, el d\u00eda 22 de diciembre pasado, a trav\u00e9s de la Res. Ex. 622\/2023 que modific\u00f3 la parte novena de la Resoluci\u00f3n Exenta 3115\/2013, que establece la n\u00f3mina de pesquer\u00edas para todo el territorio nacional y la Res. Ex. 621\/2023 que regula el arte de pesca que se utiliza en Ra\u00fal Mar\u00edn Balmaceda.<\/p>\n<p style=\"text-align: justify;\">El impacto que esta acci\u00f3n tendr\u00e1 en la comunidad, fue abordado por Eli Ovalle; pescadora y recolectora de orilla, dedicada por m\u00e1s de 30 a\u00f1os al Puye, coment\u00f3 muy emocionada que: \u201cPara la nosotros es un inmenso logro ya que llevamos a\u00f1os trabajando y vendiendo a bajo valor por no estar declarado. Lo que significa que las familias que se dedican a esto, mejorar\u00e1n su calidad de vida y sus ingresos. Estoy contenta, agradecida y feliz de que mi trabajo sea reconocido y mejor remunerado.\u201d<\/p>\n<p style=\"text-align: justify;\">Por su parte, el Seremi del Medioambiente; Yoal D\u00edaz Reyes, puso sobre relieve la importancia de este acontecimiento, mencionando que: \u201cEl logro que alcanzamos en conjunto con Subpesca y el proyecto GEF de Gobernanza Marino Costera, viene a relevar la idiosincrasia de esta localidad, inserta en el \u00e1rea de conservaci\u00f3n de m\u00faltiples usos. Como Ministerio estamos comprometidos en los procesos, normativa y capacidades que den cuenta del modelo de conservaci\u00f3n y sustentabilidad de esta \u00e1rea.\u201d<\/p>\n<p style=\"text-align: justify;\">Finalmente, el Director Zonal de Pesca de la Regi\u00f3n de Ays\u00e9n; Manuel P\u00e9rez Montenegro se\u00f1al\u00f3 que: \u201cEs una muy buena noticia para Puerto Ra\u00fal Mar\u00edn Balmaceda, ya que beneficiar\u00e1 directamente a recolectoras y recolectores de orilla de la localidad. Destacar que este es un trabajo que se ha desarrollado durante largo tiempo y donde han participado diversas instituciones, todas trabajando en conjunto con los y las recolectoras de la localidad. Felicitar a la comunidad y hacer un llamado a estar pendientes, ya que prontamente Sernapesca emitir\u00e1 una resoluci\u00f3n y se realizar\u00e1 un llamado para la inscripci\u00f3n oficial en esta actividad, que a su vez es la primera pesquer\u00eda que se entrega a recolectores de orilla en Chile, lo que la convierte en todo un hito nacional.\u201d<\/p>\n<\/div><\/section><\/div><div  style='height:50px' class='hr hr-invisible   avia-builder-el-6  el_after_av_one_full  el_before_av_social_share '><span class='hr-inner ' ><span class='hr-inner-style'><\/span><\/span><\/div><\/p>\n<div  class='av-social-sharing-box  avia-builder-el-7  el_after_av_hr  el_before_av_hr  '><div class='av-share-box'><h5 class='av-share-link-description av-no-toc '>Compartir esta noticia<\/h5><ul class='av-share-box-list noLightbox'><li class='av-share-link av-social-link-facebook' ><a target=\"_blank\" aria-label=\"Compartir en Facebook\" href='https:\/\/www.facebook.com\/sharer.php?u=https:\/\/radiorevelacionfm.cl\/?p=38592&#038;t=Se%20establece%20la%20pesquer%C3%ADa%20a%20peque%C3%B1a%20escala%20del%20recurso%20Puye%20para%20Ra%C3%BAl%20Mar%C3%ADn%20Balmaceda' aria-hidden='false' data-av_icon='\ue8f3' data-av_iconfont='entypo-fontello' title='' data-avia-related-tooltip='Compartir en Facebook' rel=\"noopener\"><span class='avia_hidden_link_text'>Compartir en Facebook<\/span><\/a><\/li><li class='av-share-link av-social-link-twitter' ><a target=\"_blank\" aria-label=\"Compartir en Twitter\" href='https:\/\/twitter.com\/share?text=Se%20establece%20la%20pesquer%C3%ADa%20a%20peque%C3%B1a%20escala%20del%20recurso%20Puye%20para%20Ra%C3%BAl%20Mar%C3%ADn%20Balmaceda&#038;url=https:\/\/radiorevelacionfm.cl\/?p=38592' aria-hidden='false' data-av_icon='\ue8f1' data-av_iconfont='entypo-fontello' title='' data-avia-related-tooltip='Compartir en Twitter' rel=\"noopener\"><span class='avia_hidden_link_text'>Compartir en Twitter<\/span><\/a><\/li><li class='av-share-link av-social-link-whatsapp' ><a target=\"_blank\" aria-label=\"Compartir en Whatsapp\" href='https:\/\/api.whatsapp.com\/send?text=https:\/\/radiorevelacionfm.cl\/?p=38592' aria-hidden='false' data-av_icon='\uf232' data-av_iconfont='entypo-fontello' title='' data-avia-related-tooltip='Compartir en Whatsapp' rel=\"noopener\"><span class='avia_hidden_link_text'>Compartir en Whatsapp<\/span><\/a><\/li><li class='av-share-link av-social-link-linkedin' ><a target=\"_blank\" aria-label=\"Compartir en LinkedIn\" href='https:\/\/linkedin.com\/shareArticle?mini=true&#038;title=Se%20establece%20la%20pesquer%C3%ADa%20a%20peque%C3%B1a%20escala%20del%20recurso%20Puye%20para%20Ra%C3%BAl%20Mar%C3%ADn%20Balmaceda&#038;url=https:\/\/radiorevelacionfm.cl\/?p=38592' aria-hidden='false' data-av_icon='\ue8fc' data-av_iconfont='entypo-fontello' title='' data-avia-related-tooltip='Compartir en LinkedIn' rel=\"noopener\"><span class='avia_hidden_link_text'>Compartir en LinkedIn<\/span><\/a><\/li><li class='av-share-link av-social-link-mail' ><a  aria-label=\"Compartir por correo\" href='mailto:?subject=Se%20establece%20la%20pesquer%C3%ADa%20a%20peque%C3%B1a%20escala%20del%20recurso%20Puye%20para%20Ra%C3%BAl%20Mar%C3%ADn%20Balmaceda&#038;body=https:\/\/radiorevelacionfm.cl\/?p=38592' aria-hidden='false' data-av_icon='\ue805' data-av_iconfont='entypo-fontello' title='' data-avia-related-tooltip='Compartir por correo'><span class='avia_hidden_link_text'>Compartir por correo<\/span><\/a><\/li><\/ul><\/div><\/div>\n<div  style='height:50px' class='hr hr-invisible   avia-builder-el-8  el_after_av_social_share  el_before_av_comments_list '><span class='hr-inner ' ><span class='hr-inner-style'><\/span><\/span><\/div>\n<div  class='av-buildercomment  av-blog-meta-html-info-disabled av-blog-meta-tag-disabled  '><\/div>\n","protected":false},"excerpt":{"rendered":"","protected":false},"author":1,"featured_media":38593,"comment_status":"open","ping_status":"open","sticky":false,"template":"","format":"standard","meta":{"footnotes":""},"categories":[38],"tags":[],"class_list":["post-38592","post","type-post","status-publish","format-standard","has-post-thumbnail","hentry","category-regional"],"jetpack_featured_media_url":"https:\/\/radiorevelacionfm.cl\/wp-content\/uploads\/2024\/01\/puye-cristian-balboa-2_optimized.jpg","_links":{"self":[{"href":"https:\/\/radiorevelacionfm.cl\/index.php?rest_route=\/wp\/v2\/posts\/38592","targetHints":{"allow":["GET"]}}],"collection":[{"href":"https:\/\/radiorevelacionfm.cl\/index.php?rest_route=\/wp\/v2\/posts"}],"about":[{"href":"https:\/\/radiorevelacionfm.cl\/index.php?rest_route=\/wp\/v2\/types\/post"}],"author":[{"embeddable":true,"href":"https:\/\/radiorevelacionfm.cl\/index.php?rest_route=\/wp\/v2\/users\/1"}],"replies":[{"embeddable":true,"href":"https:\/\/radiorevelacionfm.cl\/index.php?rest_route=%2Fwp%2Fv2%2Fcomments&post=38592"}],"version-history":[{"count":1,"href":"https:\/\/radiorevelacionfm.cl\/index.php?rest_route=\/wp\/v2\/posts\/38592\/revisions"}],"predecessor-version":[{"id":38594,"href":"https:\/\/radiorevelacionfm.cl\/index.php?rest_route=\/wp\/v2\/posts\/38592\/revisions\/38594"}],"wp:featuredmedia":[{"embeddable":true,"href":"https:\/\/radiorevelacionfm.cl\/index.php?rest_route=\/wp\/v2\/media\/38593"}],"wp:attachment":[{"href":"https:\/\/radiorevelacionfm.cl\/index.php?rest_route=%2Fwp%2Fv2%2Fmedia&parent=38592"}],"wp:term":[{"taxonomy":"category","embeddable":true,"href":"https:\/\/radiorevelacionfm.cl\/index.php?rest_route=%2Fwp%2Fv2%2Fcategories&post=38592"},{"taxonomy":"post_tag","embeddable":true,"href":"https:\/\/radiorevelacionfm.cl\/index.php?rest_route=%2Fwp%2Fv2%2Ftags&post=38592"}],"curies":[{"name":"wp","href":"https:\/\/api.w.org\/{rel}","templated":true}]}}