{"id":38590,"date":"2024-01-08T12:38:01","date_gmt":"2024-01-08T15:38:01","guid":{"rendered":"https:\/\/radiorevelacionfm.cl\/?p=38590"},"modified":"2024-01-08T12:38:01","modified_gmt":"2024-01-08T15:38:01","slug":"fiscalia-aysen-investiga-caso-corte-de-punta-arenas-acoge-querella-de-capitulos-en-contra-de-ex-fiscal-de-puerto-natales","status":"publish","type":"post","link":"https:\/\/radiorevelacionfm.cl\/?p=38590","title":{"rendered":"Fiscal\u00eda Ays\u00e9n investiga caso: Corte de Punta Arenas acoge querella de cap\u00edtulos en contra de ex fiscal de Puerto Natales"},"content":{"rendered":"<div class=\"flex_column av_one_full  flex_column_div av-zero-column-padding first  avia-builder-el-0  el_before_av_one_full  avia-builder-el-first  \" style='border-radius:0px; '><div  class='avia-image-container  av-styling-    avia-builder-el-1  avia-builder-el-no-sibling  avia-align-center '  itemprop=\"image\" itemscope=\"itemscope\" itemtype=\"https:\/\/schema.org\/ImageObject\"  ><div class='avia-image-container-inner'><div class='avia-image-overlay-wrap'><img decoding=\"async\" class='wp-image-34424 avia-img-lazy-loading-not-34424 avia_image' src=\"https:\/\/radiorevelacionfm.cl\/wp-content\/uploads\/2023\/08\/fiscalia_2023-copia-1_optimized.jpeg\" alt='' title='fiscalia_2023 - -copia-(1)_optimized' height=\"600\" width=\"867\"  itemprop=\"thumbnailUrl\" srcset=\"https:\/\/radiorevelacionfm.cl\/wp-content\/uploads\/2023\/08\/fiscalia_2023-copia-1_optimized.jpeg 867w, https:\/\/radiorevelacionfm.cl\/wp-content\/uploads\/2023\/08\/fiscalia_2023-copia-1_optimized-300x208.jpeg 300w, https:\/\/radiorevelacionfm.cl\/wp-content\/uploads\/2023\/08\/fiscalia_2023-copia-1_optimized-768x531.jpeg 768w, https:\/\/radiorevelacionfm.cl\/wp-content\/uploads\/2023\/08\/fiscalia_2023-copia-1_optimized-705x488.jpeg 705w, https:\/\/radiorevelacionfm.cl\/wp-content\/uploads\/2023\/08\/fiscalia_2023-copia-1_optimized-450x311.jpeg 450w, https:\/\/radiorevelacionfm.cl\/wp-content\/uploads\/2023\/08\/fiscalia_2023-copia-1_optimized-600x415.jpeg 600w\" sizes=\"(max-width: 867px) 100vw, 867px\" \/><\/div><\/div><\/div><\/div><div class=\"flex_column av_one_full  flex_column_div av-zero-column-padding first  avia-builder-el-2  el_after_av_one_full  el_before_av_one_full  column-top-margin\" style='border-radius:0px; '><section class=\"av_textblock_section \"  itemscope=\"itemscope\" itemtype=\"https:\/\/schema.org\/BlogPosting\" itemprop=\"blogPost\" ><div class='avia_textblock  '   itemprop=\"text\" ><p style=\"font-weight: 400; text-align: center;\"><span style=\"font-size: 18pt;\"><strong> Fiscal\u00eda Ays\u00e9n investiga caso: Corte de Punta Arenas acoge querella de cap\u00edtulos en contra de ex fiscal de Puerto Natales\u00a0<\/strong><\/span><\/p>\n<div id=\"gtx-trans\" style=\"position: absolute; left: -50px; top: 4.31534px;\">\n<div class=\"gtx-trans-icon\"><\/div>\n<\/div>\n<\/div><\/section><\/div><div class=\"flex_column av_one_full  flex_column_div av-zero-column-padding first  avia-builder-el-4  el_after_av_one_full  el_before_av_hr  column-top-margin\" style='border-radius:0px; '><section class=\"av_textblock_section \"  itemscope=\"itemscope\" itemtype=\"https:\/\/schema.org\/BlogPosting\" itemprop=\"blogPost\" ><div class='avia_textblock  '   itemprop=\"text\" ><p style=\"font-weight: 400; text-align: justify;\">Tras una solicitud del Fiscal Regional de Ays\u00e9n, Carlos Palma Guerra, la Ilustr\u00edsima Corte de Apelaciones de Punta Arenas declar\u00f3 admisible la querella de cap\u00edtulos presentada en contra del entonces fiscal adjunto de la Fiscal\u00eda Local de Puerto Natales, Cristian Mu\u00f1oz P\u00e9rez, con el objeto de establecer su eventual responsabilidad por actos ejecutados en el ejercicio de sus funciones y que configurar\u00edan los delitos de cohecho del art\u00edculo 248 bis del C\u00f3digo Penal y revelaci\u00f3n de secreto del art\u00edculo 38 de la Ley 20.000 de drogas<\/p>\n<p style=\"font-weight: 400; text-align: justify;\">Los primeros hechos expuestos en la querella de cap\u00edtulos habr\u00edan ocurrido en febrero de 2022, cuando el entonces fiscal habr\u00eda aceptado recibir un beneficio econ\u00f3mico a cambio de ejecutar actos en favor de una tercera persona.<\/p>\n<p style=\"font-weight: 400; text-align: justify;\">El segundo caso de la querella de cap\u00edtulos, referido a una revelaci\u00f3n de secretos, habr\u00eda sucedido en diciembre del 2022 cuando el fiscal divulg\u00f3 informaci\u00f3n a un tercero -relativa a una investigaci\u00f3n de drogas-, con lo cual un hombre de Puerto Natales pudo mantener las precauciones necesarias para no verse involucrado en actividades il\u00edcitas durante esa semana, seg\u00fan se\u00f1ala la querella presentada por el Ministerio P\u00fablico.<\/p>\n<p style=\"font-weight: 400; text-align: justify;\">En el fallo del Tribunal de Alzada de Punta Arenas, donde se acoge la querella de cap\u00edtulo, se expresa en torno a este caso que \u201cde los antecedentes existentes en la misma, surgen elementos, indicios y evidencias, revestidos de suficiente seriedad y gravedad que determinan que hay m\u00e9rito suficiente sobre las infracciones penales que se atribuyen, como la intervenci\u00f3n que en las mismas se atribuye al querellado\u201d.<\/p>\n<p style=\"font-weight: 400; text-align: justify;\">La Fiscal\u00eda Regional de Ays\u00e9n solicitar\u00e1 pr\u00f3ximamente una fecha y hora para efectuar la formalizaci\u00f3n del imputado, quien ya no se desempe\u00f1a como fiscal del Ministerio P\u00fablico y cuya inocencia o culpabilidad ser\u00e1 determinada finalmente por los Tribunales de Justicia.<\/p>\n<\/div><\/section><\/div><div  style='height:50px' class='hr hr-invisible   avia-builder-el-6  el_after_av_one_full  el_before_av_social_share '><span class='hr-inner ' ><span class='hr-inner-style'><\/span><\/span><\/div><\/p>\n<div  class='av-social-sharing-box  avia-builder-el-7  el_after_av_hr  el_before_av_hr  '><div class='av-share-box'><h5 class='av-share-link-description av-no-toc '>Compartir esta noticia<\/h5><ul class='av-share-box-list noLightbox'><li class='av-share-link av-social-link-facebook' ><a target=\"_blank\" aria-label=\"Compartir en Facebook\" href='https:\/\/www.facebook.com\/sharer.php?u=https:\/\/radiorevelacionfm.cl\/?p=38590&#038;t=Fiscal%C3%ADa%20Ays%C3%A9n%20investiga%20caso%3A%20Corte%20de%20Punta%20Arenas%20acoge%20querella%20de%20cap%C3%ADtulos%20en%20contra%20de%20ex%20fiscal%20de%20Puerto%20Natales' aria-hidden='false' data-av_icon='\ue8f3' data-av_iconfont='entypo-fontello' title='' data-avia-related-tooltip='Compartir en Facebook' rel=\"noopener\"><span class='avia_hidden_link_text'>Compartir en Facebook<\/span><\/a><\/li><li class='av-share-link av-social-link-twitter' ><a target=\"_blank\" aria-label=\"Compartir en Twitter\" href='https:\/\/twitter.com\/share?text=Fiscal%C3%ADa%20Ays%C3%A9n%20investiga%20caso%3A%20Corte%20de%20Punta%20Arenas%20acoge%20querella%20de%20cap%C3%ADtulos%20en%20contra%20de%20ex%20fiscal%20de%20Puerto%20Natales&#038;url=https:\/\/radiorevelacionfm.cl\/?p=38590' aria-hidden='false' data-av_icon='\ue8f1' data-av_iconfont='entypo-fontello' title='' data-avia-related-tooltip='Compartir en Twitter' rel=\"noopener\"><span class='avia_hidden_link_text'>Compartir en Twitter<\/span><\/a><\/li><li class='av-share-link av-social-link-whatsapp' ><a target=\"_blank\" aria-label=\"Compartir en Whatsapp\" href='https:\/\/api.whatsapp.com\/send?text=https:\/\/radiorevelacionfm.cl\/?p=38590' aria-hidden='false' data-av_icon='\uf232' data-av_iconfont='entypo-fontello' title='' data-avia-related-tooltip='Compartir en Whatsapp' rel=\"noopener\"><span class='avia_hidden_link_text'>Compartir en Whatsapp<\/span><\/a><\/li><li class='av-share-link av-social-link-linkedin' ><a target=\"_blank\" aria-label=\"Compartir en LinkedIn\" href='https:\/\/linkedin.com\/shareArticle?mini=true&#038;title=Fiscal%C3%ADa%20Ays%C3%A9n%20investiga%20caso%3A%20Corte%20de%20Punta%20Arenas%20acoge%20querella%20de%20cap%C3%ADtulos%20en%20contra%20de%20ex%20fiscal%20de%20Puerto%20Natales&#038;url=https:\/\/radiorevelacionfm.cl\/?p=38590' aria-hidden='false' data-av_icon='\ue8fc' data-av_iconfont='entypo-fontello' title='' data-avia-related-tooltip='Compartir en LinkedIn' rel=\"noopener\"><span class='avia_hidden_link_text'>Compartir en LinkedIn<\/span><\/a><\/li><li class='av-share-link av-social-link-mail' ><a  aria-label=\"Compartir por correo\" href='mailto:?subject=Fiscal%C3%ADa%20Ays%C3%A9n%20investiga%20caso%3A%20Corte%20de%20Punta%20Arenas%20acoge%20querella%20de%20cap%C3%ADtulos%20en%20contra%20de%20ex%20fiscal%20de%20Puerto%20Natales&#038;body=https:\/\/radiorevelacionfm.cl\/?p=38590' aria-hidden='false' data-av_icon='\ue805' data-av_iconfont='entypo-fontello' title='' data-avia-related-tooltip='Compartir por correo'><span class='avia_hidden_link_text'>Compartir por correo<\/span><\/a><\/li><\/ul><\/div><\/div>\n<div  style='height:50px' class='hr hr-invisible   avia-builder-el-8  el_after_av_social_share  el_before_av_comments_list '><span class='hr-inner ' ><span class='hr-inner-style'><\/span><\/span><\/div>\n<div  class='av-buildercomment  av-blog-meta-html-info-disabled av-blog-meta-tag-disabled  '><\/div>\n","protected":false},"excerpt":{"rendered":"","protected":false},"author":1,"featured_media":34424,"comment_status":"open","ping_status":"open","sticky":false,"template":"","format":"standard","meta":{"footnotes":""},"categories":[55],"tags":[],"class_list":["post-38590","post","type-post","status-publish","format-standard","has-post-thumbnail","hentry","category-justicia"],"jetpack_featured_media_url":"https:\/\/radiorevelacionfm.cl\/wp-content\/uploads\/2023\/08\/fiscalia_2023-copia-1_optimized.jpeg","_links":{"self":[{"href":"https:\/\/radiorevelacionfm.cl\/index.php?rest_route=\/wp\/v2\/posts\/38590","targetHints":{"allow":["GET"]}}],"collection":[{"href":"https:\/\/radiorevelacionfm.cl\/index.php?rest_route=\/wp\/v2\/posts"}],"about":[{"href":"https:\/\/radiorevelacionfm.cl\/index.php?rest_route=\/wp\/v2\/types\/post"}],"author":[{"embeddable":true,"href":"https:\/\/radiorevelacionfm.cl\/index.php?rest_route=\/wp\/v2\/users\/1"}],"replies":[{"embeddable":true,"href":"https:\/\/radiorevelacionfm.cl\/index.php?rest_route=%2Fwp%2Fv2%2Fcomments&post=38590"}],"version-history":[{"count":1,"href":"https:\/\/radiorevelacionfm.cl\/index.php?rest_route=\/wp\/v2\/posts\/38590\/revisions"}],"predecessor-version":[{"id":38591,"href":"https:\/\/radiorevelacionfm.cl\/index.php?rest_route=\/wp\/v2\/posts\/38590\/revisions\/38591"}],"wp:featuredmedia":[{"embeddable":true,"href":"https:\/\/radiorevelacionfm.cl\/index.php?rest_route=\/wp\/v2\/media\/34424"}],"wp:attachment":[{"href":"https:\/\/radiorevelacionfm.cl\/index.php?rest_route=%2Fwp%2Fv2%2Fmedia&parent=38590"}],"wp:term":[{"taxonomy":"category","embeddable":true,"href":"https:\/\/radiorevelacionfm.cl\/index.php?rest_route=%2Fwp%2Fv2%2Fcategories&post=38590"},{"taxonomy":"post_tag","embeddable":true,"href":"https:\/\/radiorevelacionfm.cl\/index.php?rest_route=%2Fwp%2Fv2%2Ftags&post=38590"}],"curies":[{"name":"wp","href":"https:\/\/api.w.org\/{rel}","templated":true}]}}