{"id":38587,"date":"2024-01-06T22:06:56","date_gmt":"2024-01-07T01:06:56","guid":{"rendered":"https:\/\/radiorevelacionfm.cl\/?p=38587"},"modified":"2024-01-06T22:06:56","modified_gmt":"2024-01-07T01:06:56","slug":"aumento-del-imacec-de-noviembre-permite-proyectar-un-crecimiento-economico-sostenido-para-el-2024","status":"publish","type":"post","link":"https:\/\/radiorevelacionfm.cl\/?p=38587","title":{"rendered":"Aumento del Imacec de noviembre permite proyectar un crecimiento econ\u00f3mico sostenido para el 2024"},"content":{"rendered":"<div class=\"flex_column av_one_full  flex_column_div av-zero-column-padding first  avia-builder-el-0  el_before_av_one_full  avia-builder-el-first  \" style='border-radius:0px; '><div  class='avia-image-container  av-styling-    avia-builder-el-1  avia-builder-el-no-sibling  avia-align-center '  itemprop=\"image\" itemscope=\"itemscope\" itemtype=\"https:\/\/schema.org\/ImageObject\"  ><div class='avia-image-container-inner'><div class='avia-image-overlay-wrap'><img decoding=\"async\" class='wp-image-38651 avia-img-lazy-loading-not-38651 avia_image' src=\"https:\/\/radiorevelacionfm.cl\/wp-content\/uploads\/2024\/01\/Post-Seremis-1-1-1.jpg\" alt='' title='Post Seremis (1) (1) (1)' height=\"600\" width=\"1216\"  itemprop=\"thumbnailUrl\" srcset=\"https:\/\/radiorevelacionfm.cl\/wp-content\/uploads\/2024\/01\/Post-Seremis-1-1-1.jpg 1216w, https:\/\/radiorevelacionfm.cl\/wp-content\/uploads\/2024\/01\/Post-Seremis-1-1-1-300x148.jpg 300w, https:\/\/radiorevelacionfm.cl\/wp-content\/uploads\/2024\/01\/Post-Seremis-1-1-1-1030x508.jpg 1030w, https:\/\/radiorevelacionfm.cl\/wp-content\/uploads\/2024\/01\/Post-Seremis-1-1-1-768x379.jpg 768w, https:\/\/radiorevelacionfm.cl\/wp-content\/uploads\/2024\/01\/Post-Seremis-1-1-1-705x348.jpg 705w, https:\/\/radiorevelacionfm.cl\/wp-content\/uploads\/2024\/01\/Post-Seremis-1-1-1-450x222.jpg 450w, https:\/\/radiorevelacionfm.cl\/wp-content\/uploads\/2024\/01\/Post-Seremis-1-1-1-600x296.jpg 600w\" sizes=\"(max-width: 1216px) 100vw, 1216px\" \/><\/div><\/div><\/div><\/div><div class=\"flex_column av_one_full  flex_column_div av-zero-column-padding first  avia-builder-el-2  el_after_av_one_full  el_before_av_one_full  column-top-margin\" style='border-radius:0px; '><section class=\"av_textblock_section \"  itemscope=\"itemscope\" itemtype=\"https:\/\/schema.org\/BlogPosting\" itemprop=\"blogPost\" ><div class='avia_textblock  '   itemprop=\"text\" ><p style=\"text-align: center;\"><span style=\"font-size: 18pt;\"><strong>Aumento del Imacec de noviembre permite proyectar un crecimiento econ\u00f3mico sostenido para el 2024<\/strong><\/span><\/p>\n<div id=\"gtx-trans\" style=\"position: absolute; left: -50px; top: 4.31534px;\">\n<div class=\"gtx-trans-icon\"><\/div>\n<\/div>\n<\/div><\/section><\/div><\/p>\n<div class=\"flex_column av_one_full  flex_column_div av-zero-column-padding first  avia-builder-el-4  el_after_av_one_full  el_before_av_hr  column-top-margin\" style='border-radius:0px; '><section class=\"av_textblock_section \"  itemscope=\"itemscope\" itemtype=\"https:\/\/schema.org\/BlogPosting\" itemprop=\"blogPost\" ><div class='avia_textblock  '   itemprop=\"text\" ><p style=\"text-align: justify;\"><em>Seremis de Gobierno y Econom\u00eda, destacan el crecimiento nacional y regional en un a\u00f1o donde los efectos en la econom\u00eda ser\u00e1n positivos.<\/em><\/p>\n<p style=\"text-align: justify;\">Por tercer mes consecutivo el \u00cdndice Mensual de Actividad Econ\u00f3mica (Imacec) mostr\u00f3 un crecimiento en la cifra anual. El Banco Central inform\u00f3 que el Imacec de noviembre de 2023 aument\u00f3\u00a0 1,2%\u00a0 comparado\u00a0 al mismo\u00a0 mes del a\u00f1o\u00a0 anterior, lo que\u00a0 super\u00f3\u00a0 las proyecciones de\u00a0 la Encuesta de Expectativas Econ\u00f3micas del Banco Central (EEE) que esperaba un 0,6%.<\/p>\n<p style=\"text-align: justify;\">A juicio del seremi de Econom\u00eda, Fomento y Turismo de la regi\u00f3n de Ays\u00e9n, Felipe Rojas Pizarro, se cierra el a\u00f1o 2023 con un crecimiento nacional superior a lo esperado. Esto implica que la actividad econ\u00f3mica para este 2024, se prev\u00e9 positiva. Hay control de inflaci\u00f3n, originado en el trabajo del Banco Central con su pol\u00edtica monetaria y tambi\u00e9n del Gobierno, a trav\u00e9s de la Pol\u00edtica Fiscal.<\/p>\n<p style=\"text-align: justify;\">\u201cRelevando el PIB para la Regi\u00f3n de Ays\u00e9n y al considerar tanto el primer, segundo y tercer trimestre del a\u00f1o 2023 y compararlo con igual per\u00edodo 2022, nuestra regi\u00f3n; present\u00f3 un in\u00e9dito crecimiento de un 4.5% superior a lo observado en los \u00faltimos 5 a\u00f1os. No obstante, el consumo present\u00f3 una disminuci\u00f3n, aunque menor a la observada en los anteriores trimestres, dando cuenta de posibles mejores resultados para los trimestres venideros. Por tanto, esperamos, un crecimiento del PIB regional y del consumo, especialmente en el contexto de mayores inversiones en obras p\u00fablicas proyectadas para este a\u00f1o 2024, junto con el crecimiento de diversos sectores econ\u00f3micos relevantes para la Regi\u00f3n de Ays\u00e9n. Adem\u00e1s de las reformas nacionales a los permisos para invertir, nos permiten proyectar un mayor crecimiento para la regi\u00f3n\u201d, se\u00f1al\u00f3 el seremi de Econom\u00eda, Fomento y Turismo, de la regi\u00f3n de Ays\u00e9n.<\/p>\n<p style=\"text-align: justify;\">El crecimiento del Imacec nacional de noviembre se explica -de acuerdo a los datos del Banco Central- por el aumento de todos los sectores econ\u00f3micos, excepto el comercio. En esa l\u00ednea destaca la Producci\u00f3n de Bienes que aument\u00f3 3,6%, incidido principalmente por la industria manufacturera (6,4%) y la miner\u00eda (2,7%). El resto de los bienes present\u00f3 un aumento de 2,9% explicado por el valor agregado de la generaci\u00f3n el\u00e9ctrica.<\/p>\n<p style=\"text-align: justify;\">Por otro lado, los servicios aumentaron 1,2% en t\u00e9rminos anuales, incididos por el transporte. Finalmente, el comercio mostr\u00f3 una disminuci\u00f3n de 1,4% en t\u00e9rminos anuales, lo que se explica por el comercio minorista, seguido por el automotor.<\/p>\n<p style=\"text-align: justify;\">\u00a0\u201cTenemos una econom\u00eda capaz de sobreponerse a las situaciones dif\u00edciles y salir adelante, fruto del esfuerzo y la contribuci\u00f3n del Banco Central, en lo que se refiere a pol\u00edtica monetaria. Sin duda podemos iniciar el 2024 con un tono muy positivo, en un a\u00f1o en el cual vamos a estar creciendo trimestre a trimestre y vamos a empezar a ver muchas m\u00e1s cifras azules, tal como lo se\u00f1al\u00f3 nuestro ministro de Hacienda, Mario Marcel\u201d, asever\u00f3 Tatiana Pl\u00e1 \u00c1lvarez, seremi de Gobierno de la regi\u00f3n de Ays\u00e9n.<\/p>\n<p style=\"text-align: justify;\">La vocera de Gobierno agreg\u00f3 que \u201centramos en una etapa en la cual vamos dejando atr\u00e1s toda la inestabilidad e incertidumbre que vivimos durante pr\u00e1cticamente cuatro a\u00f1os, para iniciar con mucha m\u00e1s confianza una etapa de expansi\u00f3n sostenible de la econom\u00eda chilena. Por supuesto, hay muchos desaf\u00edos que tenemos que enfrentar y problemas que resolver, pero creo que llegamos bien al 2024, lo cual es positivo para todas y todos\u201d.<\/p>\n<p style=\"text-align: justify;\">Patricia Gonz\u00e1lez, empresaria y due\u00f1a de la empresa agro-gourmet \u201cBuen Punto\u201d y pyme destacada de la regi\u00f3n en la Semana de la Pyme, quien con su esfuerzo y el apoyo del Centro de Desarrollo de Negocios Sercotec, ha fortalecido su modelo empresarial y generado importantes v\u00ednculos comerciales, consiguiendo posicionar sus productos en supermercados, almacenes y tiendas gastron\u00f3micas locales, llegando tambi\u00e9n a Rancagua y Santiago. Adem\u00e1s, como beneficiaria del programa Crece, y fruto de su desarrollo empresarial, hoy cuenta con planta propia de proceso.<\/p>\n<p style=\"text-align: justify;\">\u201cMuchos micro emprendimientos nacieron con Sercotec y ahora son empresas s\u00f3lidas y robustas. Es importante relevar que los instrumentos y herramientas que entrega esta entidad han sido fundamentales para\u00a0 cada etapa de mi desarrollo como emprendedora. Sin duda, es importante el incentivo econ\u00f3mico del Estado, pero tambi\u00e9n la formaci\u00f3n, como los aspectos b\u00e1sicos financieros, contabilidad, digitalizaci\u00f3n, redes sociales,\u00a0 y todo lo que ayuda a concretar una buena idea de negocio. Si bien el tema econ\u00f3mico ha estado lento durante el a\u00f1o 2023, ya se est\u00e1 notando una reactivaci\u00f3n, hay un aumento en las ventas, hay rotaci\u00f3n m\u00e1s seguida de productos, por lo que esperamos con entusiasmo esta nueva temporada\u201c, declar\u00f3 Patricia Gonz\u00e1lez, emprendedora beneficiaria de Sercotec.<\/p>\n<\/div><\/section><\/div>\n<div  style='height:50px' class='hr hr-invisible   avia-builder-el-6  el_after_av_one_full  el_before_av_social_share '><span class='hr-inner ' ><span class='hr-inner-style'><\/span><\/span><\/div>\n<div  class='av-social-sharing-box  avia-builder-el-7  el_after_av_hr  el_before_av_hr  '><div class='av-share-box'><h5 class='av-share-link-description av-no-toc '>Compartir esta noticia<\/h5><ul class='av-share-box-list noLightbox'><li class='av-share-link av-social-link-facebook' ><a target=\"_blank\" aria-label=\"Compartir en Facebook\" href='https:\/\/www.facebook.com\/sharer.php?u=https:\/\/radiorevelacionfm.cl\/?p=38587&#038;t=Aumento%20del%20Imacec%20de%20noviembre%20permite%20proyectar%20un%20crecimiento%20econ%C3%B3mico%20sostenido%20para%20el%202024' aria-hidden='false' data-av_icon='\ue8f3' data-av_iconfont='entypo-fontello' title='' data-avia-related-tooltip='Compartir en Facebook' rel=\"noopener\"><span class='avia_hidden_link_text'>Compartir en Facebook<\/span><\/a><\/li><li class='av-share-link av-social-link-twitter' ><a target=\"_blank\" aria-label=\"Compartir en Twitter\" href='https:\/\/twitter.com\/share?text=Aumento%20del%20Imacec%20de%20noviembre%20permite%20proyectar%20un%20crecimiento%20econ%C3%B3mico%20sostenido%20para%20el%202024&#038;url=https:\/\/radiorevelacionfm.cl\/?p=38587' aria-hidden='false' data-av_icon='\ue8f1' data-av_iconfont='entypo-fontello' title='' data-avia-related-tooltip='Compartir en Twitter' rel=\"noopener\"><span class='avia_hidden_link_text'>Compartir en Twitter<\/span><\/a><\/li><li class='av-share-link av-social-link-whatsapp' ><a target=\"_blank\" aria-label=\"Compartir en Whatsapp\" href='https:\/\/api.whatsapp.com\/send?text=https:\/\/radiorevelacionfm.cl\/?p=38587' aria-hidden='false' data-av_icon='\uf232' data-av_iconfont='entypo-fontello' title='' data-avia-related-tooltip='Compartir en Whatsapp' rel=\"noopener\"><span class='avia_hidden_link_text'>Compartir en Whatsapp<\/span><\/a><\/li><li class='av-share-link av-social-link-linkedin' ><a target=\"_blank\" aria-label=\"Compartir en LinkedIn\" href='https:\/\/linkedin.com\/shareArticle?mini=true&#038;title=Aumento%20del%20Imacec%20de%20noviembre%20permite%20proyectar%20un%20crecimiento%20econ%C3%B3mico%20sostenido%20para%20el%202024&#038;url=https:\/\/radiorevelacionfm.cl\/?p=38587' aria-hidden='false' data-av_icon='\ue8fc' data-av_iconfont='entypo-fontello' title='' data-avia-related-tooltip='Compartir en LinkedIn' rel=\"noopener\"><span class='avia_hidden_link_text'>Compartir en LinkedIn<\/span><\/a><\/li><li class='av-share-link av-social-link-mail' ><a  aria-label=\"Compartir por correo\" href='mailto:?subject=Aumento%20del%20Imacec%20de%20noviembre%20permite%20proyectar%20un%20crecimiento%20econ%C3%B3mico%20sostenido%20para%20el%202024&#038;body=https:\/\/radiorevelacionfm.cl\/?p=38587' aria-hidden='false' data-av_icon='\ue805' data-av_iconfont='entypo-fontello' title='' data-avia-related-tooltip='Compartir por correo'><span class='avia_hidden_link_text'>Compartir por correo<\/span><\/a><\/li><\/ul><\/div><\/div>\n<div  style='height:50px' class='hr hr-invisible   avia-builder-el-8  el_after_av_social_share  el_before_av_comments_list '><span class='hr-inner ' ><span class='hr-inner-style'><\/span><\/span><\/div>\n<div  class='av-buildercomment  av-blog-meta-html-info-disabled av-blog-meta-tag-disabled  '><\/div>\n","protected":false},"excerpt":{"rendered":"","protected":false},"author":1,"featured_media":38651,"comment_status":"open","ping_status":"open","sticky":false,"template":"","format":"standard","meta":{"footnotes":""},"categories":[37],"tags":[],"class_list":["post-38587","post","type-post","status-publish","format-standard","has-post-thumbnail","hentry","category-economia"],"jetpack_featured_media_url":"https:\/\/radiorevelacionfm.cl\/wp-content\/uploads\/2024\/01\/Post-Seremis-1-1-1.jpg","_links":{"self":[{"href":"https:\/\/radiorevelacionfm.cl\/index.php?rest_route=\/wp\/v2\/posts\/38587","targetHints":{"allow":["GET"]}}],"collection":[{"href":"https:\/\/radiorevelacionfm.cl\/index.php?rest_route=\/wp\/v2\/posts"}],"about":[{"href":"https:\/\/radiorevelacionfm.cl\/index.php?rest_route=\/wp\/v2\/types\/post"}],"author":[{"embeddable":true,"href":"https:\/\/radiorevelacionfm.cl\/index.php?rest_route=\/wp\/v2\/users\/1"}],"replies":[{"embeddable":true,"href":"https:\/\/radiorevelacionfm.cl\/index.php?rest_route=%2Fwp%2Fv2%2Fcomments&post=38587"}],"version-history":[{"count":2,"href":"https:\/\/radiorevelacionfm.cl\/index.php?rest_route=\/wp\/v2\/posts\/38587\/revisions"}],"predecessor-version":[{"id":38652,"href":"https:\/\/radiorevelacionfm.cl\/index.php?rest_route=\/wp\/v2\/posts\/38587\/revisions\/38652"}],"wp:featuredmedia":[{"embeddable":true,"href":"https:\/\/radiorevelacionfm.cl\/index.php?rest_route=\/wp\/v2\/media\/38651"}],"wp:attachment":[{"href":"https:\/\/radiorevelacionfm.cl\/index.php?rest_route=%2Fwp%2Fv2%2Fmedia&parent=38587"}],"wp:term":[{"taxonomy":"category","embeddable":true,"href":"https:\/\/radiorevelacionfm.cl\/index.php?rest_route=%2Fwp%2Fv2%2Fcategories&post=38587"},{"taxonomy":"post_tag","embeddable":true,"href":"https:\/\/radiorevelacionfm.cl\/index.php?rest_route=%2Fwp%2Fv2%2Ftags&post=38587"}],"curies":[{"name":"wp","href":"https:\/\/api.w.org\/{rel}","templated":true}]}}