{"id":38584,"date":"2024-01-05T15:42:30","date_gmt":"2024-01-05T18:42:30","guid":{"rendered":"https:\/\/radiorevelacionfm.cl\/?p=38584"},"modified":"2024-01-05T15:42:30","modified_gmt":"2024-01-05T18:42:30","slug":"senador-sandoval-valora-nombramiento-de-nuevo-administrador-provisional-para-la-universidad-de-aysen","status":"publish","type":"post","link":"https:\/\/radiorevelacionfm.cl\/?p=38584","title":{"rendered":"Senador Sandoval valora nombramiento de nuevo administrador provisional para la Universidad de Ays\u00e9n"},"content":{"rendered":"<div class=\"flex_column av_one_full  flex_column_div av-zero-column-padding first  avia-builder-el-0  el_before_av_one_full  avia-builder-el-first  \" style='border-radius:0px; '><div  class='avia-image-container  av-styling-    avia-builder-el-1  avia-builder-el-no-sibling  avia-align-center '  itemprop=\"image\" itemscope=\"itemscope\" itemtype=\"https:\/\/schema.org\/ImageObject\"  ><div class='avia-image-container-inner'><div class='avia-image-overlay-wrap'><img decoding=\"async\" class='wp-image-31584 avia-img-lazy-loading-not-31584 avia_image' src=\"https:\/\/radiorevelacionfm.cl\/wp-content\/uploads\/2023\/06\/senador-sandoval-4-1-1.jpg\" alt='' title='senador sandoval (4) (1) (1)' height=\"600\" width=\"784\"  itemprop=\"thumbnailUrl\" srcset=\"https:\/\/radiorevelacionfm.cl\/wp-content\/uploads\/2023\/06\/senador-sandoval-4-1-1.jpg 784w, https:\/\/radiorevelacionfm.cl\/wp-content\/uploads\/2023\/06\/senador-sandoval-4-1-1-300x230.jpg 300w, https:\/\/radiorevelacionfm.cl\/wp-content\/uploads\/2023\/06\/senador-sandoval-4-1-1-768x588.jpg 768w, https:\/\/radiorevelacionfm.cl\/wp-content\/uploads\/2023\/06\/senador-sandoval-4-1-1-705x540.jpg 705w, https:\/\/radiorevelacionfm.cl\/wp-content\/uploads\/2023\/06\/senador-sandoval-4-1-1-450x344.jpg 450w, https:\/\/radiorevelacionfm.cl\/wp-content\/uploads\/2023\/06\/senador-sandoval-4-1-1-600x459.jpg 600w\" sizes=\"(max-width: 784px) 100vw, 784px\" \/><\/div><\/div><\/div><\/div><div class=\"flex_column av_one_full  flex_column_div av-zero-column-padding first  avia-builder-el-2  el_after_av_one_full  el_before_av_one_full  column-top-margin\" style='border-radius:0px; '><section class=\"av_textblock_section \"  itemscope=\"itemscope\" itemtype=\"https:\/\/schema.org\/BlogPosting\" itemprop=\"blogPost\" ><div class='avia_textblock  '   itemprop=\"text\" ><p style=\"text-align: center;\"><span style=\"font-size: 18pt;\"><strong>Senador Sandoval valora nombramiento de nuevo administrador provisional para la Universidad de Ays\u00e9n <\/strong><\/span><\/p>\n<div id=\"gtx-trans\" style=\"position: absolute; left: -50px; top: 4.31534px;\">\n<div class=\"gtx-trans-icon\"><\/div>\n<\/div>\n<\/div><\/section><\/div><\/p>\n<div class=\"flex_column av_one_full  flex_column_div av-zero-column-padding first  avia-builder-el-4  el_after_av_one_full  el_before_av_hr  column-top-margin\" style='border-radius:0px; '><section class=\"av_textblock_section \"  itemscope=\"itemscope\" itemtype=\"https:\/\/schema.org\/BlogPosting\" itemprop=\"blogPost\" ><div class='avia_textblock  '   itemprop=\"text\" ><p style=\"text-align: justify;\"><em>El acad\u00e9mico Juan Pablo Prieto Cox, con amplia trayectoria acad\u00e9mica y directiva en distintas universidades del pa\u00eds, estar\u00e1 en el cargo inicialmente por dos a\u00f1os.<\/em><\/p>\n<p style=\"text-align: justify;\">\u201cNuestro total respaldo al administrador provisional, quien tiene todas las cualidades acad\u00e9micas, profesionales y la experiencia para llevar adelante este proceso de recuperaci\u00f3n de la universidad\u201d. As\u00ed lo se\u00f1al\u00f3 el senador David Sandoval, luego de que este jueves la Superintendencia de Educaci\u00f3n Superior anunciara que el acad\u00e9mico Juan Pablo Prieto Cox ser\u00e1 el administrador provisional para enfrentar la crisis en la Universidad de Ays\u00e9n.<\/p>\n<p style=\"text-align: justify;\">El parlamentario fue enf\u00e1tico en se\u00f1alar que una de las causas del fracaso en la gesti\u00f3n de la universidad se debe a que el proyecto fue cautivado pol\u00edticamente \u201cy no se puso por delante la prioridad de construir, para la regi\u00f3n, un proyecto que se hiciera parte y diera respuesta a las demandas y necesidades de j\u00f3venes y familias en Ays\u00e9n\u201d<\/p>\n<p style=\"text-align: justify;\">Para Sandoval, el que se transformara en un nicho pol\u00edtico \u201cle produjo un tremendo da\u00f1o\u201d al desarrollo de la idea de universidad, por lo que espera que con el nombramiento del nuevo administrador se comience a corregir el rumbo. \u201cTendr\u00e1 la gran tarea de llevar adelante la reestructuraci\u00f3n interna de todos los equipos directivos que son quienes llevaron adelante la crisis. Le damos todo nuestro respaldo entendiendo que aqu\u00ed la prioridad son los j\u00f3venes y las familias ayseninas por la educaci\u00f3n superior en nuestra regi\u00f3n\u201d, resalt\u00f3.<\/p>\n<p style=\"text-align: justify;\">Sandoval adem\u00e1s destac\u00f3 el rol que cumpli\u00f3 la Superintendencia de Educaci\u00f3n Superior (SES) en este proceso. \u201cHemos estado en estrecha colaboraci\u00f3n con el Superintendente De Educaci\u00f3n Superior (Jos\u00e9 Miguel Salazar), a quien valoro su voluntad, disposici\u00f3n y la ejecutividad para llevar adelante estos cambios\u201d, subray\u00f3.<\/p>\n<p style=\"text-align: justify;\">Finalmente, el legislador recalc\u00f3: \u201cC\u00f3mo enfrentamos estos desaf\u00edos con un concepto de universalidad, que en definitiva es donde caben todos y no solamente es un nicho pol\u00edtico que tanto da\u00f1o le hizo a la universidad\u201d, concluy\u00f3.<\/p>\n<\/div><\/section><\/div>\n<div  style='height:50px' class='hr hr-invisible   avia-builder-el-6  el_after_av_one_full  el_before_av_social_share '><span class='hr-inner ' ><span class='hr-inner-style'><\/span><\/span><\/div>\n<div  class='av-social-sharing-box  avia-builder-el-7  el_after_av_hr  el_before_av_hr  '><div class='av-share-box'><h5 class='av-share-link-description av-no-toc '>Compartir esta noticia<\/h5><ul class='av-share-box-list noLightbox'><li class='av-share-link av-social-link-facebook' ><a target=\"_blank\" aria-label=\"Compartir en Facebook\" href='https:\/\/www.facebook.com\/sharer.php?u=https:\/\/radiorevelacionfm.cl\/?p=38584&#038;t=Senador%20Sandoval%20valora%20nombramiento%20de%20nuevo%20administrador%20provisional%20para%20la%20Universidad%20de%20Ays%C3%A9n' aria-hidden='false' data-av_icon='\ue8f3' data-av_iconfont='entypo-fontello' title='' data-avia-related-tooltip='Compartir en Facebook' rel=\"noopener\"><span class='avia_hidden_link_text'>Compartir en Facebook<\/span><\/a><\/li><li class='av-share-link av-social-link-twitter' ><a target=\"_blank\" aria-label=\"Compartir en Twitter\" href='https:\/\/twitter.com\/share?text=Senador%20Sandoval%20valora%20nombramiento%20de%20nuevo%20administrador%20provisional%20para%20la%20Universidad%20de%20Ays%C3%A9n&#038;url=https:\/\/radiorevelacionfm.cl\/?p=38584' aria-hidden='false' data-av_icon='\ue8f1' data-av_iconfont='entypo-fontello' title='' data-avia-related-tooltip='Compartir en Twitter' rel=\"noopener\"><span class='avia_hidden_link_text'>Compartir en Twitter<\/span><\/a><\/li><li class='av-share-link av-social-link-whatsapp' ><a target=\"_blank\" aria-label=\"Compartir en Whatsapp\" href='https:\/\/api.whatsapp.com\/send?text=https:\/\/radiorevelacionfm.cl\/?p=38584' aria-hidden='false' data-av_icon='\uf232' data-av_iconfont='entypo-fontello' title='' data-avia-related-tooltip='Compartir en Whatsapp' rel=\"noopener\"><span class='avia_hidden_link_text'>Compartir en Whatsapp<\/span><\/a><\/li><li class='av-share-link av-social-link-linkedin' ><a target=\"_blank\" aria-label=\"Compartir en LinkedIn\" href='https:\/\/linkedin.com\/shareArticle?mini=true&#038;title=Senador%20Sandoval%20valora%20nombramiento%20de%20nuevo%20administrador%20provisional%20para%20la%20Universidad%20de%20Ays%C3%A9n&#038;url=https:\/\/radiorevelacionfm.cl\/?p=38584' aria-hidden='false' data-av_icon='\ue8fc' data-av_iconfont='entypo-fontello' title='' data-avia-related-tooltip='Compartir en LinkedIn' rel=\"noopener\"><span class='avia_hidden_link_text'>Compartir en LinkedIn<\/span><\/a><\/li><li class='av-share-link av-social-link-mail' ><a  aria-label=\"Compartir por correo\" href='mailto:?subject=Senador%20Sandoval%20valora%20nombramiento%20de%20nuevo%20administrador%20provisional%20para%20la%20Universidad%20de%20Ays%C3%A9n&#038;body=https:\/\/radiorevelacionfm.cl\/?p=38584' aria-hidden='false' data-av_icon='\ue805' data-av_iconfont='entypo-fontello' title='' data-avia-related-tooltip='Compartir por correo'><span class='avia_hidden_link_text'>Compartir por correo<\/span><\/a><\/li><\/ul><\/div><\/div>\n<div  style='height:50px' class='hr hr-invisible   avia-builder-el-8  el_after_av_social_share  el_before_av_comments_list '><span class='hr-inner ' ><span class='hr-inner-style'><\/span><\/span><\/div>\n<div  class='av-buildercomment  av-blog-meta-html-info-disabled av-blog-meta-tag-disabled  '><\/div>\n","protected":false},"excerpt":{"rendered":"","protected":false},"author":1,"featured_media":31584,"comment_status":"open","ping_status":"open","sticky":false,"template":"","format":"standard","meta":{"footnotes":""},"categories":[35],"tags":[],"class_list":["post-38584","post","type-post","status-publish","format-standard","has-post-thumbnail","hentry","category-politica"],"jetpack_featured_media_url":"https:\/\/radiorevelacionfm.cl\/wp-content\/uploads\/2023\/06\/senador-sandoval-4-1-1.jpg","_links":{"self":[{"href":"https:\/\/radiorevelacionfm.cl\/index.php?rest_route=\/wp\/v2\/posts\/38584","targetHints":{"allow":["GET"]}}],"collection":[{"href":"https:\/\/radiorevelacionfm.cl\/index.php?rest_route=\/wp\/v2\/posts"}],"about":[{"href":"https:\/\/radiorevelacionfm.cl\/index.php?rest_route=\/wp\/v2\/types\/post"}],"author":[{"embeddable":true,"href":"https:\/\/radiorevelacionfm.cl\/index.php?rest_route=\/wp\/v2\/users\/1"}],"replies":[{"embeddable":true,"href":"https:\/\/radiorevelacionfm.cl\/index.php?rest_route=%2Fwp%2Fv2%2Fcomments&post=38584"}],"version-history":[{"count":2,"href":"https:\/\/radiorevelacionfm.cl\/index.php?rest_route=\/wp\/v2\/posts\/38584\/revisions"}],"predecessor-version":[{"id":38641,"href":"https:\/\/radiorevelacionfm.cl\/index.php?rest_route=\/wp\/v2\/posts\/38584\/revisions\/38641"}],"wp:featuredmedia":[{"embeddable":true,"href":"https:\/\/radiorevelacionfm.cl\/index.php?rest_route=\/wp\/v2\/media\/31584"}],"wp:attachment":[{"href":"https:\/\/radiorevelacionfm.cl\/index.php?rest_route=%2Fwp%2Fv2%2Fmedia&parent=38584"}],"wp:term":[{"taxonomy":"category","embeddable":true,"href":"https:\/\/radiorevelacionfm.cl\/index.php?rest_route=%2Fwp%2Fv2%2Fcategories&post=38584"},{"taxonomy":"post_tag","embeddable":true,"href":"https:\/\/radiorevelacionfm.cl\/index.php?rest_route=%2Fwp%2Fv2%2Ftags&post=38584"}],"curies":[{"name":"wp","href":"https:\/\/api.w.org\/{rel}","templated":true}]}}