{"id":38581,"date":"2024-01-04T20:15:41","date_gmt":"2024-01-04T23:15:41","guid":{"rendered":"https:\/\/radiorevelacionfm.cl\/?p=38581"},"modified":"2024-01-04T20:15:41","modified_gmt":"2024-01-04T23:15:41","slug":"moderno-deposito-de-vacunas-permitira-almacenar-hasta-80-mil-dosis-para-atender-a-la-poblacion-regional","status":"publish","type":"post","link":"https:\/\/radiorevelacionfm.cl\/?p=38581","title":{"rendered":"Moderno dep\u00f3sito de vacunas permitir\u00e1 almacenar hasta 80 mil dosis para atender a la poblaci\u00f3n regional"},"content":{"rendered":"<div class=\"flex_column av_one_full  flex_column_div av-zero-column-padding first  avia-builder-el-0  el_before_av_one_full  avia-builder-el-first  \" style='border-radius:0px; '><div  class='avia-image-container  av-styling-    avia-builder-el-1  avia-builder-el-no-sibling  avia-align-center '  itemprop=\"image\" itemscope=\"itemscope\" itemtype=\"https:\/\/schema.org\/ImageObject\"  ><div class='avia-image-container-inner'><div class='avia-image-overlay-wrap'><img decoding=\"async\" class='wp-image-38582 avia-img-lazy-loading-not-38582 avia_image' src=\"https:\/\/radiorevelacionfm.cl\/wp-content\/uploads\/2024\/01\/central-de-vacunas-1-1.jpeg\" alt='' title='central de vacunas (1) (1)' height=\"600\" width=\"800\"  itemprop=\"thumbnailUrl\" srcset=\"https:\/\/radiorevelacionfm.cl\/wp-content\/uploads\/2024\/01\/central-de-vacunas-1-1.jpeg 800w, https:\/\/radiorevelacionfm.cl\/wp-content\/uploads\/2024\/01\/central-de-vacunas-1-1-300x225.jpeg 300w, https:\/\/radiorevelacionfm.cl\/wp-content\/uploads\/2024\/01\/central-de-vacunas-1-1-768x576.jpeg 768w, https:\/\/radiorevelacionfm.cl\/wp-content\/uploads\/2024\/01\/central-de-vacunas-1-1-705x529.jpeg 705w, https:\/\/radiorevelacionfm.cl\/wp-content\/uploads\/2024\/01\/central-de-vacunas-1-1-450x338.jpeg 450w, https:\/\/radiorevelacionfm.cl\/wp-content\/uploads\/2024\/01\/central-de-vacunas-1-1-600x450.jpeg 600w\" sizes=\"(max-width: 800px) 100vw, 800px\" \/><\/div><\/div><\/div><\/div><div class=\"flex_column av_one_full  flex_column_div av-zero-column-padding first  avia-builder-el-2  el_after_av_one_full  el_before_av_one_full  column-top-margin\" style='border-radius:0px; '><section class=\"av_textblock_section \"  itemscope=\"itemscope\" itemtype=\"https:\/\/schema.org\/BlogPosting\" itemprop=\"blogPost\" ><div class='avia_textblock  '   itemprop=\"text\" ><p style=\"text-align: center;\"><span style=\"font-size: 18pt;\"><strong>Moderno dep\u00f3sito de vacunas permitir\u00e1 almacenar hasta 80 mil dosis para atender a la poblaci\u00f3n regional<\/strong><\/span><\/p>\n<div id=\"gtx-trans\" style=\"position: absolute; left: -50px; top: 4.31534px;\">\n<div class=\"gtx-trans-icon\"><\/div>\n<\/div>\n<\/div><\/section><\/div><div class=\"flex_column av_one_full  flex_column_div av-zero-column-padding first  avia-builder-el-4  el_after_av_one_full  el_before_av_hr  column-top-margin\" style='border-radius:0px; '><section class=\"av_textblock_section \"  itemscope=\"itemscope\" itemtype=\"https:\/\/schema.org\/BlogPosting\" itemprop=\"blogPost\" ><div class='avia_textblock  '   itemprop=\"text\" ><p style=\"text-align: justify;\"><em>Las nuevas dependencias, inauguradas por la Subsecretaria de Salud P\u00fablica, est\u00e1n<\/em> <em>ubicadas frente a la secretar\u00eda regional ministerial de Salud, cuya infraestructura comprendi\u00f3 un proyecto de remodelaci\u00f3n cercana a los 260 millones de pesos.<\/em><\/p>\n<p style=\"text-align: justify;\">Dentro de las \u00faltimas actividades desarrolladas por la Subsecretaria de Salud P\u00fablica, Andrea Albagli Iruretagoyena, en su reciente visita a la zona, se encuentra la inauguraci\u00f3n de las nuevas dependencias que albergar\u00e1n el Dep\u00f3sito de Vacunas e Inmunoglobulinas (DVI) para la regi\u00f3n de Ays\u00e9n, cuya infraestructura contendr\u00e1 a una c\u00e1mara de fr\u00edo de 20 metros cuadrados.<\/p>\n<p style=\"text-align: justify;\">Materializaci\u00f3n de este proyecto que fue destacado por la Seremi de Salud, Carmen Monsalve G\u00f3mez. \u201cContar con estas nuevas dependencias que albergan al Dep\u00f3sito de Vacunas e Inmunoglobulinas de Coyhaique, nos permitir\u00e1 ampliar significativamente el resguardo de las vacunas que hoy se suministran para el cuidado de nuestra comunidad, donde gracias a aportes ministeriales hoy tenemos una infraestructura moderna y adecuada para la recepci\u00f3n, almacenamiento y distribuci\u00f3n de productos biol\u00f3gicos como vacunas, inmunoglobulinas y otros<\/p>\n<p style=\"text-align: justify;\">De esta forma, el proyecto para contar con esta nueva y mejorada infraestructura se inici\u00f3 el a\u00f1o 2022, donde de 25m2. hoy se cuenta con dependencias de 250m2. con lo cual se da cumplimiento normativo para las funcionarias que ah\u00ed se desempe\u00f1an, donde quiz\u00e1s lo m\u00e1s relevante es el aumento en la capacidad de almacenamiento de una c\u00e1mara de fr\u00edo que extendi\u00f3 su capacidad de 5 a 20m2.<\/p>\n<p style=\"text-align: justify;\">Finalmente, la Subsecretaria de Salud P\u00fablica, Andrea Albagli Iruretagoyena, tambi\u00e9n destac\u00f3 la ejecuci\u00f3n de este proyecto. \u201cCon este nuevo Dep\u00f3sito de Vacunas, la regi\u00f3n de Ays\u00e9n se equipara en almacenamiento y tecnolog\u00eda a otras zonas del pa\u00eds, lo que demuestra el compromiso del Ministerio de Salud y del Gobierno del Presidente Gabriel Boric por seguir avanzando en temas de Salud P\u00fablica, especialmente en zonas que geogr\u00e1ficamente est\u00e1n m\u00e1s aisladas, y que en el caso de esta regi\u00f3n se traduce en la capacidad de llegar a almacenar hasta 80 mil dosis de vacunas en Coyhaique\u201d.<\/p>\n<p style=\"text-align: justify;\">Finalmente, cabe se\u00f1alar que actualmente este dep\u00f3sito de vacunas se encuentra en una etapa de revisi\u00f3n t\u00e9cnica por parte del Programa Nacional de Inmunizaci\u00f3n del Ministerio de Salud, con la finalidad de chequear aspectos tan relevantes como el funcionamiento de la c\u00e1mara de fr\u00edo\u00a0 y todos sus sistemas de respaldo.<\/p>\n<\/div><\/section><\/div><div  style='height:50px' class='hr hr-invisible   avia-builder-el-6  el_after_av_one_full  el_before_av_social_share '><span class='hr-inner ' ><span class='hr-inner-style'><\/span><\/span><\/div><\/p>\n<div  class='av-social-sharing-box  avia-builder-el-7  el_after_av_hr  el_before_av_hr  '><div class='av-share-box'><h5 class='av-share-link-description av-no-toc '>Compartir esta noticia<\/h5><ul class='av-share-box-list noLightbox'><li class='av-share-link av-social-link-facebook' ><a target=\"_blank\" aria-label=\"Compartir en Facebook\" href='https:\/\/www.facebook.com\/sharer.php?u=https:\/\/radiorevelacionfm.cl\/?p=38581&#038;t=Moderno%20dep%C3%B3sito%20de%20vacunas%20permitir%C3%A1%20almacenar%20hasta%2080%20mil%20dosis%20para%20atender%20a%20la%20poblaci%C3%B3n%20regional' aria-hidden='false' data-av_icon='\ue8f3' data-av_iconfont='entypo-fontello' title='' data-avia-related-tooltip='Compartir en Facebook' rel=\"noopener\"><span class='avia_hidden_link_text'>Compartir en Facebook<\/span><\/a><\/li><li class='av-share-link av-social-link-twitter' ><a target=\"_blank\" aria-label=\"Compartir en Twitter\" href='https:\/\/twitter.com\/share?text=Moderno%20dep%C3%B3sito%20de%20vacunas%20permitir%C3%A1%20almacenar%20hasta%2080%20mil%20dosis%20para%20atender%20a%20la%20poblaci%C3%B3n%20regional&#038;url=https:\/\/radiorevelacionfm.cl\/?p=38581' aria-hidden='false' data-av_icon='\ue8f1' data-av_iconfont='entypo-fontello' title='' data-avia-related-tooltip='Compartir en Twitter' rel=\"noopener\"><span class='avia_hidden_link_text'>Compartir en Twitter<\/span><\/a><\/li><li class='av-share-link av-social-link-whatsapp' ><a target=\"_blank\" aria-label=\"Compartir en Whatsapp\" href='https:\/\/api.whatsapp.com\/send?text=https:\/\/radiorevelacionfm.cl\/?p=38581' aria-hidden='false' data-av_icon='\uf232' data-av_iconfont='entypo-fontello' title='' data-avia-related-tooltip='Compartir en Whatsapp' rel=\"noopener\"><span class='avia_hidden_link_text'>Compartir en Whatsapp<\/span><\/a><\/li><li class='av-share-link av-social-link-linkedin' ><a target=\"_blank\" aria-label=\"Compartir en LinkedIn\" href='https:\/\/linkedin.com\/shareArticle?mini=true&#038;title=Moderno%20dep%C3%B3sito%20de%20vacunas%20permitir%C3%A1%20almacenar%20hasta%2080%20mil%20dosis%20para%20atender%20a%20la%20poblaci%C3%B3n%20regional&#038;url=https:\/\/radiorevelacionfm.cl\/?p=38581' aria-hidden='false' data-av_icon='\ue8fc' data-av_iconfont='entypo-fontello' title='' data-avia-related-tooltip='Compartir en LinkedIn' rel=\"noopener\"><span class='avia_hidden_link_text'>Compartir en LinkedIn<\/span><\/a><\/li><li class='av-share-link av-social-link-mail' ><a  aria-label=\"Compartir por correo\" href='mailto:?subject=Moderno%20dep%C3%B3sito%20de%20vacunas%20permitir%C3%A1%20almacenar%20hasta%2080%20mil%20dosis%20para%20atender%20a%20la%20poblaci%C3%B3n%20regional&#038;body=https:\/\/radiorevelacionfm.cl\/?p=38581' aria-hidden='false' data-av_icon='\ue805' data-av_iconfont='entypo-fontello' title='' data-avia-related-tooltip='Compartir por correo'><span class='avia_hidden_link_text'>Compartir por correo<\/span><\/a><\/li><\/ul><\/div><\/div>\n<div  style='height:50px' class='hr hr-invisible   avia-builder-el-8  el_after_av_social_share  el_before_av_comments_list '><span class='hr-inner ' ><span class='hr-inner-style'><\/span><\/span><\/div>\n<div  class='av-buildercomment  av-blog-meta-html-info-disabled av-blog-meta-tag-disabled  '><\/div>\n","protected":false},"excerpt":{"rendered":"","protected":false},"author":1,"featured_media":38582,"comment_status":"open","ping_status":"open","sticky":false,"template":"","format":"standard","meta":{"footnotes":""},"categories":[46],"tags":[],"class_list":["post-38581","post","type-post","status-publish","format-standard","has-post-thumbnail","hentry","category-salud"],"jetpack_featured_media_url":"https:\/\/radiorevelacionfm.cl\/wp-content\/uploads\/2024\/01\/central-de-vacunas-1-1.jpeg","_links":{"self":[{"href":"https:\/\/radiorevelacionfm.cl\/index.php?rest_route=\/wp\/v2\/posts\/38581","targetHints":{"allow":["GET"]}}],"collection":[{"href":"https:\/\/radiorevelacionfm.cl\/index.php?rest_route=\/wp\/v2\/posts"}],"about":[{"href":"https:\/\/radiorevelacionfm.cl\/index.php?rest_route=\/wp\/v2\/types\/post"}],"author":[{"embeddable":true,"href":"https:\/\/radiorevelacionfm.cl\/index.php?rest_route=\/wp\/v2\/users\/1"}],"replies":[{"embeddable":true,"href":"https:\/\/radiorevelacionfm.cl\/index.php?rest_route=%2Fwp%2Fv2%2Fcomments&post=38581"}],"version-history":[{"count":1,"href":"https:\/\/radiorevelacionfm.cl\/index.php?rest_route=\/wp\/v2\/posts\/38581\/revisions"}],"predecessor-version":[{"id":38583,"href":"https:\/\/radiorevelacionfm.cl\/index.php?rest_route=\/wp\/v2\/posts\/38581\/revisions\/38583"}],"wp:featuredmedia":[{"embeddable":true,"href":"https:\/\/radiorevelacionfm.cl\/index.php?rest_route=\/wp\/v2\/media\/38582"}],"wp:attachment":[{"href":"https:\/\/radiorevelacionfm.cl\/index.php?rest_route=%2Fwp%2Fv2%2Fmedia&parent=38581"}],"wp:term":[{"taxonomy":"category","embeddable":true,"href":"https:\/\/radiorevelacionfm.cl\/index.php?rest_route=%2Fwp%2Fv2%2Fcategories&post=38581"},{"taxonomy":"post_tag","embeddable":true,"href":"https:\/\/radiorevelacionfm.cl\/index.php?rest_route=%2Fwp%2Fv2%2Ftags&post=38581"}],"curies":[{"name":"wp","href":"https:\/\/api.w.org\/{rel}","templated":true}]}}