{"id":38566,"date":"2024-01-04T10:06:21","date_gmt":"2024-01-04T13:06:21","guid":{"rendered":"https:\/\/radiorevelacionfm.cl\/?p=38566"},"modified":"2024-01-04T10:06:21","modified_gmt":"2024-01-04T13:06:21","slug":"en-licitacion-se-encuentra-diseno-para-reponer-dos-muelles-en-caleta-tortel-que-mejoraran-conectividad-interna-de-vecinos","status":"publish","type":"post","link":"https:\/\/radiorevelacionfm.cl\/?p=38566","title":{"rendered":"En licitaci\u00f3n se encuentra dise\u00f1o para reponer dos muelles en Caleta Tortel que mejorar\u00e1n conectividad interna de vecinos"},"content":{"rendered":"<div class=\"flex_column av_one_full  flex_column_div av-zero-column-padding first  avia-builder-el-0  el_before_av_one_full  avia-builder-el-first  \" style='border-radius:0px; '><div  class='avia-image-container  av-styling-    avia-builder-el-1  avia-builder-el-no-sibling  avia-align-center '  itemprop=\"image\" itemscope=\"itemscope\" itemtype=\"https:\/\/schema.org\/ImageObject\"  ><div class='avia-image-container-inner'><div class='avia-image-overlay-wrap'><img decoding=\"async\" class='wp-image-38567 avia-img-lazy-loading-not-38567 avia_image' src=\"https:\/\/radiorevelacionfm.cl\/wp-content\/uploads\/2024\/01\/PLAYA-ANCHA-CALETA-TORTEL-1-1.jpg\" alt='' title='PLAYA-ANCHA-CALETA-TORTEL (1) (1)' height=\"600\" width=\"995\"  itemprop=\"thumbnailUrl\" srcset=\"https:\/\/radiorevelacionfm.cl\/wp-content\/uploads\/2024\/01\/PLAYA-ANCHA-CALETA-TORTEL-1-1.jpg 995w, https:\/\/radiorevelacionfm.cl\/wp-content\/uploads\/2024\/01\/PLAYA-ANCHA-CALETA-TORTEL-1-1-300x181.jpg 300w, https:\/\/radiorevelacionfm.cl\/wp-content\/uploads\/2024\/01\/PLAYA-ANCHA-CALETA-TORTEL-1-1-768x463.jpg 768w, https:\/\/radiorevelacionfm.cl\/wp-content\/uploads\/2024\/01\/PLAYA-ANCHA-CALETA-TORTEL-1-1-705x425.jpg 705w, https:\/\/radiorevelacionfm.cl\/wp-content\/uploads\/2024\/01\/PLAYA-ANCHA-CALETA-TORTEL-1-1-450x271.jpg 450w, https:\/\/radiorevelacionfm.cl\/wp-content\/uploads\/2024\/01\/PLAYA-ANCHA-CALETA-TORTEL-1-1-600x362.jpg 600w\" sizes=\"(max-width: 995px) 100vw, 995px\" \/><\/div><\/div><\/div><\/div><div class=\"flex_column av_one_full  flex_column_div av-zero-column-padding first  avia-builder-el-2  el_after_av_one_full  el_before_av_one_full  column-top-margin\" style='border-radius:0px; '><section class=\"av_textblock_section \"  itemscope=\"itemscope\" itemtype=\"https:\/\/schema.org\/BlogPosting\" itemprop=\"blogPost\" ><div class='avia_textblock  '   itemprop=\"text\" ><p style=\"text-align: center;\"><strong><span style=\"font-size: 18pt;\">En licitaci\u00f3n se encuentra dise\u00f1o para reponer dos muelles en Caleta Tortel que mejorar\u00e1n conectividad interna de vecinos<\/span><\/strong><\/p>\n<div id=\"gtx-trans\" style=\"position: absolute; left: -50px; top: 4.31534px;\">\n<div class=\"gtx-trans-icon\"><\/div>\n<\/div>\n<\/div><\/section><\/div><div class=\"flex_column av_one_full  flex_column_div av-zero-column-padding first  avia-builder-el-4  el_after_av_one_full  el_before_av_hr  column-top-margin\" style='border-radius:0px; '><section class=\"av_textblock_section \"  itemscope=\"itemscope\" itemtype=\"https:\/\/schema.org\/BlogPosting\" itemprop=\"blogPost\" ><div class='avia_textblock  '   itemprop=\"text\" ><p style=\"text-align: justify;\">Con muy buenas noticias comenz\u00f3 el trabajo del Ministerio de Obras P\u00fablicas en la regi\u00f3n de Ays\u00e9n este 2024, se\u00f1al\u00f3 hoy el Secretario Regional Ministerial de Obras P\u00fablicas, Patricio Sanhueza Ulloa, quien anunci\u00f3 la licitaci\u00f3n para reponer dos muelles que se encuentran en Caleta Tortel y con ello mejorar la conectividad interna de las vecinas y vecinos del sector.<\/p>\n<p style=\"text-align: justify;\">El anuncio, forma parte de la cartera de proyectos de Obras P\u00fablicas en el marco de la Agenda de Reactivaci\u00f3n y Seguridad Econ\u00f3mica que el gobierno del presidente Gabriel Boric impulsa en el pa\u00eds, y que en nuestra regi\u00f3n suma importantes iniciativas que mejorar\u00e1n significativamente las condiciones de conectividad portuaria, vial y a\u00e9rea de los habitantes de la regi\u00f3n de Ays\u00e9n.<\/p>\n<p style=\"text-align: justify;\">Patricio Sanhueza indic\u00f3 al respecto que \u201cm\u00e1s all\u00e1 de los recursos que se inviertan los que son relevantes, el objetivo de nuestro gobierno con la realizaci\u00f3n de este Estudio es poder transformar la realidad diaria que viven las personas. Queremos llegar con programas, estudios y obras a los sectores m\u00e1s apartados para entregar a la comunidad una mejor conexi\u00f3n y comunicaci\u00f3n, mayor integraci\u00f3n, m\u00e1s facilidades para el traslado de productos y de personas en su vida cotidiana, y este Estudio nos permite avanzar en esa l\u00ednea y dar soluci\u00f3n a una brecha hist\u00f3rica que tiene este sector de la regi\u00f3n de Ays\u00e9n, as\u00ed que atendiendo esta necesidad, nuestro equipo de la Direcci\u00f3n Regional de Obras Portuarias efectu\u00f3 el llamado a licitaci\u00f3n del dise\u00f1o de reposici\u00f3n de la infraestructura portuaria de Caleta Tortel, lo que es muy importante, dado que tiene que ver con la conectividad dentro de la cabecera de comuna y con esto buscamos mejorar sustancialmente la calidad de vida de los habitantes de dicha localidad\u201d.<\/p>\n<p style=\"text-align: justify;\">El pueblo de Caleta Tortel -declarada Zona T\u00edpica- se ubica en la provincia Capit\u00e1n Prat, a un costado de la desembocadura del r\u00edo Baker, y en ella convergen alrededor de seis kil\u00f3metros de pasarelas las que comunican a los embarcaderos con las casas y dan continuidad peatonal a la Caleta.<\/p>\n<p style=\"text-align: justify;\">En este contexto, la Municipalidad hace varios a\u00f1os atr\u00e1s solicit\u00f3 la reposici\u00f3n de la infraestructura portuaria de la localidad, dada su importancia en el quehacer habitual de sus habitantes, y \u201choy\u00a0 nuestro gobierno escuch\u00f3 esta demanda ciudadana, y en el marco de la agenda de reactivaci\u00f3n econ\u00f3mica hemos integrado esta necesidad para poder concretar el dise\u00f1o de la reposici\u00f3n de la infraestructura portuaria de Caleta Tortel. Un muelle se ubica en el sector Rinc\u00f3n Bajo y el otro se encuentra emplazado en el \u00e1rea denominada Playa Ancha. Ahora estamos licitando estos dise\u00f1os, los que hemos programado terminar dentro del pr\u00f3ximo a\u00f1o para posteriormente comenzar su ejecuci\u00f3n, as\u00ed que estamos muy contentos de haber comenzado este proceso, en donde nuestra Direcci\u00f3n Regional de Obras Portuarias est\u00e1 invirtiendo cerca de $250 millones de pesos con un plazo de ejecuci\u00f3n de 630 d\u00edas, mismo tiempo que generar\u00e1 empleos\u201d, concluy\u00f3 \u00c1lvaro D\u00edaz Contreras.<\/p>\n<\/div><\/section><\/div><div  style='height:50px' class='hr hr-invisible   avia-builder-el-6  el_after_av_one_full  el_before_av_social_share '><span class='hr-inner ' ><span class='hr-inner-style'><\/span><\/span><\/div><\/p>\n<div  class='av-social-sharing-box  avia-builder-el-7  el_after_av_hr  el_before_av_hr  '><div class='av-share-box'><h5 class='av-share-link-description av-no-toc '>Compartir esta noticia<\/h5><ul class='av-share-box-list noLightbox'><li class='av-share-link av-social-link-facebook' ><a target=\"_blank\" aria-label=\"Compartir en Facebook\" href='https:\/\/www.facebook.com\/sharer.php?u=https:\/\/radiorevelacionfm.cl\/?p=38566&#038;t=En%20licitaci%C3%B3n%20se%20encuentra%20dise%C3%B1o%20para%20reponer%20dos%20muelles%20en%20Caleta%20Tortel%20que%20mejorar%C3%A1n%20conectividad%20interna%20de%20vecinos' aria-hidden='false' data-av_icon='\ue8f3' data-av_iconfont='entypo-fontello' title='' data-avia-related-tooltip='Compartir en Facebook' rel=\"noopener\"><span class='avia_hidden_link_text'>Compartir en Facebook<\/span><\/a><\/li><li class='av-share-link av-social-link-twitter' ><a target=\"_blank\" aria-label=\"Compartir en Twitter\" href='https:\/\/twitter.com\/share?text=En%20licitaci%C3%B3n%20se%20encuentra%20dise%C3%B1o%20para%20reponer%20dos%20muelles%20en%20Caleta%20Tortel%20que%20mejorar%C3%A1n%20conectividad%20interna%20de%20vecinos&#038;url=https:\/\/radiorevelacionfm.cl\/?p=38566' aria-hidden='false' data-av_icon='\ue8f1' data-av_iconfont='entypo-fontello' title='' data-avia-related-tooltip='Compartir en Twitter' rel=\"noopener\"><span class='avia_hidden_link_text'>Compartir en Twitter<\/span><\/a><\/li><li class='av-share-link av-social-link-whatsapp' ><a target=\"_blank\" aria-label=\"Compartir en Whatsapp\" href='https:\/\/api.whatsapp.com\/send?text=https:\/\/radiorevelacionfm.cl\/?p=38566' aria-hidden='false' data-av_icon='\uf232' data-av_iconfont='entypo-fontello' title='' data-avia-related-tooltip='Compartir en Whatsapp' rel=\"noopener\"><span class='avia_hidden_link_text'>Compartir en Whatsapp<\/span><\/a><\/li><li class='av-share-link av-social-link-linkedin' ><a target=\"_blank\" aria-label=\"Compartir en LinkedIn\" href='https:\/\/linkedin.com\/shareArticle?mini=true&#038;title=En%20licitaci%C3%B3n%20se%20encuentra%20dise%C3%B1o%20para%20reponer%20dos%20muelles%20en%20Caleta%20Tortel%20que%20mejorar%C3%A1n%20conectividad%20interna%20de%20vecinos&#038;url=https:\/\/radiorevelacionfm.cl\/?p=38566' aria-hidden='false' data-av_icon='\ue8fc' data-av_iconfont='entypo-fontello' title='' data-avia-related-tooltip='Compartir en LinkedIn' rel=\"noopener\"><span class='avia_hidden_link_text'>Compartir en LinkedIn<\/span><\/a><\/li><li class='av-share-link av-social-link-mail' ><a  aria-label=\"Compartir por correo\" href='mailto:?subject=En%20licitaci%C3%B3n%20se%20encuentra%20dise%C3%B1o%20para%20reponer%20dos%20muelles%20en%20Caleta%20Tortel%20que%20mejorar%C3%A1n%20conectividad%20interna%20de%20vecinos&#038;body=https:\/\/radiorevelacionfm.cl\/?p=38566' aria-hidden='false' data-av_icon='\ue805' data-av_iconfont='entypo-fontello' title='' data-avia-related-tooltip='Compartir por correo'><span class='avia_hidden_link_text'>Compartir por correo<\/span><\/a><\/li><\/ul><\/div><\/div>\n<div  style='height:50px' class='hr hr-invisible   avia-builder-el-8  el_after_av_social_share  el_before_av_comments_list '><span class='hr-inner ' ><span class='hr-inner-style'><\/span><\/span><\/div>\n<div  class='av-buildercomment  av-blog-meta-html-info-disabled av-blog-meta-tag-disabled  '><\/div>\n","protected":false},"excerpt":{"rendered":"","protected":false},"author":1,"featured_media":38567,"comment_status":"open","ping_status":"open","sticky":false,"template":"","format":"standard","meta":{"footnotes":""},"categories":[38],"tags":[],"class_list":["post-38566","post","type-post","status-publish","format-standard","has-post-thumbnail","hentry","category-regional"],"jetpack_featured_media_url":"https:\/\/radiorevelacionfm.cl\/wp-content\/uploads\/2024\/01\/PLAYA-ANCHA-CALETA-TORTEL-1-1.jpg","_links":{"self":[{"href":"https:\/\/radiorevelacionfm.cl\/index.php?rest_route=\/wp\/v2\/posts\/38566","targetHints":{"allow":["GET"]}}],"collection":[{"href":"https:\/\/radiorevelacionfm.cl\/index.php?rest_route=\/wp\/v2\/posts"}],"about":[{"href":"https:\/\/radiorevelacionfm.cl\/index.php?rest_route=\/wp\/v2\/types\/post"}],"author":[{"embeddable":true,"href":"https:\/\/radiorevelacionfm.cl\/index.php?rest_route=\/wp\/v2\/users\/1"}],"replies":[{"embeddable":true,"href":"https:\/\/radiorevelacionfm.cl\/index.php?rest_route=%2Fwp%2Fv2%2Fcomments&post=38566"}],"version-history":[{"count":1,"href":"https:\/\/radiorevelacionfm.cl\/index.php?rest_route=\/wp\/v2\/posts\/38566\/revisions"}],"predecessor-version":[{"id":38568,"href":"https:\/\/radiorevelacionfm.cl\/index.php?rest_route=\/wp\/v2\/posts\/38566\/revisions\/38568"}],"wp:featuredmedia":[{"embeddable":true,"href":"https:\/\/radiorevelacionfm.cl\/index.php?rest_route=\/wp\/v2\/media\/38567"}],"wp:attachment":[{"href":"https:\/\/radiorevelacionfm.cl\/index.php?rest_route=%2Fwp%2Fv2%2Fmedia&parent=38566"}],"wp:term":[{"taxonomy":"category","embeddable":true,"href":"https:\/\/radiorevelacionfm.cl\/index.php?rest_route=%2Fwp%2Fv2%2Fcategories&post=38566"},{"taxonomy":"post_tag","embeddable":true,"href":"https:\/\/radiorevelacionfm.cl\/index.php?rest_route=%2Fwp%2Fv2%2Ftags&post=38566"}],"curies":[{"name":"wp","href":"https:\/\/api.w.org\/{rel}","templated":true}]}}