{"id":38563,"date":"2024-01-03T19:37:27","date_gmt":"2024-01-03T22:37:27","guid":{"rendered":"https:\/\/radiorevelacionfm.cl\/?p=38563"},"modified":"2024-01-09T11:37:48","modified_gmt":"2024-01-09T14:37:48","slug":"mineduc-entrega-resultados-de-la-paes-regular-para-la-admision-2024","status":"publish","type":"post","link":"https:\/\/radiorevelacionfm.cl\/?p=38563","title":{"rendered":"Mineduc entrega resultados de la PAES Regular para la Admisi\u00f3n 2024"},"content":{"rendered":"<div class=\"flex_column av_one_full  flex_column_div av-zero-column-padding first  avia-builder-el-0  el_before_av_one_full  avia-builder-el-first  \" style='border-radius:0px; '><div  class='avia-image-container  av-styling-    avia-builder-el-1  avia-builder-el-no-sibling  avia-align-center '  itemprop=\"image\" itemscope=\"itemscope\" itemtype=\"https:\/\/schema.org\/ImageObject\"  ><div class='avia-image-container-inner'><div class='avia-image-overlay-wrap'><img decoding=\"async\" class='wp-image-36094 avia-img-lazy-loading-not-36094 avia_image' src=\"https:\/\/radiorevelacionfm.cl\/wp-content\/uploads\/2023\/10\/Seremi-Educacion-SAE-1-1.jpg\" alt='' title='Seremi Educaci\u00f3n SAE (1) (1)' height=\"600\" width=\"900\"  itemprop=\"thumbnailUrl\" srcset=\"https:\/\/radiorevelacionfm.cl\/wp-content\/uploads\/2023\/10\/Seremi-Educacion-SAE-1-1.jpg 900w, https:\/\/radiorevelacionfm.cl\/wp-content\/uploads\/2023\/10\/Seremi-Educacion-SAE-1-1-300x200.jpg 300w, https:\/\/radiorevelacionfm.cl\/wp-content\/uploads\/2023\/10\/Seremi-Educacion-SAE-1-1-768x512.jpg 768w, https:\/\/radiorevelacionfm.cl\/wp-content\/uploads\/2023\/10\/Seremi-Educacion-SAE-1-1-705x470.jpg 705w, https:\/\/radiorevelacionfm.cl\/wp-content\/uploads\/2023\/10\/Seremi-Educacion-SAE-1-1-450x300.jpg 450w, https:\/\/radiorevelacionfm.cl\/wp-content\/uploads\/2023\/10\/Seremi-Educacion-SAE-1-1-600x400.jpg 600w\" sizes=\"(max-width: 900px) 100vw, 900px\" \/><\/div><\/div><\/div><\/div><div class=\"flex_column av_one_full  flex_column_div av-zero-column-padding first  avia-builder-el-2  el_after_av_one_full  el_before_av_one_full  column-top-margin\" style='border-radius:0px; '><section class=\"av_textblock_section \"  itemscope=\"itemscope\" itemtype=\"https:\/\/schema.org\/BlogPosting\" itemprop=\"blogPost\" ><div class='avia_textblock  '   itemprop=\"text\" ><p style=\"text-align: center;\"><span style=\"font-size: 18pt;\"><b><span lang=\"ES\">Mineduc entrega resultados de la PAES Regular para la Admisi\u00f3n 2024<\/span><\/b><\/span><\/p>\n<div id=\"gtx-trans\" style=\"position: absolute; left: -50px; top: 4.31534px;\">\n<div class=\"gtx-trans-icon\"><\/div>\n<\/div>\n<\/div><\/section><\/div><div class=\"flex_column av_one_full  flex_column_div av-zero-column-padding first  avia-builder-el-4  el_after_av_one_full  el_before_av_hr  column-top-margin\" style='border-radius:0px; '><section class=\"av_textblock_section \"  itemscope=\"itemscope\" itemtype=\"https:\/\/schema.org\/BlogPosting\" itemprop=\"blogPost\" ><div class='avia_textblock  '   itemprop=\"text\" ><p class=\"v1MsoNormal\" style=\"text-align: justify;\"><span lang=\"ES\">Este martes<\/span>, el ministro de Educaci\u00f3n, Nicol\u00e1s Cataldo; el subsecretario de Educaci\u00f3n\u00a0Superior, V\u00edctor Orellana;\u00a0la directora del DEMRE, Leonor Varas;\u00a0y el vicerrector acad\u00e9mico de la Universidad de Chile, Claudio Pastenes, dieron a conocer los resultados de la Prueba de Acceso a la Educaci\u00f3n Superior (PAES) Regular para la Admisi\u00f3n 2024.<\/p>\n<p class=\"v1MsoNormal\" style=\"text-align: justify;\"><span lang=\"ES\">Las autoridades informaron que<\/span>\u00a0251.877 personas rindieron la prueba en este proceso,\u00a03,9% (9.407 personas) m\u00e1s respecto al a\u00f1o anterior. El\u00a087,6%\u00a0de las personas inscritas para rendir las pruebas asisti\u00f3\u00a0a \u00e9stas, no existiendo cambios sustantivos respecto del a\u00f1o anterior.<\/p>\n<p class=\"v1MsoNormal\" style=\"text-align: justify;\">En la Regi\u00f3n de Ays\u00e9n la Seremi de Educaci\u00f3n Isabel Garrido inform\u00f3 que m\u00e1s de 1900 personas estaban inscritas para rendir el examen, de las cuales \u00a0un 85 por ciento asisti\u00f3 a rendir el examen un porcentaje similar al nacional.<\/p>\n<p class=\"v1MsoNormal\" style=\"text-align: justify;\">Se destaca en todo Chile el aumento de inscritos para rendir la Prueba de Matem\u00e1tica 2 (ex espec\u00edfica), registr\u00e1ndose un aumento de mujeres inscritas, estudiantes de colegio p\u00fablicos y t\u00e9cnico profesionales, lo que a juicio de la seremi \u201cEs una buena noticia porque denota inter\u00e9s por estudiar carreras relacionadas con la Ciencia, la Matem\u00e1tica y la tecnolog\u00eda por parte de esos grupos de estudiantes\u201d.<\/p>\n<p class=\"v1MsoNormal\" style=\"text-align: justify;\">Respecto a los puntajes regionales, la autoridad sectorial coment\u00f3 que \u201cSon en promedio bastante similares al nivel nacional, donde el puntaje m\u00e1s elevado se concentra en la competencia lectora en torno a 600 puntos y el puntaje m\u00e1s descendido est\u00e1 en la Prueba de Matem\u00e1tica 2 que es una prueba de conocimientos espec\u00edficos que es rendida principalmente por estudiantes que desean ingresar a ingenier\u00edas y ah\u00ed el porcentaje promedio bordea los 400 puntos. En nuestra regi\u00f3n destacaremos a 5 estudiantes que han obtenido Distinci\u00f3n por Trayectorias Educativas ( DTE) en un encuentro con autoridades regionales este jueves\u201d.<\/p>\n<p class=\"v1MsoNormal\" style=\"text-align: justify;\">Isabel Garrido record\u00f3 que las PAES reemplaza desde hace dos a\u00f1os a la PSU y busca ir avanzando hacia un sistema de acceso a la educaci\u00f3n superior con criterios de mayor justicia educativa y que responda realmente a las necesidades de la educaci\u00f3n en el siglo XXI. Uno d ellos cambios m\u00e1s importantes que introduce la PAES es que se enfoca en la evaluaci\u00f3n de competencias complejas y habilidades antes que en contenidos memor\u00edsticos. Con ello permite predecir de mejor manera el desempe\u00f1o futuro en la educaci\u00f3n superior e ir avanzando en acortar brechas en los resultados. Esto se complementa con otras medidas como la ampliaci\u00f3n del programa PACE y el programa de acceso a m\u00e1s mujeres cient\u00edficas en m\u00e1s de 2.300 vacantes adicionales a nivel pa\u00eds para las mujeres que quieren estudiar ciencia,\u00a0 tecnolog\u00eda y matem\u00e1tica. Todas estas son muy buenas noticias y son frutos de un consenso pa\u00eds que hemos alcanzado como pa\u00eds para tener un sistema de educaci\u00f3n superior m\u00e1s equitativo\u201d,<\/p>\n<p class=\"v1MsoNormal\" style=\"text-align: justify;\"><span lang=\"ES\">Las autoridades de Educaci\u00f3n destacan que\u00a0<\/span>ha aumentado la cantidad de estudiantes que hoy pueden postular gracias a\u00a0su resultado, lo que significa que en todo el pa\u00eds m\u00e1s de 220\u00a0mil estudiantes\u00a0pueden optar a alguna carrera de educaci\u00f3n superior.<\/p>\n<p class=\"v1MsoNormal\" style=\"text-align: justify;\">\u201cTambi\u00e9n evaluamos el comportamiento de\u00a0este instrumento respecto a la PAES del a\u00f1o pasado, y vemos que se est\u00e1\u00a0consolidando un instrumento que genera estabilidad, que muestra comportamientos normales,\u00a0y eso es muy importante, porque da\u00a0certezas a los estudiantes\u00a0y consolida una serie de cambios que se han hecho en los mecanismos de acceso.<\/p>\n<p class=\"v1MsoNormal\" style=\"text-align: justify;\"><b><span lang=\"ES\">Otras cifras relevantes<\/span><\/b><\/p>\n<p class=\"v1MsoNormal\" style=\"text-align: justify;\"><span lang=\"ES\">En esta aplicaci\u00f3n\u00a0<\/span>2023 de la PAES\u00a0-tanto de invierno como regular- se observ\u00f3 que 10.179 personas\u00a0en situaci\u00f3n de discapacidad y\/o con necesidades educativas especiales\u00a0rindieron con alg\u00fan tipo de adecuaci\u00f3n o ajuste, lo que representa un aumento del 56% respecto del a\u00f1o anterior.<\/p>\n<p class=\"v1MsoNormal\" style=\"text-align: justify;\"><span lang=\"ES\">P<\/span>or primera vez, estudiantes de la generaci\u00f3n anterior (egresados en\u00a02022) que no hayan podido acceder a la universidad en el Proceso de Admisi\u00f3n 2023\u00a0podr\u00e1n utilizar el cupo PACE. De esta forma, se ampl\u00edan las oportunidades para las y los estudiantes, no dependiendo de una \u00fanica instancia de rendici\u00f3n para acceder a la universidad. Adem\u00e1s, se ampli\u00f3 el n\u00famero de vacantes disponibles, especialmente en carreras de mayor demanda.<\/p>\n<p class=\"v1MsoNormal\" style=\"text-align: justify;\"><span lang=\"ES\">Finalmente, y c<\/span>on el fin de reducir las brechas que existen en el ingreso de mujeres a carreras del \u00e1rea de las ciencias, tecnolog\u00eda, ingenier\u00eda y matem\u00e1tica (conocidas como STEM, por su sigla en ingl\u00e9s), se implementaron\u00a0los cupos M\u00e1s Mujeres Cient\u00edficas (+MC). Son m\u00e1s de 2.300 vacantes\u00a0que\u00a0estar\u00e1n disponibles en 410 carreras de 39 universidades adscritas, no requiriendo una postulaci\u00f3n adicional.<\/p>\n<p class=\"v1MsoNormal\" style=\"text-align: justify;\"><b><span lang=\"ES\">Lo<\/span><\/b><b>\u00a0que viene<\/b><\/p>\n<p class=\"v1MsoNormal\" style=\"text-align: justify;\"><span lang=\"ES\">Con la entrega de los resultados de la Prueba de Acceso a la Educaci\u00f3n Superior (PAES), se dio por finalizado el proceso de rendici\u00f3n<\/span>,\u00a0dando paso ahora a las postulaciones a las universidades.\u00a0Este proceso ir\u00e1 desde el martes 2 de enero, a las 09:00 horas, hasta el viernes 5 de enero, a las 13:00 horas.<\/p>\n<p class=\"v1MsoNormal\" style=\"text-align: justify;\"><span lang=\"ES\">Posteriormente, se entregar\u00e1n los resultados de selecci\u00f3n\u00a0<\/span>el martes 16 enero, a las 12 del d\u00eda, dando paso al primer per\u00edodo de matr\u00edcula desde el mi\u00e9rcoles 17 al viernes 19 de enero, exclusivo para los seleccionados. Para los convocados desde las listas de espera, el proceso de matr\u00edcula ser\u00e1 del 20 al 26 de enero.<\/p>\n<\/div><\/section><\/div><div  style='height:50px' class='hr hr-invisible   avia-builder-el-6  el_after_av_one_full  el_before_av_social_share '><span class='hr-inner ' ><span class='hr-inner-style'><\/span><\/span><\/div><\/p>\n<div  class='av-social-sharing-box  avia-builder-el-7  el_after_av_hr  el_before_av_hr  '><div class='av-share-box'><h5 class='av-share-link-description av-no-toc '>Compartir esta noticia<\/h5><ul class='av-share-box-list noLightbox'><li class='av-share-link av-social-link-facebook' ><a target=\"_blank\" aria-label=\"Compartir en Facebook\" href='https:\/\/www.facebook.com\/sharer.php?u=https:\/\/radiorevelacionfm.cl\/?p=38563&#038;t=Mineduc%20entrega%20resultados%20de%20la%20PAES%20Regular%20para%20la%20Admisi%C3%B3n%202024' aria-hidden='false' data-av_icon='\ue8f3' data-av_iconfont='entypo-fontello' title='' data-avia-related-tooltip='Compartir en Facebook' rel=\"noopener\"><span class='avia_hidden_link_text'>Compartir en Facebook<\/span><\/a><\/li><li class='av-share-link av-social-link-twitter' ><a target=\"_blank\" aria-label=\"Compartir en Twitter\" href='https:\/\/twitter.com\/share?text=Mineduc%20entrega%20resultados%20de%20la%20PAES%20Regular%20para%20la%20Admisi%C3%B3n%202024&#038;url=https:\/\/radiorevelacionfm.cl\/?p=38563' aria-hidden='false' data-av_icon='\ue8f1' data-av_iconfont='entypo-fontello' title='' data-avia-related-tooltip='Compartir en Twitter' rel=\"noopener\"><span class='avia_hidden_link_text'>Compartir en Twitter<\/span><\/a><\/li><li class='av-share-link av-social-link-whatsapp' ><a target=\"_blank\" aria-label=\"Compartir en Whatsapp\" href='https:\/\/api.whatsapp.com\/send?text=https:\/\/radiorevelacionfm.cl\/?p=38563' aria-hidden='false' data-av_icon='\uf232' data-av_iconfont='entypo-fontello' title='' data-avia-related-tooltip='Compartir en Whatsapp' rel=\"noopener\"><span class='avia_hidden_link_text'>Compartir en Whatsapp<\/span><\/a><\/li><li class='av-share-link av-social-link-linkedin' ><a target=\"_blank\" aria-label=\"Compartir en LinkedIn\" href='https:\/\/linkedin.com\/shareArticle?mini=true&#038;title=Mineduc%20entrega%20resultados%20de%20la%20PAES%20Regular%20para%20la%20Admisi%C3%B3n%202024&#038;url=https:\/\/radiorevelacionfm.cl\/?p=38563' aria-hidden='false' data-av_icon='\ue8fc' data-av_iconfont='entypo-fontello' title='' data-avia-related-tooltip='Compartir en LinkedIn' rel=\"noopener\"><span class='avia_hidden_link_text'>Compartir en LinkedIn<\/span><\/a><\/li><li class='av-share-link av-social-link-mail' ><a  aria-label=\"Compartir por correo\" href='mailto:?subject=Mineduc%20entrega%20resultados%20de%20la%20PAES%20Regular%20para%20la%20Admisi%C3%B3n%202024&#038;body=https:\/\/radiorevelacionfm.cl\/?p=38563' aria-hidden='false' data-av_icon='\ue805' data-av_iconfont='entypo-fontello' title='' data-avia-related-tooltip='Compartir por correo'><span class='avia_hidden_link_text'>Compartir por correo<\/span><\/a><\/li><\/ul><\/div><\/div>\n<div  style='height:50px' class='hr hr-invisible   avia-builder-el-8  el_after_av_social_share  el_before_av_comments_list '><span class='hr-inner ' ><span class='hr-inner-style'><\/span><\/span><\/div>\n<div  class='av-buildercomment  av-blog-meta-html-info-disabled av-blog-meta-tag-disabled  '><\/div>\n","protected":false},"excerpt":{"rendered":"","protected":false},"author":1,"featured_media":36094,"comment_status":"open","ping_status":"open","sticky":false,"template":"","format":"standard","meta":{"footnotes":""},"categories":[49],"tags":[],"class_list":["post-38563","post","type-post","status-publish","format-standard","has-post-thumbnail","hentry","category-educacion"],"jetpack_featured_media_url":"https:\/\/radiorevelacionfm.cl\/wp-content\/uploads\/2023\/10\/Seremi-Educacion-SAE-1-1.jpg","_links":{"self":[{"href":"https:\/\/radiorevelacionfm.cl\/index.php?rest_route=\/wp\/v2\/posts\/38563","targetHints":{"allow":["GET"]}}],"collection":[{"href":"https:\/\/radiorevelacionfm.cl\/index.php?rest_route=\/wp\/v2\/posts"}],"about":[{"href":"https:\/\/radiorevelacionfm.cl\/index.php?rest_route=\/wp\/v2\/types\/post"}],"author":[{"embeddable":true,"href":"https:\/\/radiorevelacionfm.cl\/index.php?rest_route=\/wp\/v2\/users\/1"}],"replies":[{"embeddable":true,"href":"https:\/\/radiorevelacionfm.cl\/index.php?rest_route=%2Fwp%2Fv2%2Fcomments&post=38563"}],"version-history":[{"count":1,"href":"https:\/\/radiorevelacionfm.cl\/index.php?rest_route=\/wp\/v2\/posts\/38563\/revisions"}],"predecessor-version":[{"id":38564,"href":"https:\/\/radiorevelacionfm.cl\/index.php?rest_route=\/wp\/v2\/posts\/38563\/revisions\/38564"}],"wp:featuredmedia":[{"embeddable":true,"href":"https:\/\/radiorevelacionfm.cl\/index.php?rest_route=\/wp\/v2\/media\/36094"}],"wp:attachment":[{"href":"https:\/\/radiorevelacionfm.cl\/index.php?rest_route=%2Fwp%2Fv2%2Fmedia&parent=38563"}],"wp:term":[{"taxonomy":"category","embeddable":true,"href":"https:\/\/radiorevelacionfm.cl\/index.php?rest_route=%2Fwp%2Fv2%2Fcategories&post=38563"},{"taxonomy":"post_tag","embeddable":true,"href":"https:\/\/radiorevelacionfm.cl\/index.php?rest_route=%2Fwp%2Fv2%2Ftags&post=38563"}],"curies":[{"name":"wp","href":"https:\/\/api.w.org\/{rel}","templated":true}]}}